{"id":913,"date":"2011-05-31T20:52:37","date_gmt":"2011-05-31T18:52:37","guid":{"rendered":"http:\/\/artnroll.net\/home\/?p=913"},"modified":"2017-02-22T14:51:33","modified_gmt":"2017-02-22T13:51:33","slug":"interview-de-flo-guitariste-rythmique-et-chanteur-du-groupe-arkan-mai-2011","status":"publish","type":"post","link":"https:\/\/www.artnroll.net\/home\/?p=913","title":{"rendered":"Interview de Flo, guitariste rythmique et chanteur du groupe ARKAN mai 2011"},"content":{"rendered":"<p><img loading=\"lazy\" decoding=\"async\" class=\"aligncenter size-full wp-image-1113\" alt=\"ARKAN004\" src=\"http:\/\/artnroll.net\/home\/wp-content\/uploads\/2011\/05\/ARKAN004.jpg\" width=\"500\" height=\"334\" srcset=\"https:\/\/www.artnroll.net\/home\/wp-content\/uploads\/2011\/05\/ARKAN004.jpg 500w, https:\/\/www.artnroll.net\/home\/wp-content\/uploads\/2011\/05\/ARKAN004-300x200.jpg 300w, https:\/\/www.artnroll.net\/home\/wp-content\/uploads\/2011\/05\/ARKAN004-420x280.jpg 420w\" sizes=\"auto, (max-width: 500px) 100vw, 500px\" \/><\/p>\n<p>Il est 17h30, plus que 2 heures avant l\u2019ouverture des portes de la Maroquinerie pour le concert d\u2019<b>Arkan<\/b>\u00a0qui est en t\u00eate d\u2019affiche, ainsi que\u00a0<b>Sideblast<\/b>\u00a0en premi\u00e8re partie. La presse s\u2019active sur la terrasse ensoleill\u00e9e pour effectuer leurs diff\u00e9rentes interviews des artistes. C\u2019est notre tour, nous allons poser quelques questions \u00e0 Flo, guitariste rythmique et chanteur d\u2019<b>Arkan<\/b>. Voici ce qui en a r\u00e9sult\u00e9\u00a0:<\/p>\n<p><b>Art\u2019N\u2019Roll : Salut Flo\u00a0!<\/b><\/p>\n<p><b>Flo :<\/b>\u00a0Salut\u00a0!<\/p>\n<p><b>A\u2019N\u2019R : Premi\u00e8re question, est ce que tu peux nous pr\u00e9senter ton dernier album Salam ?<\/b><\/p>\n<p><b>Flo :<\/b>\u00a0Salam c\u2019est album qui s\u2019inscrit dans la lign\u00e9e de ce qu\u2019on avait d\u00e9j\u00e0 fait avec l\u2019EP Burning Flesh et le premier album qui s\u2019appelle Hilal. Salam, c\u2019est pour simplifier un Hillal qui est beaucoup plus pouss\u00e9 sur les sonorit\u00e9s orientales. On a voulu vraiment mettre le paquet la dessus et ce qui diff\u00e8re d\u2019<b>Hilal<\/b>\u00a0c\u2019est aussi notre fa\u00e7on de composer, c&rsquo;est-\u00e0-dire que sur ce dernier on avait d\u2019abord composer les parties M\u00e9tal qu\u2019on avait agr\u00e9ment\u00e9 de structures et m\u00e9lodies orientales. Et l\u00e0 on a fait le process inverse, on a compos\u00e9 en oriental puis \u00ab\u00a0m\u00e9tallis\u00e9\u00a0\u00bb le tout. Ce qui fait que Salam est un album qui est plus typ\u00e9 oriental, plus m\u00e9lodique et qui a plus de place pour les parties instrumentales.<\/p>\n<p><b>A\u2019N\u2019R : Au niveau du temps d\u2019enregistrement ?<img loading=\"lazy\" decoding=\"async\" class=\"alignright size-full wp-image-1114\" alt=\"ARKAN005\" src=\"http:\/\/artnroll.net\/home\/wp-content\/uploads\/2011\/05\/ARKAN005.jpg\" width=\"300\" height=\"450\" srcset=\"https:\/\/www.artnroll.net\/home\/wp-content\/uploads\/2011\/05\/ARKAN005.jpg 300w, https:\/\/www.artnroll.net\/home\/wp-content\/uploads\/2011\/05\/ARKAN005-200x300.jpg 200w\" sizes=\"auto, (max-width: 300px) 100vw, 300px\" \/><\/b><\/p>\n<p><b><\/b><b>Flo :<\/b>\u00a0On a fait deux semaines en Su\u00e8des au studio Fredman.<\/p>\n<p><b>A\u2019N\u2019R : Et au niveau ambiance c\u2019\u00e9tait comment ?<\/b><\/p>\n<p><b>Flo :<\/b>\u00a0C\u2019\u00e9tait tr\u00e8s studieux parce que on avait un d\u00e9lai tr\u00e8s court et on \u00e9tait ultra pr\u00e9par\u00e9 depuis d\u00e9j\u00e0 quelque mois, on se mettait en condition r\u00e9elle. On connaissait Fredrik Nordstr\u00f6m car on avait d\u00e9j\u00e0 travaill\u00e9 avec lui donc on ne partait pas \u00e0 l\u2019aventure, on savait comment il fallait travailler avec lui. Et on a travaill\u00e9 comme des acharn\u00e9s avec quasiment pas de temps-morts, on se relayait, et on l\u2019a enregistr\u00e9 en une semaine et demie et le reste pour le mixage.<\/p>\n<p><b>A\u2019N\u2019R : Donc assez\u00a0\u00a0difficile \u00e0 enregistrer ?<\/b><\/p>\n<p><b>Flo :<\/b>\u00a0Pas difficile \u00e0 enregistrer mais juste on avait beaucoup de chose \u00e0 enregistrer en un temps tr\u00e8s r\u00e9duit.<\/p>\n<p><b>A\u2019N\u2019R : Qu\u2019avez-vous pr\u00e9vu pour promouvoir votre album ? Concert\u00a0? Festival\u00a0?<\/b><\/p>\n<p><b>Flo :<\/b>\u00a0On va faire le Motocultor cet \u00e9t\u00e9, en ao\u00fbt, ce soir la Maroquinerie, on a fait le Bataclan en premi\u00e8re partie de Paradise Lost il y a trois semaines de \u00e7a. Et on est en train de booker une tourn\u00e9e europ\u00e9enne pour la fin de l\u2019ann\u00e9e, cela nous prend beaucoup de temps mais \u00e7a va \u00eatre une belle tourn\u00e9e. On a aussi des dates avec Arch Enemy \u00e0 la fin de l\u2019ann\u00e9e, quatre en France, ce qui va \u00eatre aussi de beaux concerts. Et \u00e0 cot\u00e9 de tout ca il y a aussi la promo.<\/p>\n<p><b>A\u2019N\u2019R : Justement \u00e0 propos de votre image promotionnelle, est-ce que les fans peuvent trouver des goodies Arkan ?<\/b><\/p>\n<p><b>Flo :<\/b>\u00a0On a des goodies classiques\u00a0: t-shirt, sweat, cd, etc. Mais pour la tourn\u00e9e qui se pr\u00e9pare \u00e0 la fin de l\u2019ann\u00e9e on est en train de refaire des goodies qui sont proches de l\u2019univers graphique de Salam et il va y en avoir beaucoup plus.<\/p>\n<p><b>A\u2019N\u2019R : Comment s\u2019est form\u00e9 le groupe ? Est ce que c\u2019est vos origines qui se sont gliss\u00e9es dans votre style ou c\u2019est vous qui en avez convenue auparavant ?<\/b><\/p>\n<p><b>Flo :<\/b>\u00a0C\u2019est Foued qui a lanc\u00e9 l\u2019id\u00e9e. Il faisait partie de The old dead tree \u00e0 l\u2019\u00e9poque et pour lui c\u2019\u00e9tait un r\u00eave. Ca faisait un moment qu\u2019il voulait monter un groupe de M\u00e9tal avec des ambiances orientales. C\u2019est donc un projet de longue date mais le probl\u00e8me c\u2019est qu\u2019il n\u2019arrivait pas \u00e0 trouver les musiciens. Parce que lorsqu\u2019on fait ce type de musique il faut \u00eatre habitu\u00e9 \u00e0 entendre ces ambiances orientale et si possible parler arabe, c\u2019est plus facile pour certains textes. Bref, faut avoir un certain background qui aille bien avec ce projet. Il a donc cherch\u00e9 des musiciens, il a rencontr\u00e9 Sam et Mus qui venaient d\u2019Alg\u00e9rie et qui on \u00e9t\u00e9 berc\u00e9s dans cette culture du Maghreb. Voila, c\u2019est un concours de circonstance, les gens se sont retrouv\u00e9s au bon moment et la coh\u00e9sion s\u2019est faite. Moi j\u2019ai int\u00e9gr\u00e9 le groupe tr\u00e8s peu de temps apr\u00e8s et pour l\u2019enregistrement de Salam on a rencontr\u00e9 Sarah qui a pos\u00e9 ses voix et qui est maintenant un membre a part enti\u00e8re.<\/p>\n<p><b>A\u2019N\u2019R : Pour finir, est-ce que toi et les autres membres du groupe on une activit\u00e9 artistique mis \u00e0 part la musique ?<\/b><\/p>\n<p><b>Flo :<\/b>\u00a0Non, juste par manque de temps. Nous sommes pleinement investis dans Arkan et cela nous prend tout notre temps, nous ne pouvons pas nous lancer dans d\u2019autres projets musicaux ou extramusicaux. Nous sommes tr\u00e8s concentr\u00e9s l\u00e0 dessus et nous n\u2019avons pas envie d\u2019\u00eatre dispers\u00e9s.<\/p>\n<p><b>A\u2019N\u2019R : Ok FLo, il me reste plus qu\u2019\u00e0 te souhaiter bon concert et bon courage pour ce soir\u00a0!<\/b><\/p>\n<p><b>Flo :<\/b>\u00a0Merci \u00e0 toi.<\/p>\n<p style=\"text-align: right;\">Bye Dj\u00e9<\/p>\n<p style=\"text-align: right;\"><img loading=\"lazy\" decoding=\"async\" class=\"aligncenter size-full wp-image-1115\" alt=\"ARKAN006\" src=\"http:\/\/artnroll.net\/home\/wp-content\/uploads\/2011\/05\/ARKAN006.jpg\" width=\"500\" height=\"334\" srcset=\"https:\/\/www.artnroll.net\/home\/wp-content\/uploads\/2011\/05\/ARKAN006.jpg 500w, https:\/\/www.artnroll.net\/home\/wp-content\/uploads\/2011\/05\/ARKAN006-300x200.jpg 300w, https:\/\/www.artnroll.net\/home\/wp-content\/uploads\/2011\/05\/ARKAN006-420x280.jpg 420w\" sizes=\"auto, (max-width: 500px) 100vw, 500px\" \/><\/p>\n","protected":false},"excerpt":{"rendered":"<p>Il est 17h30, plus que 2 heures avant l\u2019ouverture des portes de la Maroquinerie pour le concert d\u2019Arkan\u00a0qui est en t\u00eate d\u2019affiche, ainsi que\u00a0Sideblast\u00a0en premi\u00e8re partie. La presse s\u2019active sur la terrasse ensoleill\u00e9e pour effectuer leurs diff\u00e9rentes interviews des artistes. C\u2019est notre tour, nous allons poser quelques questions \u00e0 Flo, guitariste rythmique et chanteur d\u2019Arkan. Voici ce qui en a r\u00e9sult\u00e9\u00a0: Art\u2019N\u2019Roll : Salut Flo\u00a0! Flo :\u00a0Salut\u00a0! A\u2019N\u2019R : Premi\u00e8re question, est ce que tu peux nous pr\u00e9senter ton dernier album Salam ? Flo :\u00a0Salam c\u2019est album qui s\u2019inscrit dans la lign\u00e9e de ce qu\u2019on avait d\u00e9j\u00e0 fait avec l\u2019EP [&hellip;]<\/p>\n","protected":false},"author":1,"featured_media":1115,"comment_status":"open","ping_status":"open","sticky":false,"template":"","format":"standard","meta":{"_mi_skip_tracking":false,"_monsterinsights_sitenote_active":false,"_monsterinsights_sitenote_note":"","_monsterinsights_sitenote_category":0,"footnotes":""},"categories":[3],"tags":[293,345,234,235,246,346,11,344],"class_list":["post-913","post","type-post","status-publish","format-standard","has-post-thumbnail","hentry","category-interviews","tag-arkan","tag-flo","tag-france","tag-ile-de-france","tag-interview","tag-la-maroquinerie","tag-paris","tag-salam"],"yoast_head":"<!-- This site is optimized with the Yoast SEO plugin v23.9 - https:\/\/yoast.com\/wordpress\/plugins\/seo\/ -->\n<title>Interview de Flo, guitariste rythmique et chanteur du groupe ARKAN mai 2011 - Art&#039;n&#039;Roll Webzine<\/title>\n<meta name=\"robots\" content=\"index, follow, max-snippet:-1, max-image-preview:large, max-video-preview:-1\" \/>\n<link rel=\"canonical\" href=\"https:\/\/www.artnroll.net\/home\/?p=913\" \/>\n<meta property=\"og:locale\" content=\"fr_FR\" \/>\n<meta property=\"og:type\" content=\"article\" \/>\n<meta property=\"og:title\" content=\"Interview de Flo, guitariste rythmique et chanteur du groupe ARKAN mai 2011 - Art&#039;n&#039;Roll Webzine\" \/>\n<meta property=\"og:description\" content=\"Il est 17h30, plus que 2 heures avant l\u2019ouverture des portes de la Maroquinerie pour le concert d\u2019Arkan\u00a0qui est en t\u00eate d\u2019affiche, ainsi que\u00a0Sideblast\u00a0en premi\u00e8re partie. La presse s\u2019active sur la terrasse ensoleill\u00e9e pour effectuer leurs diff\u00e9rentes interviews des artistes. C\u2019est notre tour, nous allons poser quelques questions \u00e0 Flo, guitariste rythmique et chanteur d\u2019Arkan. Voici ce qui en a r\u00e9sult\u00e9\u00a0: Art\u2019N\u2019Roll : Salut Flo\u00a0! Flo :\u00a0Salut\u00a0! A\u2019N\u2019R : Premi\u00e8re question, est ce que tu peux nous pr\u00e9senter ton dernier album Salam ? Flo :\u00a0Salam c\u2019est album qui s\u2019inscrit dans la lign\u00e9e de ce qu\u2019on avait d\u00e9j\u00e0 fait avec l\u2019EP [&hellip;]\" \/>\n<meta property=\"og:url\" content=\"https:\/\/www.artnroll.net\/home\/?p=913\" \/>\n<meta property=\"og:site_name\" content=\"Art&#039;n&#039;Roll Webzine\" \/>\n<meta property=\"article:publisher\" content=\"https:\/\/www.facebook.com\/artnroll.net\/\" \/>\n<meta property=\"article:published_time\" content=\"2011-05-31T18:52:37+00:00\" \/>\n<meta property=\"article:modified_time\" content=\"2017-02-22T13:51:33+00:00\" \/>\n<meta property=\"og:image\" content=\"https:\/\/www.artnroll.net\/home\/wp-content\/uploads\/2011\/05\/ARKAN006.jpg\" \/>\n\t<meta property=\"og:image:width\" content=\"500\" \/>\n\t<meta property=\"og:image:height\" content=\"334\" \/>\n\t<meta property=\"og:image:type\" content=\"image\/jpeg\" \/>\n<meta name=\"author\" content=\"admin\" \/>\n<meta name=\"twitter:label1\" content=\"\u00c9crit par\" \/>\n\t<meta name=\"twitter:data1\" content=\"admin\" \/>\n\t<meta name=\"twitter:label2\" content=\"Dur\u00e9e de lecture estim\u00e9e\" \/>\n\t<meta name=\"twitter:data2\" content=\"5 minutes\" \/>\n<script type=\"application\/ld+json\" class=\"yoast-schema-graph\">{\"@context\":\"https:\/\/schema.org\",\"@graph\":[{\"@type\":\"WebPage\",\"@id\":\"https:\/\/www.artnroll.net\/home\/?p=913\",\"url\":\"https:\/\/www.artnroll.net\/home\/?p=913\",\"name\":\"Interview de Flo, guitariste rythmique et chanteur du groupe ARKAN mai 2011 - Art&#039;n&#039;Roll Webzine\",\"isPartOf\":{\"@id\":\"https:\/\/www.artnroll.net\/home\/#website\"},\"primaryImageOfPage\":{\"@id\":\"https:\/\/www.artnroll.net\/home\/?p=913#primaryimage\"},\"image\":{\"@id\":\"https:\/\/www.artnroll.net\/home\/?p=913#primaryimage\"},\"thumbnailUrl\":\"https:\/\/www.artnroll.net\/home\/wp-content\/uploads\/2011\/05\/ARKAN006.jpg\",\"datePublished\":\"2011-05-31T18:52:37+00:00\",\"dateModified\":\"2017-02-22T13:51:33+00:00\",\"author\":{\"@id\":\"https:\/\/www.artnroll.net\/home\/#\/schema\/person\/d43605ef0d5681c1b27a4ba1fede1cf4\"},\"inLanguage\":\"fr-FR\",\"potentialAction\":[{\"@type\":\"ReadAction\",\"target\":[\"https:\/\/www.artnroll.net\/home\/?p=913\"]}]},{\"@type\":\"ImageObject\",\"inLanguage\":\"fr-FR\",\"@id\":\"https:\/\/www.artnroll.net\/home\/?p=913#primaryimage\",\"url\":\"https:\/\/www.artnroll.net\/home\/wp-content\/uploads\/2011\/05\/ARKAN006.jpg\",\"contentUrl\":\"https:\/\/www.artnroll.net\/home\/wp-content\/uploads\/2011\/05\/ARKAN006.jpg\",\"width\":500,\"height\":334},{\"@type\":\"WebSite\",\"@id\":\"https:\/\/www.artnroll.net\/home\/#website\",\"url\":\"https:\/\/www.artnroll.net\/home\/\",\"name\":\"Art&#039;n&#039;Roll Webzine\",\"description\":\"Webzine on the Rocks\",\"potentialAction\":[{\"@type\":\"SearchAction\",\"target\":{\"@type\":\"EntryPoint\",\"urlTemplate\":\"https:\/\/www.artnroll.net\/home\/?s={search_term_string}\"},\"query-input\":{\"@type\":\"PropertyValueSpecification\",\"valueRequired\":true,\"valueName\":\"search_term_string\"}}],\"inLanguage\":\"fr-FR\"},{\"@type\":\"Person\",\"@id\":\"https:\/\/www.artnroll.net\/home\/#\/schema\/person\/d43605ef0d5681c1b27a4ba1fede1cf4\",\"name\":\"admin\",\"image\":{\"@type\":\"ImageObject\",\"inLanguage\":\"fr-FR\",\"@id\":\"https:\/\/www.artnroll.net\/home\/#\/schema\/person\/image\/\",\"url\":\"https:\/\/secure.gravatar.com\/avatar\/1940c08191c3d3c9f9bbd2b239b7a32228ca537279ed8e874314399591bda60e?s=96&d=mm&r=g\",\"contentUrl\":\"https:\/\/secure.gravatar.com\/avatar\/1940c08191c3d3c9f9bbd2b239b7a32228ca537279ed8e874314399591bda60e?s=96&d=mm&r=g\",\"caption\":\"admin\"},\"url\":\"https:\/\/www.artnroll.net\/home\/?author=1\"}]}<\/script>\n<!-- \/ Yoast SEO plugin. -->","yoast_head_json":{"title":"Interview de Flo, guitariste rythmique et chanteur du groupe ARKAN mai 2011 - Art&#039;n&#039;Roll Webzine","robots":{"index":"index","follow":"follow","max-snippet":"max-snippet:-1","max-image-preview":"max-image-preview:large","max-video-preview":"max-video-preview:-1"},"canonical":"https:\/\/www.artnroll.net\/home\/?p=913","og_locale":"fr_FR","og_type":"article","og_title":"Interview de Flo, guitariste rythmique et chanteur du groupe ARKAN mai 2011 - Art&#039;n&#039;Roll Webzine","og_description":"Il est 17h30, plus que 2 heures avant l\u2019ouverture des portes de la Maroquinerie pour le concert d\u2019Arkan\u00a0qui est en t\u00eate d\u2019affiche, ainsi que\u00a0Sideblast\u00a0en premi\u00e8re partie. La presse s\u2019active sur la terrasse ensoleill\u00e9e pour effectuer leurs diff\u00e9rentes interviews des artistes. C\u2019est notre tour, nous allons poser quelques questions \u00e0 Flo, guitariste rythmique et chanteur d\u2019Arkan. Voici ce qui en a r\u00e9sult\u00e9\u00a0: Art\u2019N\u2019Roll : Salut Flo\u00a0! Flo :\u00a0Salut\u00a0! A\u2019N\u2019R : Premi\u00e8re question, est ce que tu peux nous pr\u00e9senter ton dernier album Salam ? Flo :\u00a0Salam c\u2019est album qui s\u2019inscrit dans la lign\u00e9e de ce qu\u2019on avait d\u00e9j\u00e0 fait avec l\u2019EP [&hellip;]","og_url":"https:\/\/www.artnroll.net\/home\/?p=913","og_site_name":"Art&#039;n&#039;Roll Webzine","article_publisher":"https:\/\/www.facebook.com\/artnroll.net\/","article_published_time":"2011-05-31T18:52:37+00:00","article_modified_time":"2017-02-22T13:51:33+00:00","og_image":[{"width":500,"height":334,"url":"https:\/\/www.artnroll.net\/home\/wp-content\/uploads\/2011\/05\/ARKAN006.jpg","type":"image\/jpeg"}],"author":"admin","twitter_misc":{"\u00c9crit par":"admin","Dur\u00e9e de lecture estim\u00e9e":"5 minutes"},"schema":{"@context":"https:\/\/schema.org","@graph":[{"@type":"WebPage","@id":"https:\/\/www.artnroll.net\/home\/?p=913","url":"https:\/\/www.artnroll.net\/home\/?p=913","name":"Interview de Flo, guitariste rythmique et chanteur du groupe ARKAN mai 2011 - Art&#039;n&#039;Roll Webzine","isPartOf":{"@id":"https:\/\/www.artnroll.net\/home\/#website"},"primaryImageOfPage":{"@id":"https:\/\/www.artnroll.net\/home\/?p=913#primaryimage"},"image":{"@id":"https:\/\/www.artnroll.net\/home\/?p=913#primaryimage"},"thumbnailUrl":"https:\/\/www.artnroll.net\/home\/wp-content\/uploads\/2011\/05\/ARKAN006.jpg","datePublished":"2011-05-31T18:52:37+00:00","dateModified":"2017-02-22T13:51:33+00:00","author":{"@id":"https:\/\/www.artnroll.net\/home\/#\/schema\/person\/d43605ef0d5681c1b27a4ba1fede1cf4"},"inLanguage":"fr-FR","potentialAction":[{"@type":"ReadAction","target":["https:\/\/www.artnroll.net\/home\/?p=913"]}]},{"@type":"ImageObject","inLanguage":"fr-FR","@id":"https:\/\/www.artnroll.net\/home\/?p=913#primaryimage","url":"https:\/\/www.artnroll.net\/home\/wp-content\/uploads\/2011\/05\/ARKAN006.jpg","contentUrl":"https:\/\/www.artnroll.net\/home\/wp-content\/uploads\/2011\/05\/ARKAN006.jpg","width":500,"height":334},{"@type":"WebSite","@id":"https:\/\/www.artnroll.net\/home\/#website","url":"https:\/\/www.artnroll.net\/home\/","name":"Art&#039;n&#039;Roll Webzine","description":"Webzine on the Rocks","potentialAction":[{"@type":"SearchAction","target":{"@type":"EntryPoint","urlTemplate":"https:\/\/www.artnroll.net\/home\/?s={search_term_string}"},"query-input":{"@type":"PropertyValueSpecification","valueRequired":true,"valueName":"search_term_string"}}],"inLanguage":"fr-FR"},{"@type":"Person","@id":"https:\/\/www.artnroll.net\/home\/#\/schema\/person\/d43605ef0d5681c1b27a4ba1fede1cf4","name":"admin","image":{"@type":"ImageObject","inLanguage":"fr-FR","@id":"https:\/\/www.artnroll.net\/home\/#\/schema\/person\/image\/","url":"https:\/\/secure.gravatar.com\/avatar\/1940c08191c3d3c9f9bbd2b239b7a32228ca537279ed8e874314399591bda60e?s=96&d=mm&r=g","contentUrl":"https:\/\/secure.gravatar.com\/avatar\/1940c08191c3d3c9f9bbd2b239b7a32228ca537279ed8e874314399591bda60e?s=96&d=mm&r=g","caption":"admin"},"url":"https:\/\/www.artnroll.net\/home\/?author=1"}]}},"_links":{"self":[{"href":"https:\/\/www.artnroll.net\/home\/index.php?rest_route=\/wp\/v2\/posts\/913","targetHints":{"allow":["GET"]}}],"collection":[{"href":"https:\/\/www.artnroll.net\/home\/index.php?rest_route=\/wp\/v2\/posts"}],"about":[{"href":"https:\/\/www.artnroll.net\/home\/index.php?rest_route=\/wp\/v2\/types\/post"}],"author":[{"embeddable":true,"href":"https:\/\/www.artnroll.net\/home\/index.php?rest_route=\/wp\/v2\/users\/1"}],"replies":[{"embeddable":true,"href":"https:\/\/www.artnroll.net\/home\/index.php?rest_route=%2Fwp%2Fv2%2Fcomments&post=913"}],"version-history":[{"count":5,"href":"https:\/\/www.artnroll.net\/home\/index.php?rest_route=\/wp\/v2\/posts\/913\/revisions"}],"predecessor-version":[{"id":1118,"href":"https:\/\/www.artnroll.net\/home\/index.php?rest_route=\/wp\/v2\/posts\/913\/revisions\/1118"}],"wp:featuredmedia":[{"embeddable":true,"href":"https:\/\/www.artnroll.net\/home\/index.php?rest_route=\/wp\/v2\/media\/1115"}],"wp:attachment":[{"href":"https:\/\/www.artnroll.net\/home\/index.php?rest_route=%2Fwp%2Fv2%2Fmedia&parent=913"}],"wp:term":[{"taxonomy":"category","embeddable":true,"href":"https:\/\/www.artnroll.net\/home\/index.php?rest_route=%2Fwp%2Fv2%2Fcategories&post=913"},{"taxonomy":"post_tag","embeddable":true,"href":"https:\/\/www.artnroll.net\/home\/index.php?rest_route=%2Fwp%2Fv2%2Ftags&post=913"}],"curies":[{"name":"wp","href":"https:\/\/api.w.org\/{rel}","templated":true}]}}