{"id":863,"date":"2012-03-30T16:45:16","date_gmt":"2012-03-30T14:45:16","guid":{"rendered":"http:\/\/artnroll.net\/home\/?p=863"},"modified":"2017-02-22T14:50:50","modified_gmt":"2017-02-22T13:50:50","slug":"conference-de-presse-du-hellfest-edition-2012-mars-2012","status":"publish","type":"post","link":"https:\/\/www.artnroll.net\/home\/?p=863","title":{"rendered":"Conf\u00e9rence de presse du Hellfest \u00e9dition 2012 Mars 2012"},"content":{"rendered":"<p>&nbsp;<\/p>\n<p><img loading=\"lazy\" decoding=\"async\" class=\"aligncenter size-full wp-image-1045\" alt=\"_DSC4723\" src=\"http:\/\/artnroll.net\/home\/wp-content\/uploads\/2012\/03\/DSC4723.jpg\" width=\"600\" height=\"399\" srcset=\"https:\/\/www.artnroll.net\/home\/wp-content\/uploads\/2012\/03\/DSC4723.jpg 600w, https:\/\/www.artnroll.net\/home\/wp-content\/uploads\/2012\/03\/DSC4723-300x199.jpg 300w, https:\/\/www.artnroll.net\/home\/wp-content\/uploads\/2012\/03\/DSC4723-420x280.jpg 420w\" sizes=\"auto, (max-width: 600px) 100vw, 600px\" \/><\/p>\n<p>&nbsp;<\/p>\n<p>En pr\u00e9sence d\u2019une partie de l\u2019\u00e9quipe \u00e0 plein temps:<\/p>\n<p><strong>Ben<\/strong>\u00a0: Directeur du Hellfest<\/p>\n<p><strong>Guillaume<\/strong>\u00a0: Directeur technique, mise en place des infrastructures<\/p>\n<p><strong>Johan<\/strong>\u00a0: Partenariat<\/p>\n<p><strong>Jeff\u00a0<\/strong>: Communication<\/p>\n<p><strong>H\u00e9l\u00e8ne<\/strong>\u00a0: Comptabilit\u00e9 et accueil des artistes<\/p>\n<p><strong>Olivier<\/strong>\u00a0: Promotion \/ Communication<\/p>\n<p><strong>Roger<\/strong>\u00a0: Promotion \/Communication<\/p>\n<p>&nbsp;<\/p>\n<p>Le site s\u2019agrandit cette ann\u00e9e et sera d\u00e9localis\u00e9 de 500 m\u00e8tres. Ce n\u2019est pas une ann\u00e9e \u00ab\u00a0z\u00e9ro\u00a0\u00bb. Le personnel engag\u00e9 est comp\u00e9tent et exp\u00e9riment\u00e9 gr\u00e2ce aux \u00e9ditions pr\u00e9c\u00e9dentes. Cela sera forcement diff\u00e9rent mais toujours avec cette volont\u00e9 de proposer une affiche \u00e9clectique et un site viable et agr\u00e9able.<\/p>\n<p>Quelques chiffres\u00a0:<br \/>\n<strong>6 sc\u00e8nes.<\/strong><br \/>\n<strong>170 groupes.<\/strong><br \/>\n<strong>Une grosse \u00e9quipe salari\u00e9e et 2000 b\u00e9n\u00e9voles.<\/strong><br \/>\n<strong>Une capacit\u00e9 d\u2019accueil de 35\u00a0000 personnes par jour (contre 20\u00a0000 en 2011).<\/strong><\/p>\n<p>Les <strong>Main stages 1 et 2<\/strong> seront les m\u00eames qu\u2019en 2010 au vu des shows des t\u00eates d\u2019affiche et de la logistique demand\u00e9e. La capacit\u00e9 d\u2019accueil face \u00e0 la Main stage sera de <strong>15\u00a0000 \u00e0 20\u00a0000 personnes<\/strong>.<img loading=\"lazy\" decoding=\"async\" class=\"alignright size-medium wp-image-1049\" alt=\"_DSC4750\" src=\"http:\/\/artnroll.net\/home\/wp-content\/uploads\/2012\/03\/DSC4750-300x199.jpg\" width=\"300\" height=\"199\" srcset=\"https:\/\/www.artnroll.net\/home\/wp-content\/uploads\/2012\/03\/DSC4750-300x199.jpg 300w, https:\/\/www.artnroll.net\/home\/wp-content\/uploads\/2012\/03\/DSC4750-420x280.jpg 420w, https:\/\/www.artnroll.net\/home\/wp-content\/uploads\/2012\/03\/DSC4750.jpg 600w\" sizes=\"auto, (max-width: 300px) 100vw, 300px\" \/><\/p>\n<p>La <strong>Rock Hard Tent<\/strong> devient la <strong>Warzone<\/strong> et sera toujours ouverte sur tous les cot\u00e9s\u00a0: <strong>6000 personnes<\/strong>.<\/p>\n<p>La <strong>Terrorizer Tent<\/strong> devient la <strong>Valley<\/strong>\u00a0: <strong>4000 personnes<\/strong>.<\/p>\n<p>La <strong>Altar<\/strong> et la <strong>Temple<\/strong> qui seront sous un m\u00eame chapiteau et abriteront <strong>2\u00a0000 personnes<\/strong><\/p>\n<p>Le Hellfest a obtenu des subventions de la part des collectivit\u00e9s territoriales afin de r\u00e9aliser des travaux importants pour le confort des festivaliers qui augmentent de 30 % cette ann\u00e9e. 500\u00a0000 euros d\u2019investissement. L\u2019accent sera aussi mis aussi sur la d\u00e9coration du site ainsi que la sc\u00e9nographie.<\/p>\n<p>Le m\u00e9tal Corner fermera, comme chaque ann\u00e9e \u00e0 4 heures. Horaire d\u00e9cid\u00e9 d\u2019un commun accord avec les autorit\u00e9s locales, d\u2019autant plus que la d\u00e9localisation du site rapproche le Hellfest du quartier r\u00e9sidentiel.<\/p>\n<p>Le camping ne sera toujours pas accessible aux voitures, la mise en place \u00e9tant trop difficile aux vues de la fragilit\u00e9 (terre viticole) et de la trop petite taille du terrain allou\u00e9.<\/p>\n<p>Les m\u00e9dias audiovisuels\u00a0\u00a0seront pr\u00e9sents encore cette ann\u00e9e. Un partenariat avec la cha\u00eene de t\u00e9l\u00e9 <strong>Direct Star<\/strong> a \u00e9t\u00e9 mis en place. <strong>Arte France<\/strong> viendra faire un reportage sur le Hellfest afin de l\u2019int\u00e9grer dans un documentaire intitul\u00e9 \u00ab\u00a0les rebelles\u00a0\u00bb. <strong>Arte web<\/strong> sera aussi pr\u00e9sent.<\/p>\n<p>Les acteurs du Hellfest tiennent tout de m\u00eame \u00e0 pr\u00e9ciser qu\u2019ils n\u2019ont aucune intention d\u2019institutionnaliser leur \u00e9v\u00e8nement ni de faire l\u2019apologie du rock\/m\u00e9tal au sens large. L\u2019\u00e9v\u00e8nement prend de l\u2019importance, il est donc normal que les m\u00e9dias s\u2019y int\u00e9ressent.<\/p>\n<p>Il est \u00e0 noter que 25 % des festivaliers proviennent de l\u2019\u00e9tranger. Des structures de voyage organis\u00e9 en bus vers Clisson, notamment depuis l\u2019Espagne et l\u2019Angleterre, ont \u00e9t\u00e9 mises en place en partenariat avec le festival. Un blog du Hellfest en espagnol a aussi \u00e9t\u00e9 cr\u00e9\u00e9 pour l\u2019occasion.<img loading=\"lazy\" decoding=\"async\" class=\"alignright size-medium wp-image-1048\" alt=\"_DSC4760\" src=\"http:\/\/artnroll.net\/home\/wp-content\/uploads\/2012\/03\/DSC4760-300x199.jpg\" width=\"300\" height=\"199\" srcset=\"https:\/\/www.artnroll.net\/home\/wp-content\/uploads\/2012\/03\/DSC4760-300x199.jpg 300w, https:\/\/www.artnroll.net\/home\/wp-content\/uploads\/2012\/03\/DSC4760-420x280.jpg 420w, https:\/\/www.artnroll.net\/home\/wp-content\/uploads\/2012\/03\/DSC4760.jpg 600w\" sizes=\"auto, (max-width: 300px) 100vw, 300px\" \/><\/p>\n<p>Les journalistes jouiront d\u2019une salle de conf\u00e9rence de presse ainsi que d\u2019un espace \u00e9quip\u00e9 en PC. En ce qui concernent les t\u00eates d\u2019affiche, les demandes d\u2019accr\u00e9ditation photo devront se faire aupr\u00e8s des maisons de disque et management. Tout le monde n\u2019aura pas acc\u00e8s au photo- pit et personne pour <strong>M\u00f6tley Cr\u00fce<\/strong>.<\/p>\n<p><strong>Une compilation sous forme de double CD est en vente \u00e0 partie du 9 avril dans les bacs<\/strong>. Il est aussi possible la t\u00e9l\u00e9charger sur le site du Hellfest, rubrique shop festival via Amazon. Edit\u00e9 par Sonic, ils renferment <strong>34 titres studios<\/strong> de groupes jouant cette ann\u00e9e et repr\u00e9sentants de tous les styles de m\u00e9tal de l\u2019\u00e9dition 2012.<\/p>\n<p><a href=\"http:\/\/www.hellfest.fr\/528-compilation-hellfest-2012\" target=\"_blank\">http:\/\/www.hellfest.fr\/528-compilation-hellfest-2012<\/a><\/p>\n<p>Enfin pour terminer, quelques r\u00e9ponses aux rumeurs concernant l\u2019affiche de cette ann\u00e9e.<\/p>\n<p>Van Halen \u00e9tait bien pr\u00e9vu en premi\u00e8re t\u00eate d\u2019affiche pour l\u2019\u00e9dition 2012. Apres moults discussions, ces messieurs ont pr\u00e9f\u00e9r\u00e9 honorer un contrat outre atlantique. Mais il n\u2019est pas impossible qu\u2019ils viennent l\u2019ann\u00e9e prochaine.<\/p>\n<p>La solution la plus adapt\u00e9e pour assurer le remplacement de Black Sabbath (suite \u00e0 l\u2019annulation de leur tourn\u00e9e pour des raisons m\u00e9dicales plus que compr\u00e9hensibles) sera Ozzy and Friends. L\u2019ajout de Slash et Black Label Society \u00e0 l\u2019affiche est juste logique mais non impos\u00e9. L\u2019organisation du Hellfest a bien essay\u00e9 de trouver un groupe \u00e0 notori\u00e9t\u00e9 \u00e9gale et libre de tout engagement mais sans succ\u00e8s, ou bien les cachets demand\u00e9s \u00e9taient exorbitants. Il est \u00e0 noter que Ozzy jouera le set pr\u00e9vu par Black Sabbath et non son r\u00e9pertoire solo.<\/p>\n<p>M\u00f6tley Cr\u00fce n\u2019a jamais \u00e9t\u00e9 pr\u00e9vu en t\u00eate d\u2019affiche et ne l\u2019a d\u2019ailleurs pas demand\u00e9\u2026 cette ann\u00e9e.<\/p>\n<p>Il n\u2019y aura pas de groupe de remplacement au cas o\u00f9 Guns N\u2019 Roses annule. Si ils montent sur sc\u00e8ne en retard, ils joueront moins longtemps\u2026..<\/p>\n<p>&nbsp;<\/p>\n<p style=\"text-align: center;\"><img loading=\"lazy\" decoding=\"async\" class=\"size-full wp-image-1046 aligncenter\" alt=\"_DSC4740\" src=\"http:\/\/artnroll.net\/home\/wp-content\/uploads\/2012\/03\/DSC4740.jpg\" width=\"600\" height=\"399\" srcset=\"https:\/\/www.artnroll.net\/home\/wp-content\/uploads\/2012\/03\/DSC4740.jpg 600w, https:\/\/www.artnroll.net\/home\/wp-content\/uploads\/2012\/03\/DSC4740-300x199.jpg 300w, https:\/\/www.artnroll.net\/home\/wp-content\/uploads\/2012\/03\/DSC4740-420x280.jpg 420w\" sizes=\"auto, (max-width: 600px) 100vw, 600px\" \/><\/p>\n<p>&nbsp;<\/p>\n<p style=\"text-align: right;\">By\u00a0<strong>Liza<\/strong>.<\/p>\n","protected":false},"excerpt":{"rendered":"<p>&nbsp; &nbsp; En pr\u00e9sence d\u2019une partie de l\u2019\u00e9quipe \u00e0 plein temps: Ben\u00a0: Directeur du Hellfest Guillaume\u00a0: Directeur technique, mise en place des infrastructures Johan\u00a0: Partenariat Jeff\u00a0: Communication H\u00e9l\u00e8ne\u00a0: Comptabilit\u00e9 et accueil des artistes Olivier\u00a0: Promotion \/ Communication Roger\u00a0: Promotion \/Communication &nbsp; Le site s\u2019agrandit cette ann\u00e9e et sera d\u00e9localis\u00e9 de 500 m\u00e8tres. Ce n\u2019est pas une ann\u00e9e \u00ab\u00a0z\u00e9ro\u00a0\u00bb. Le personnel engag\u00e9 est comp\u00e9tent et exp\u00e9riment\u00e9 gr\u00e2ce aux \u00e9ditions pr\u00e9c\u00e9dentes. Cela sera forcement diff\u00e9rent mais toujours avec cette volont\u00e9 de proposer une affiche \u00e9clectique et un site viable et agr\u00e9able. Quelques chiffres\u00a0: 6 sc\u00e8nes. 170 groupes. Une grosse \u00e9quipe salari\u00e9e et [&hellip;]<\/p>\n","protected":false},"author":16,"featured_media":1045,"comment_status":"open","ping_status":"open","sticky":false,"template":"","format":"standard","meta":{"_mi_skip_tracking":false,"_monsterinsights_sitenote_active":false,"_monsterinsights_sitenote_note":"","_monsterinsights_sitenote_category":0,"footnotes":""},"categories":[3],"tags":[338,234,285,339,235,11],"class_list":["post-863","post","type-post","status-publish","format-standard","has-post-thumbnail","hentry","category-interviews","tag-conference-de-presse","tag-france","tag-hellfest","tag-hellfest-2012","tag-ile-de-france","tag-paris"],"yoast_head":"<!-- This site is optimized with the Yoast SEO plugin v23.9 - https:\/\/yoast.com\/wordpress\/plugins\/seo\/ -->\n<title>Conf\u00e9rence de presse du Hellfest \u00e9dition 2012 Mars 2012 - Art&#039;n&#039;Roll Webzine<\/title>\n<meta name=\"robots\" content=\"index, follow, max-snippet:-1, max-image-preview:large, max-video-preview:-1\" \/>\n<link rel=\"canonical\" href=\"https:\/\/www.artnroll.net\/home\/?p=863\" \/>\n<meta property=\"og:locale\" content=\"fr_FR\" \/>\n<meta property=\"og:type\" content=\"article\" \/>\n<meta property=\"og:title\" content=\"Conf\u00e9rence de presse du Hellfest \u00e9dition 2012 Mars 2012 - Art&#039;n&#039;Roll Webzine\" \/>\n<meta property=\"og:description\" content=\"&nbsp; &nbsp; En pr\u00e9sence d\u2019une partie de l\u2019\u00e9quipe \u00e0 plein temps: Ben\u00a0: Directeur du Hellfest Guillaume\u00a0: Directeur technique, mise en place des infrastructures Johan\u00a0: Partenariat Jeff\u00a0: Communication H\u00e9l\u00e8ne\u00a0: Comptabilit\u00e9 et accueil des artistes Olivier\u00a0: Promotion \/ Communication Roger\u00a0: Promotion \/Communication &nbsp; Le site s\u2019agrandit cette ann\u00e9e et sera d\u00e9localis\u00e9 de 500 m\u00e8tres. Ce n\u2019est pas une ann\u00e9e \u00ab\u00a0z\u00e9ro\u00a0\u00bb. Le personnel engag\u00e9 est comp\u00e9tent et exp\u00e9riment\u00e9 gr\u00e2ce aux \u00e9ditions pr\u00e9c\u00e9dentes. Cela sera forcement diff\u00e9rent mais toujours avec cette volont\u00e9 de proposer une affiche \u00e9clectique et un site viable et agr\u00e9able. Quelques chiffres\u00a0: 6 sc\u00e8nes. 170 groupes. Une grosse \u00e9quipe salari\u00e9e et [&hellip;]\" \/>\n<meta property=\"og:url\" content=\"https:\/\/www.artnroll.net\/home\/?p=863\" \/>\n<meta property=\"og:site_name\" content=\"Art&#039;n&#039;Roll Webzine\" \/>\n<meta property=\"article:publisher\" content=\"https:\/\/www.facebook.com\/artnroll.net\/\" \/>\n<meta property=\"article:published_time\" content=\"2012-03-30T14:45:16+00:00\" \/>\n<meta property=\"article:modified_time\" content=\"2017-02-22T13:50:50+00:00\" \/>\n<meta property=\"og:image\" content=\"https:\/\/www.artnroll.net\/home\/wp-content\/uploads\/2012\/03\/DSC4723.jpg\" \/>\n\t<meta property=\"og:image:width\" content=\"600\" \/>\n\t<meta property=\"og:image:height\" content=\"399\" \/>\n\t<meta property=\"og:image:type\" content=\"image\/jpeg\" \/>\n<meta name=\"author\" content=\"Lizasteele\" \/>\n<meta name=\"twitter:label1\" content=\"\u00c9crit par\" \/>\n\t<meta name=\"twitter:data1\" content=\"Lizasteele\" \/>\n\t<meta name=\"twitter:label2\" content=\"Dur\u00e9e de lecture estim\u00e9e\" \/>\n\t<meta name=\"twitter:data2\" content=\"4 minutes\" \/>\n<script type=\"application\/ld+json\" class=\"yoast-schema-graph\">{\"@context\":\"https:\/\/schema.org\",\"@graph\":[{\"@type\":\"WebPage\",\"@id\":\"https:\/\/www.artnroll.net\/home\/?p=863\",\"url\":\"https:\/\/www.artnroll.net\/home\/?p=863\",\"name\":\"Conf\u00e9rence de presse du Hellfest \u00e9dition 2012 Mars 2012 - Art&#039;n&#039;Roll Webzine\",\"isPartOf\":{\"@id\":\"https:\/\/www.artnroll.net\/home\/#website\"},\"primaryImageOfPage\":{\"@id\":\"https:\/\/www.artnroll.net\/home\/?p=863#primaryimage\"},\"image\":{\"@id\":\"https:\/\/www.artnroll.net\/home\/?p=863#primaryimage\"},\"thumbnailUrl\":\"https:\/\/www.artnroll.net\/home\/wp-content\/uploads\/2012\/03\/DSC4723.jpg\",\"datePublished\":\"2012-03-30T14:45:16+00:00\",\"dateModified\":\"2017-02-22T13:50:50+00:00\",\"author\":{\"@id\":\"https:\/\/www.artnroll.net\/home\/#\/schema\/person\/0d338e61d61e765473a5d4018946221a\"},\"inLanguage\":\"fr-FR\",\"potentialAction\":[{\"@type\":\"ReadAction\",\"target\":[\"https:\/\/www.artnroll.net\/home\/?p=863\"]}]},{\"@type\":\"ImageObject\",\"inLanguage\":\"fr-FR\",\"@id\":\"https:\/\/www.artnroll.net\/home\/?p=863#primaryimage\",\"url\":\"https:\/\/www.artnroll.net\/home\/wp-content\/uploads\/2012\/03\/DSC4723.jpg\",\"contentUrl\":\"https:\/\/www.artnroll.net\/home\/wp-content\/uploads\/2012\/03\/DSC4723.jpg\",\"width\":600,\"height\":399},{\"@type\":\"WebSite\",\"@id\":\"https:\/\/www.artnroll.net\/home\/#website\",\"url\":\"https:\/\/www.artnroll.net\/home\/\",\"name\":\"Art&#039;n&#039;Roll Webzine\",\"description\":\"Webzine on the Rocks\",\"potentialAction\":[{\"@type\":\"SearchAction\",\"target\":{\"@type\":\"EntryPoint\",\"urlTemplate\":\"https:\/\/www.artnroll.net\/home\/?s={search_term_string}\"},\"query-input\":{\"@type\":\"PropertyValueSpecification\",\"valueRequired\":true,\"valueName\":\"search_term_string\"}}],\"inLanguage\":\"fr-FR\"},{\"@type\":\"Person\",\"@id\":\"https:\/\/www.artnroll.net\/home\/#\/schema\/person\/0d338e61d61e765473a5d4018946221a\",\"name\":\"Lizasteele\",\"image\":{\"@type\":\"ImageObject\",\"inLanguage\":\"fr-FR\",\"@id\":\"https:\/\/www.artnroll.net\/home\/#\/schema\/person\/image\/\",\"url\":\"https:\/\/secure.gravatar.com\/avatar\/6b325436a54de7579671824b4ef643439a6cae7652c1036ce0a7a23d63b70fda?s=96&d=mm&r=g\",\"contentUrl\":\"https:\/\/secure.gravatar.com\/avatar\/6b325436a54de7579671824b4ef643439a6cae7652c1036ce0a7a23d63b70fda?s=96&d=mm&r=g\",\"caption\":\"Lizasteele\"},\"url\":\"https:\/\/www.artnroll.net\/home\/?author=16\"}]}<\/script>\n<!-- \/ Yoast SEO plugin. -->","yoast_head_json":{"title":"Conf\u00e9rence de presse du Hellfest \u00e9dition 2012 Mars 2012 - Art&#039;n&#039;Roll Webzine","robots":{"index":"index","follow":"follow","max-snippet":"max-snippet:-1","max-image-preview":"max-image-preview:large","max-video-preview":"max-video-preview:-1"},"canonical":"https:\/\/www.artnroll.net\/home\/?p=863","og_locale":"fr_FR","og_type":"article","og_title":"Conf\u00e9rence de presse du Hellfest \u00e9dition 2012 Mars 2012 - Art&#039;n&#039;Roll Webzine","og_description":"&nbsp; &nbsp; En pr\u00e9sence d\u2019une partie de l\u2019\u00e9quipe \u00e0 plein temps: Ben\u00a0: Directeur du Hellfest Guillaume\u00a0: Directeur technique, mise en place des infrastructures Johan\u00a0: Partenariat Jeff\u00a0: Communication H\u00e9l\u00e8ne\u00a0: Comptabilit\u00e9 et accueil des artistes Olivier\u00a0: Promotion \/ Communication Roger\u00a0: Promotion \/Communication &nbsp; Le site s\u2019agrandit cette ann\u00e9e et sera d\u00e9localis\u00e9 de 500 m\u00e8tres. Ce n\u2019est pas une ann\u00e9e \u00ab\u00a0z\u00e9ro\u00a0\u00bb. Le personnel engag\u00e9 est comp\u00e9tent et exp\u00e9riment\u00e9 gr\u00e2ce aux \u00e9ditions pr\u00e9c\u00e9dentes. Cela sera forcement diff\u00e9rent mais toujours avec cette volont\u00e9 de proposer une affiche \u00e9clectique et un site viable et agr\u00e9able. Quelques chiffres\u00a0: 6 sc\u00e8nes. 170 groupes. Une grosse \u00e9quipe salari\u00e9e et [&hellip;]","og_url":"https:\/\/www.artnroll.net\/home\/?p=863","og_site_name":"Art&#039;n&#039;Roll Webzine","article_publisher":"https:\/\/www.facebook.com\/artnroll.net\/","article_published_time":"2012-03-30T14:45:16+00:00","article_modified_time":"2017-02-22T13:50:50+00:00","og_image":[{"width":600,"height":399,"url":"https:\/\/www.artnroll.net\/home\/wp-content\/uploads\/2012\/03\/DSC4723.jpg","type":"image\/jpeg"}],"author":"Lizasteele","twitter_misc":{"\u00c9crit par":"Lizasteele","Dur\u00e9e de lecture estim\u00e9e":"4 minutes"},"schema":{"@context":"https:\/\/schema.org","@graph":[{"@type":"WebPage","@id":"https:\/\/www.artnroll.net\/home\/?p=863","url":"https:\/\/www.artnroll.net\/home\/?p=863","name":"Conf\u00e9rence de presse du Hellfest \u00e9dition 2012 Mars 2012 - Art&#039;n&#039;Roll Webzine","isPartOf":{"@id":"https:\/\/www.artnroll.net\/home\/#website"},"primaryImageOfPage":{"@id":"https:\/\/www.artnroll.net\/home\/?p=863#primaryimage"},"image":{"@id":"https:\/\/www.artnroll.net\/home\/?p=863#primaryimage"},"thumbnailUrl":"https:\/\/www.artnroll.net\/home\/wp-content\/uploads\/2012\/03\/DSC4723.jpg","datePublished":"2012-03-30T14:45:16+00:00","dateModified":"2017-02-22T13:50:50+00:00","author":{"@id":"https:\/\/www.artnroll.net\/home\/#\/schema\/person\/0d338e61d61e765473a5d4018946221a"},"inLanguage":"fr-FR","potentialAction":[{"@type":"ReadAction","target":["https:\/\/www.artnroll.net\/home\/?p=863"]}]},{"@type":"ImageObject","inLanguage":"fr-FR","@id":"https:\/\/www.artnroll.net\/home\/?p=863#primaryimage","url":"https:\/\/www.artnroll.net\/home\/wp-content\/uploads\/2012\/03\/DSC4723.jpg","contentUrl":"https:\/\/www.artnroll.net\/home\/wp-content\/uploads\/2012\/03\/DSC4723.jpg","width":600,"height":399},{"@type":"WebSite","@id":"https:\/\/www.artnroll.net\/home\/#website","url":"https:\/\/www.artnroll.net\/home\/","name":"Art&#039;n&#039;Roll Webzine","description":"Webzine on the Rocks","potentialAction":[{"@type":"SearchAction","target":{"@type":"EntryPoint","urlTemplate":"https:\/\/www.artnroll.net\/home\/?s={search_term_string}"},"query-input":{"@type":"PropertyValueSpecification","valueRequired":true,"valueName":"search_term_string"}}],"inLanguage":"fr-FR"},{"@type":"Person","@id":"https:\/\/www.artnroll.net\/home\/#\/schema\/person\/0d338e61d61e765473a5d4018946221a","name":"Lizasteele","image":{"@type":"ImageObject","inLanguage":"fr-FR","@id":"https:\/\/www.artnroll.net\/home\/#\/schema\/person\/image\/","url":"https:\/\/secure.gravatar.com\/avatar\/6b325436a54de7579671824b4ef643439a6cae7652c1036ce0a7a23d63b70fda?s=96&d=mm&r=g","contentUrl":"https:\/\/secure.gravatar.com\/avatar\/6b325436a54de7579671824b4ef643439a6cae7652c1036ce0a7a23d63b70fda?s=96&d=mm&r=g","caption":"Lizasteele"},"url":"https:\/\/www.artnroll.net\/home\/?author=16"}]}},"_links":{"self":[{"href":"https:\/\/www.artnroll.net\/home\/index.php?rest_route=\/wp\/v2\/posts\/863","targetHints":{"allow":["GET"]}}],"collection":[{"href":"https:\/\/www.artnroll.net\/home\/index.php?rest_route=\/wp\/v2\/posts"}],"about":[{"href":"https:\/\/www.artnroll.net\/home\/index.php?rest_route=\/wp\/v2\/types\/post"}],"author":[{"embeddable":true,"href":"https:\/\/www.artnroll.net\/home\/index.php?rest_route=\/wp\/v2\/users\/16"}],"replies":[{"embeddable":true,"href":"https:\/\/www.artnroll.net\/home\/index.php?rest_route=%2Fwp%2Fv2%2Fcomments&post=863"}],"version-history":[{"count":10,"href":"https:\/\/www.artnroll.net\/home\/index.php?rest_route=\/wp\/v2\/posts\/863\/revisions"}],"predecessor-version":[{"id":1101,"href":"https:\/\/www.artnroll.net\/home\/index.php?rest_route=\/wp\/v2\/posts\/863\/revisions\/1101"}],"wp:featuredmedia":[{"embeddable":true,"href":"https:\/\/www.artnroll.net\/home\/index.php?rest_route=\/wp\/v2\/media\/1045"}],"wp:attachment":[{"href":"https:\/\/www.artnroll.net\/home\/index.php?rest_route=%2Fwp%2Fv2%2Fmedia&parent=863"}],"wp:term":[{"taxonomy":"category","embeddable":true,"href":"https:\/\/www.artnroll.net\/home\/index.php?rest_route=%2Fwp%2Fv2%2Fcategories&post=863"},{"taxonomy":"post_tag","embeddable":true,"href":"https:\/\/www.artnroll.net\/home\/index.php?rest_route=%2Fwp%2Fv2%2Ftags&post=863"}],"curies":[{"name":"wp","href":"https:\/\/api.w.org\/{rel}","templated":true}]}}