{"id":8615,"date":"2016-07-02T15:00:21","date_gmt":"2016-07-02T13:00:21","guid":{"rendered":"http:\/\/www.artnroll.net\/home\/?p=8615"},"modified":"2017-02-22T15:29:22","modified_gmt":"2017-02-22T14:29:22","slug":"interview-avec-vincent-et-stephane-buriez-pour-le-rockn-roll-train","status":"publish","type":"post","link":"https:\/\/www.artnroll.net\/home\/?p=8615","title":{"rendered":"Interview avec Vincent et Stephane Buriez pour le Rock&rsquo;N Roll Train"},"content":{"rendered":"<p>Nous avions rendez-vous avec Vincent organisateur du Festival Rock&rsquo;n Roll Train et St\u00e9phane Buriez parrain du festival au Dr Feelgood pour parler de l&rsquo;\u00e9dition 2016 qui aura lieu le 09 juillet prochain.<\/p>\n<p>&nbsp;<\/p>\n<p><b>Art&rsquo;N Roll: St\u00e9phane, tu es le parrain du festival depuis l&rsquo;an dernier, tu as jou\u00e9 avec Loudblast lors de l&rsquo;\u00e9dition 2015, cette ann\u00e9e tu reviens avec le Bal des Enrag\u00e9s, que penses-tu de ce festival ?<\/b><\/p>\n<p><b>St\u00e9phane Buriez<\/b>: Ce festival fait partie des belles journ\u00e9es. Des festivals on en fait pleins et on conna\u00eet les difficult\u00e9s d&rsquo;\u00eatre en ext\u00e9rieur, il y a des \u00e9l\u00e9ments incompressibles tel que la m\u00e9t\u00e9o ou encore parfois l\u2019am\u00e9nagement du site mais l\u00e0, il n&rsquo;y a rien \u00e0 dire le site est top, il sort des sentiers battus, il y a des fortifications, c&rsquo;est un tr\u00e8s bel endroit.<\/p>\n<p>L&rsquo;ann\u00e9e derni\u00e8re on a eu la chance de voir les Crucified Barbara sur sc\u00e8ne et le concert \u00e9tait vraiment sympa. On a aussi \u00e9t\u00e9 tr\u00e8s bien accueilli, c&rsquo;est le genre de fest&rsquo; o\u00f9 tu n&rsquo;as pas forc\u00e9ment de partir directement apr\u00e8s le show \u00e0 l\u2019h\u00f4tel.<\/p>\n<p>&nbsp;<\/p>\n<p><b>ANR: Comment Vincent t&rsquo;as approch\u00e9 pour devenir le parrain ?<\/b><\/p>\n<p><b>St\u00e9phane Buriez<\/b>: Il m&rsquo;a tout simplement contact\u00e9 et parfois tu n&rsquo;as pas besoin de beaucoup de choses pour te laisser convaincre. Il a su avoir les mots juste et le projet m&rsquo;a tout de suite int\u00e9ress\u00e9. Je sais que ce sont des gens qui se mettent en quatre pour cr\u00e9er, on oublie souvent l\u2019investissement et l\u2019initiative priv\u00e9e que cela demande donc je ne peux qu&rsquo;encourager ce genre d&rsquo;initiative, car c&rsquo;est gr\u00e2ce \u00e0 \u00e7a que l&rsquo;on joue. D&rsquo;ailleurs j&rsquo;esp\u00e8re qu&rsquo;avec les ann\u00e9es il va devenir un festival incontournable de la sc\u00e8ne metal.<\/p>\n<p>&nbsp;<\/p>\n<p><b>ANR: Reparlons un peu de l&rsquo;ann\u00e9e derni\u00e8re, il ne vous est pas arriv\u00e9 une petite m\u00e9saventure ? <\/b><\/p>\n<p><b>St\u00e9phane Buriez<\/b>: Oui, tout \u00e0 fait, j&rsquo;ai oubli\u00e9 les cl\u00e9s du camion \u00e0 l\u2019int\u00e9rieur du camion. Autant dire que gr\u00e2ce \u00e0 cette anecdote on n&rsquo;oubliera pas le festival Rock&rsquo;n Roll Train de sit\u00f4t.<\/p>\n<p>Donc quand c&rsquo;est arriv\u00e9 on a essay\u00e9 d&rsquo;appeler des garagistes qui voulaient nous assassiner \u00e0 coup de 400 balles pour le d\u00e9placement et nous ouvrir le camion. Et miracle, il y a eu ce type, je ne sais pas ce qu&rsquo;il fait dans la vie mais il avait des ventouses dans sa voiture et avec \u00e7a il a r\u00e9ussi \u00e0 crocheter le camion, \u00e0 l\u2019ouvrir et il nous a sauv\u00e9.<\/p>\n<p>&nbsp;<\/p>\n<p><b>ANR: Vincent, on te retrouve pour parler de la 4\u00e8me \u00e9dition mais parlons un peu du bilan de l&rsquo;\u00e9dition 2015 pour commencer ?<\/b><\/p>\n<p><b>Vincent<\/b>: On a r\u00e9uni 2000 personnes sur les 3 jours. Il y a eu warm up le vendredi et concerts samedi, dimanche. C&rsquo;est un bon bilan car on a progress\u00e9 sur le nombre d&rsquo;entr\u00e9es payantes, on gagne en notori\u00e9t\u00e9. Le bouche \u00e0 oreille commence \u00e0 \u00eatre efficace. Du coup, \u00e7a nous a confort\u00e9 dans l\u2019id\u00e9e de retenter l\u2019aventure cette ann\u00e9e, par contre on a d\u00e9cid\u00e9 de le faire sur un jour pour condenser les co\u00fbts, mettre 12 groupes sur un jour afin de tenter de trouver un \u00e9quilibre financier ce qui est moins facile quand tu le fais sur 2 jours.<\/p>\n<p>Le bilan de l&rsquo;ann\u00e9e derni\u00e8re est bon mais niveau budget, on n\u2019a pas encore \u00e9quilibr\u00e9 les comptes, mais on a toujours le soutient de Longwy car d&rsquo;ann\u00e9e en ann\u00e9e on s&rsquo;am\u00e9liore sur pleins de points, ce qui est un vrai point positif.<\/p>\n<p>Je pense vraiment que le format une journ\u00e9e est le format id\u00e9al pour ce festival, du moins pour le moment.<\/p>\n<p>&nbsp;<\/p>\n<p><b>ANR: \u00c7a y est, vous \u00eates bien install\u00e9s et la mairie de Longwy vous soutient ? Comment se passe cette relation ?<\/b><\/p>\n<p><b>Vincent<\/b>: Chaque ann\u00e9e on signe une convention de partenariat. On s&rsquo;engage \u00e0 faire et respecter certaines choses et en retour ils nous mettent \u00e0 disposition du mat\u00e9riel et des moyens humains. C&rsquo;est une relation qui se passe tr\u00e8s bien et puis \u00e7a leur fait de la pub. A chaque interview que je fais je parle de la ville, ce qui permet de la faire connaitre. \u00c7a profite \u00e0 la ville car il y a m\u00eame des \u00e9trangers qui viennent au festival.<\/p>\n<p>&nbsp;<\/p>\n<p><b>ANR: Parlons un peu du vendredi soir, qu\u2019as-tu pr\u00e9vu pour cette soir\u00e9e warm-up ?<\/b><\/p>\n<p><b>Vincent<\/b>: L\u2019an dernier nous avions fait jouer uniquement des groupes cover alors que cette ann\u00e9e on fait ouvrir par un groupe qui fait ses propres compos et qui s\u2019appelle \u00ab MyNodz \u00bb c\u2019est un groupe qui vient de Longwy.<\/p>\n<p>Donc cette ann\u00e9e on ouvre avec \u00ab MyNodz \u00bb et ensuite on enchainera avec des groupes covers comme l\u2019ann\u00e9e derni\u00e8re, de 18h \u00e0 minuit.<\/p>\n<p>La soir\u00e9e est gratuite, c\u2019est sur le site du festival mais pas sur la grande sc\u00e8ne afin de garder la surprise du site pour le samedi, il s\u2019agira d\u2019une sc\u00e8ne annexe, ce qui va nous permettre de ne pas ouvrir le site enti\u00e8rement d\u00e8s le vendredi soir.<\/p>\n<p>&nbsp;<\/p>\n<p><b>ANR: Et du coup pour le samedi ?<\/b><\/p>\n<p><b>Vincent:<\/b> On va ouvrir les portes vers 10H45 et \u00e7a commencera par un spectacle pour enfants avec \u00ab Les Minis Vengeurs \u00bb, c\u2019est un concept plut\u00f4t pas mal et je pense que \u00e7a plaira certainement aussi aux parents.<\/p>\n<p>Ensuite nous aurons les groupes d\u00e9couvertes comme l\u2019an dernier avec \u00ab Snap Border \u00bb, \u00ab Seyminhol \u00bb, \u00ab Last Wanted \u00bb et \u00ab Oil Carter \u00bb qui n\u2019ont pas forcement de labels ni de tourneurs derri\u00e8re eux mais \u00e7a leur donne l\u2019opportunit\u00e9 de faire un festival.<\/p>\n<p>&nbsp;<\/p>\n<p><b>ANR: Comment ces groupes ont \u00e9t\u00e9 s\u00e9lectionn\u00e9es ?<\/b><\/p>\n<p><b>Vincent<\/b>: \u00ab The Last Wanted \u00bb on les a vu l\u2019an pass\u00e9 dans un festival pr\u00e8s de chez nous et on avait ador\u00e9 donc on a tout de suite pens\u00e9 \u00e0 les programmer pour cette ann\u00e9e. \u00ab Seyminhol \u00bb ils ont faillis jouer l\u2019ann\u00e9e pass\u00e9e mais \u00e7a ne s\u2019\u00e9tait pas fait et puis comme ils nous envoient toutes leurs nouveaut\u00e9s tout au long de l\u2019ann\u00e9e, on a d\u00e9cid\u00e9 de les faire jouer cette ann\u00e9e. \u00ab Snap Border \u00bb, ils ont gagn\u00e9s un tremplin dans un festival \u00e0 Metz et enfin \u00ab Oil Carter \u00bb qui sont de Toulon, on avait d\u00e9j\u00e0 jou\u00e9 avec eux lors d\u2019un festival que l\u2019on organise et on est devenus amis du coup cette ann\u00e9e on les fait jouer.<\/p>\n<p>Une fois de plus on est contents de ces groupes d\u00e9couverte, car notre but n\u2019est pas de faire jouer uniquement des groupes connus mais justement de faire d\u00e9couvrir des groupes qui ont moins de visibilit\u00e9 dans les m\u00e9dias et lors de festivals.<\/p>\n<p>&nbsp;<\/p>\n<p><b>ANR: L\u2019an dernier tu nous faisais part d\u2019un de tes r\u00eaves, recevoir Lacuna Coil, c\u2019est chose faite, comment te sens-tu ?<\/b><\/p>\n<p><b>Vincent<\/b>: Je suis f\u00e9brile (rire). Plus s\u00e9rieusement c\u2019est un vrai bonheur, c\u2019est vrai que \u00e7a fait plusieurs ann\u00e9es que l\u2019on essaie de les signer, en plus cette ann\u00e9e ils sortent un nouvel album et par chance cette ann\u00e9e les tourneurs ont r\u00e9agis \u00e0 nos mails. Pour voir si \u00e7a porte bonheur, j\u2019ai envie de dire que j\u2019aimerais avoir \u00ab Suicidal Tendencies \u00bb l\u2019ann\u00e9e prochaine. Affaire \u00e0 suivre \u2026 (rire)<\/p>\n<p>Pour en revenir \u00e0 \u00ab Lacuna Coil \u00bb j\u2019esp\u00e8re qu\u2019ils vont faire venir du monde car il faut noter qu\u2019ils se font tr\u00e8s rare en France, \u00e0 ce jour c\u2019est la seule date fran\u00e7aise \u00e0 jour. Donc pour le moment nous avons l\u2019exclusivit\u00e9.<\/p>\n<p>&nbsp;<\/p>\n<p><b>ANR : Pour finir, parles nous de l\u2019\u00e9volution du site ? <\/b><\/p>\n<p><b>Vincent <\/b>: On va avoir une quinzaine de stands sur le site, un tatoueur, un gars qui vend des tee-shirts et des patchs, un stand pr\u00e9vention et aussi le merch\u2019 des artistes. En nourriture on aura 3 stands diff\u00e9rents et surtout on essaie de varier pour qu\u2019il y en ait pour tout le monde. On a bien eu des id\u00e9es comme installer une structure gonflables ou encore un bassin cot\u00e9 camping mais on a laiss\u00e9 tomber. Il n\u2019y aura pas de grosse \u00e9volution compar\u00e9e \u00e0 l\u2019ann\u00e9e derni\u00e8re, on mise surtout sur la programmation musicale. C\u2019est sur \u00e7a que l\u2019on travaille : l\u2019image du festival.<\/p>\n<p>&nbsp;<\/p>\n","protected":false},"excerpt":{"rendered":"<p>Nous avions rendez-vous avec Vincent organisateur du Festival Rock&rsquo;n Roll Train et St\u00e9phane Buriez parrain du festival au Dr Feelgood pour parler de l&rsquo;\u00e9dition 2016 qui aura lieu le 09 juillet prochain. &nbsp; Art&rsquo;N Roll: St\u00e9phane, tu es le parrain du festival depuis l&rsquo;an dernier, tu as jou\u00e9 avec Loudblast lors de l&rsquo;\u00e9dition 2015, cette ann\u00e9e tu reviens avec le Bal des Enrag\u00e9s, que penses-tu de ce festival ? St\u00e9phane Buriez: Ce festival fait partie des belles journ\u00e9es. Des festivals on en fait pleins et on conna\u00eet les difficult\u00e9s d&rsquo;\u00eatre en ext\u00e9rieur, il y a des \u00e9l\u00e9ments incompressibles tel que [&hellip;]<\/p>\n","protected":false},"author":8,"featured_media":8616,"comment_status":"open","ping_status":"closed","sticky":false,"template":"","format":"standard","meta":{"_mi_skip_tracking":false,"_monsterinsights_sitenote_active":false,"_monsterinsights_sitenote_note":"","_monsterinsights_sitenote_category":0,"footnotes":""},"categories":[3],"tags":[1090,1268],"class_list":["post-8615","post","type-post","status-publish","format-standard","has-post-thumbnail","hentry","category-interviews","tag-rockn-roll-train","tag-stephane-buriez"],"yoast_head":"<!-- This site is optimized with the Yoast SEO plugin v23.9 - https:\/\/yoast.com\/wordpress\/plugins\/seo\/ -->\n<title>Interview avec Vincent et Stephane Buriez pour le Rock&#039;N Roll Train - Art&#039;n&#039;Roll Webzine<\/title>\n<meta name=\"robots\" content=\"index, follow, max-snippet:-1, max-image-preview:large, max-video-preview:-1\" \/>\n<link rel=\"canonical\" href=\"https:\/\/www.artnroll.net\/home\/?p=8615\" \/>\n<meta property=\"og:locale\" content=\"fr_FR\" \/>\n<meta property=\"og:type\" content=\"article\" \/>\n<meta property=\"og:title\" content=\"Interview avec Vincent et Stephane Buriez pour le Rock&#039;N Roll Train - Art&#039;n&#039;Roll Webzine\" \/>\n<meta property=\"og:description\" content=\"Nous avions rendez-vous avec Vincent organisateur du Festival Rock&rsquo;n Roll Train et St\u00e9phane Buriez parrain du festival au Dr Feelgood pour parler de l&rsquo;\u00e9dition 2016 qui aura lieu le 09 juillet prochain. &nbsp; Art&rsquo;N Roll: St\u00e9phane, tu es le parrain du festival depuis l&rsquo;an dernier, tu as jou\u00e9 avec Loudblast lors de l&rsquo;\u00e9dition 2015, cette ann\u00e9e tu reviens avec le Bal des Enrag\u00e9s, que penses-tu de ce festival ? St\u00e9phane Buriez: Ce festival fait partie des belles journ\u00e9es. Des festivals on en fait pleins et on conna\u00eet les difficult\u00e9s d&rsquo;\u00eatre en ext\u00e9rieur, il y a des \u00e9l\u00e9ments incompressibles tel que [&hellip;]\" \/>\n<meta property=\"og:url\" content=\"https:\/\/www.artnroll.net\/home\/?p=8615\" \/>\n<meta property=\"og:site_name\" content=\"Art&#039;n&#039;Roll Webzine\" \/>\n<meta property=\"article:publisher\" content=\"https:\/\/www.facebook.com\/artnroll.net\/\" \/>\n<meta property=\"article:published_time\" content=\"2016-07-02T13:00:21+00:00\" \/>\n<meta property=\"article:modified_time\" content=\"2017-02-22T14:29:22+00:00\" \/>\n<meta property=\"og:image\" content=\"https:\/\/www.artnroll.net\/home\/wp-content\/uploads\/2016\/06\/RRT.png\" \/>\n\t<meta property=\"og:image:width\" content=\"592\" \/>\n\t<meta property=\"og:image:height\" content=\"833\" \/>\n\t<meta property=\"og:image:type\" content=\"image\/png\" \/>\n<meta name=\"author\" content=\"Mamy\" \/>\n<meta name=\"twitter:label1\" content=\"\u00c9crit par\" \/>\n\t<meta name=\"twitter:data1\" content=\"Mamy\" \/>\n\t<meta name=\"twitter:label2\" content=\"Dur\u00e9e de lecture estim\u00e9e\" \/>\n\t<meta name=\"twitter:data2\" content=\"7 minutes\" \/>\n<script type=\"application\/ld+json\" class=\"yoast-schema-graph\">{\"@context\":\"https:\/\/schema.org\",\"@graph\":[{\"@type\":\"WebPage\",\"@id\":\"https:\/\/www.artnroll.net\/home\/?p=8615\",\"url\":\"https:\/\/www.artnroll.net\/home\/?p=8615\",\"name\":\"Interview avec Vincent et Stephane Buriez pour le Rock'N Roll Train - Art&#039;n&#039;Roll Webzine\",\"isPartOf\":{\"@id\":\"https:\/\/www.artnroll.net\/home\/#website\"},\"primaryImageOfPage\":{\"@id\":\"https:\/\/www.artnroll.net\/home\/?p=8615#primaryimage\"},\"image\":{\"@id\":\"https:\/\/www.artnroll.net\/home\/?p=8615#primaryimage\"},\"thumbnailUrl\":\"https:\/\/www.artnroll.net\/home\/wp-content\/uploads\/2016\/06\/RRT.png\",\"datePublished\":\"2016-07-02T13:00:21+00:00\",\"dateModified\":\"2017-02-22T14:29:22+00:00\",\"author\":{\"@id\":\"https:\/\/www.artnroll.net\/home\/#\/schema\/person\/b3eacb5c6b9a2c898df4376fa0d5f7b4\"},\"inLanguage\":\"fr-FR\",\"potentialAction\":[{\"@type\":\"ReadAction\",\"target\":[\"https:\/\/www.artnroll.net\/home\/?p=8615\"]}]},{\"@type\":\"ImageObject\",\"inLanguage\":\"fr-FR\",\"@id\":\"https:\/\/www.artnroll.net\/home\/?p=8615#primaryimage\",\"url\":\"https:\/\/www.artnroll.net\/home\/wp-content\/uploads\/2016\/06\/RRT.png\",\"contentUrl\":\"https:\/\/www.artnroll.net\/home\/wp-content\/uploads\/2016\/06\/RRT.png\",\"width\":592,\"height\":833},{\"@type\":\"WebSite\",\"@id\":\"https:\/\/www.artnroll.net\/home\/#website\",\"url\":\"https:\/\/www.artnroll.net\/home\/\",\"name\":\"Art&#039;n&#039;Roll Webzine\",\"description\":\"Webzine on the Rocks\",\"potentialAction\":[{\"@type\":\"SearchAction\",\"target\":{\"@type\":\"EntryPoint\",\"urlTemplate\":\"https:\/\/www.artnroll.net\/home\/?s={search_term_string}\"},\"query-input\":{\"@type\":\"PropertyValueSpecification\",\"valueRequired\":true,\"valueName\":\"search_term_string\"}}],\"inLanguage\":\"fr-FR\"},{\"@type\":\"Person\",\"@id\":\"https:\/\/www.artnroll.net\/home\/#\/schema\/person\/b3eacb5c6b9a2c898df4376fa0d5f7b4\",\"name\":\"Mamy\",\"image\":{\"@type\":\"ImageObject\",\"inLanguage\":\"fr-FR\",\"@id\":\"https:\/\/www.artnroll.net\/home\/#\/schema\/person\/image\/\",\"url\":\"https:\/\/secure.gravatar.com\/avatar\/9bd1912719daae860c026d35bc0cb4f425239b9de990104b96868edfd8d79531?s=96&d=mm&r=g\",\"contentUrl\":\"https:\/\/secure.gravatar.com\/avatar\/9bd1912719daae860c026d35bc0cb4f425239b9de990104b96868edfd8d79531?s=96&d=mm&r=g\",\"caption\":\"Mamy\"},\"url\":\"https:\/\/www.artnroll.net\/home\/?author=8\"}]}<\/script>\n<!-- \/ Yoast SEO plugin. -->","yoast_head_json":{"title":"Interview avec Vincent et Stephane Buriez pour le Rock'N Roll Train - Art&#039;n&#039;Roll Webzine","robots":{"index":"index","follow":"follow","max-snippet":"max-snippet:-1","max-image-preview":"max-image-preview:large","max-video-preview":"max-video-preview:-1"},"canonical":"https:\/\/www.artnroll.net\/home\/?p=8615","og_locale":"fr_FR","og_type":"article","og_title":"Interview avec Vincent et Stephane Buriez pour le Rock'N Roll Train - Art&#039;n&#039;Roll Webzine","og_description":"Nous avions rendez-vous avec Vincent organisateur du Festival Rock&rsquo;n Roll Train et St\u00e9phane Buriez parrain du festival au Dr Feelgood pour parler de l&rsquo;\u00e9dition 2016 qui aura lieu le 09 juillet prochain. &nbsp; Art&rsquo;N Roll: St\u00e9phane, tu es le parrain du festival depuis l&rsquo;an dernier, tu as jou\u00e9 avec Loudblast lors de l&rsquo;\u00e9dition 2015, cette ann\u00e9e tu reviens avec le Bal des Enrag\u00e9s, que penses-tu de ce festival ? St\u00e9phane Buriez: Ce festival fait partie des belles journ\u00e9es. Des festivals on en fait pleins et on conna\u00eet les difficult\u00e9s d&rsquo;\u00eatre en ext\u00e9rieur, il y a des \u00e9l\u00e9ments incompressibles tel que [&hellip;]","og_url":"https:\/\/www.artnroll.net\/home\/?p=8615","og_site_name":"Art&#039;n&#039;Roll Webzine","article_publisher":"https:\/\/www.facebook.com\/artnroll.net\/","article_published_time":"2016-07-02T13:00:21+00:00","article_modified_time":"2017-02-22T14:29:22+00:00","og_image":[{"width":592,"height":833,"url":"https:\/\/www.artnroll.net\/home\/wp-content\/uploads\/2016\/06\/RRT.png","type":"image\/png"}],"author":"Mamy","twitter_misc":{"\u00c9crit par":"Mamy","Dur\u00e9e de lecture estim\u00e9e":"7 minutes"},"schema":{"@context":"https:\/\/schema.org","@graph":[{"@type":"WebPage","@id":"https:\/\/www.artnroll.net\/home\/?p=8615","url":"https:\/\/www.artnroll.net\/home\/?p=8615","name":"Interview avec Vincent et Stephane Buriez pour le Rock'N Roll Train - Art&#039;n&#039;Roll Webzine","isPartOf":{"@id":"https:\/\/www.artnroll.net\/home\/#website"},"primaryImageOfPage":{"@id":"https:\/\/www.artnroll.net\/home\/?p=8615#primaryimage"},"image":{"@id":"https:\/\/www.artnroll.net\/home\/?p=8615#primaryimage"},"thumbnailUrl":"https:\/\/www.artnroll.net\/home\/wp-content\/uploads\/2016\/06\/RRT.png","datePublished":"2016-07-02T13:00:21+00:00","dateModified":"2017-02-22T14:29:22+00:00","author":{"@id":"https:\/\/www.artnroll.net\/home\/#\/schema\/person\/b3eacb5c6b9a2c898df4376fa0d5f7b4"},"inLanguage":"fr-FR","potentialAction":[{"@type":"ReadAction","target":["https:\/\/www.artnroll.net\/home\/?p=8615"]}]},{"@type":"ImageObject","inLanguage":"fr-FR","@id":"https:\/\/www.artnroll.net\/home\/?p=8615#primaryimage","url":"https:\/\/www.artnroll.net\/home\/wp-content\/uploads\/2016\/06\/RRT.png","contentUrl":"https:\/\/www.artnroll.net\/home\/wp-content\/uploads\/2016\/06\/RRT.png","width":592,"height":833},{"@type":"WebSite","@id":"https:\/\/www.artnroll.net\/home\/#website","url":"https:\/\/www.artnroll.net\/home\/","name":"Art&#039;n&#039;Roll Webzine","description":"Webzine on the Rocks","potentialAction":[{"@type":"SearchAction","target":{"@type":"EntryPoint","urlTemplate":"https:\/\/www.artnroll.net\/home\/?s={search_term_string}"},"query-input":{"@type":"PropertyValueSpecification","valueRequired":true,"valueName":"search_term_string"}}],"inLanguage":"fr-FR"},{"@type":"Person","@id":"https:\/\/www.artnroll.net\/home\/#\/schema\/person\/b3eacb5c6b9a2c898df4376fa0d5f7b4","name":"Mamy","image":{"@type":"ImageObject","inLanguage":"fr-FR","@id":"https:\/\/www.artnroll.net\/home\/#\/schema\/person\/image\/","url":"https:\/\/secure.gravatar.com\/avatar\/9bd1912719daae860c026d35bc0cb4f425239b9de990104b96868edfd8d79531?s=96&d=mm&r=g","contentUrl":"https:\/\/secure.gravatar.com\/avatar\/9bd1912719daae860c026d35bc0cb4f425239b9de990104b96868edfd8d79531?s=96&d=mm&r=g","caption":"Mamy"},"url":"https:\/\/www.artnroll.net\/home\/?author=8"}]}},"_links":{"self":[{"href":"https:\/\/www.artnroll.net\/home\/index.php?rest_route=\/wp\/v2\/posts\/8615","targetHints":{"allow":["GET"]}}],"collection":[{"href":"https:\/\/www.artnroll.net\/home\/index.php?rest_route=\/wp\/v2\/posts"}],"about":[{"href":"https:\/\/www.artnroll.net\/home\/index.php?rest_route=\/wp\/v2\/types\/post"}],"author":[{"embeddable":true,"href":"https:\/\/www.artnroll.net\/home\/index.php?rest_route=\/wp\/v2\/users\/8"}],"replies":[{"embeddable":true,"href":"https:\/\/www.artnroll.net\/home\/index.php?rest_route=%2Fwp%2Fv2%2Fcomments&post=8615"}],"version-history":[{"count":4,"href":"https:\/\/www.artnroll.net\/home\/index.php?rest_route=\/wp\/v2\/posts\/8615\/revisions"}],"predecessor-version":[{"id":8783,"href":"https:\/\/www.artnroll.net\/home\/index.php?rest_route=\/wp\/v2\/posts\/8615\/revisions\/8783"}],"wp:featuredmedia":[{"embeddable":true,"href":"https:\/\/www.artnroll.net\/home\/index.php?rest_route=\/wp\/v2\/media\/8616"}],"wp:attachment":[{"href":"https:\/\/www.artnroll.net\/home\/index.php?rest_route=%2Fwp%2Fv2%2Fmedia&parent=8615"}],"wp:term":[{"taxonomy":"category","embeddable":true,"href":"https:\/\/www.artnroll.net\/home\/index.php?rest_route=%2Fwp%2Fv2%2Fcategories&post=8615"},{"taxonomy":"post_tag","embeddable":true,"href":"https:\/\/www.artnroll.net\/home\/index.php?rest_route=%2Fwp%2Fv2%2Ftags&post=8615"}],"curies":[{"name":"wp","href":"https:\/\/api.w.org\/{rel}","templated":true}]}}