{"id":845,"date":"2012-07-04T15:56:03","date_gmt":"2012-07-04T13:56:03","guid":{"rendered":"http:\/\/artnroll.net\/home\/?p=845"},"modified":"2017-02-22T14:50:04","modified_gmt":"2017-02-22T13:50:04","slug":"interview-de-oscarchanteur-et-charry-guitariste-du-groupe-the-hall-effect-juin-2012","status":"publish","type":"post","link":"https:\/\/www.artnroll.net\/home\/?p=845","title":{"rendered":"Interview de Oscar, chanteur et Charry, guitariste du groupe The Hall Effect Juin 2012"},"content":{"rendered":"<p><img loading=\"lazy\" decoding=\"async\" class=\"aligncenter size-full wp-image-1013\" alt=\"The Hall Effect - The Hall Effect\" src=\"http:\/\/artnroll.net\/home\/wp-content\/uploads\/2012\/07\/The-Hall-Effect-The-Hall-Effect.jpg\" width=\"400\" height=\"307\" srcset=\"https:\/\/www.artnroll.net\/home\/wp-content\/uploads\/2012\/07\/The-Hall-Effect-The-Hall-Effect.jpg 400w, https:\/\/www.artnroll.net\/home\/wp-content\/uploads\/2012\/07\/The-Hall-Effect-The-Hall-Effect-300x230.jpg 300w\" sizes=\"auto, (max-width: 400px) 100vw, 400px\" \/><\/p>\n<p><b>ANR: F\u00e9licitations pour cet album !<\/b><\/p>\n<p><b>The Hall Effect : <\/b>Merci !<\/p>\n<p><b>ANR: il y a beaucoup d&rsquo;efforts fournis au niveau de la musique, des paroles et des vid\u00e9os, pouvez-vous nous expliquer le processus de ce 2nd album ( \u00ab The Hall Effect \u00bb , m\u00eame nom que le groupe)<\/b><\/p>\n<p><b>Oscar<\/b> : on a cr\u00e9\u00e9 notre 1er album \u00ab\u00a0Aim At Me\u00a0\u00bb en 2006. On s&rsquo;est remis \u00e0 \u00e9crire de nouvelles chansons juste apr\u00e8s la sortie de l\u2019album. La 2\u00e8me \u00e9crite \u00e9tait \u00ab\u00a0King\u00a0\u00bb (8\u00e8me chanson de \u00ab\u00a0The Hall Effect\u00a0\u00bb). Du coup on a jou\u00e9 ces chansons pendant 3 ans. Au final nous avons \u00e9crit 23 chansons pour le 2nd album. Objectivement, on trouve qu&rsquo;il manque un album entre le 1er et le 2\u00e8me.<br \/>\nEn Colombie, nous sommes ind\u00e9pendants mais en Europe nous ne le sommes pas et gr\u00e2ce \u00e0 Phil Manzanera (musicien et producteur Britannique) nous avons affin\u00e9 nos choix des morceaux pour finaliser l&rsquo;album.<\/p>\n<p><b>ANR: Y a-t il l&rsquo;histoire d&rsquo;un morceau en particulier que vous souhaiterez partager avec nous ?<\/b><\/p>\n<p><b>Oscar<\/b> : en fait toutes les chansons ont quelque chose de sp\u00e9cial pour nous, il y avait \u00e0 la base 23 chansons et on voulait faire un double album<\/p>\n<p><b>ANR: Un double ? D\u00e9j\u00e0 ?<\/b><\/p>\n<p><b>Charry<\/b> : en gros Phil Manzanera nous a bien fait comprendre qu&rsquo;on pourrait se le permettre apr\u00e8s avoir fait un album live mais nous n&rsquo;en sommes vraiment pas l\u00e0 encore (rires)<\/p>\n<p><b>ANR: Alors Phil est une sorte de mentor pour vous ?<\/b><\/p>\n<p><b>Oscar<\/b> : \u00e0 100% ! Il nous a tout donn\u00e9 pour cet album, il a respect\u00e9 notre musique et il a sorti le meilleur en nous, c&rsquo;est ce qu&rsquo;un bon producteur doit faire.<\/p>\n<p><b>ANR: Vous faite comment pour bien vous entendre musicalement surtout que les gens vous ont mis en contact pour monter ce groupe ?<\/b><\/p>\n<p><b>Oscar<\/b> : le destin a fait que l\u2019on se croise et c\u2019est int\u00e9ressant ce qui se passe, puisque chacun de nous avons nos propres r\u00e9f\u00e9rences \/ influences\u2026<\/p>\n<p><b>Charry<\/b> : et personnalit\u00e9s\u2026<\/p>\n<p><b>Oscar <\/b>: \u2026et personnalit\u00e9s (merci..) et lorsqu\u2019on s\u2019est mis \u00e0 jouer ensemble on a r\u00e9alis\u00e9 qu\u2019on avait des objectifs en commun. Explorer ensemble la musique qu\u2019on pouvait cr\u00e9er nous a ouvert un champ de possibilit\u00e9s. Avant que l\u2019on se rencontre, nous avions tous jouer chacun de notre c\u00f4t\u00e9 et pendant longtemps. Aujourd\u2019hui m\u00eame si l\u2019on est tous diff\u00e9rents, on s\u2019entend bien, et on ne sait pas comment on y arrive\u2026 (rires).<\/p>\n<p><b>Charry<\/b> : On nous dit qu\u2019on d\u00e9gage quelque chose lors de nos lives. Cela vient du fait que chacun de nous apporte son originalit\u00e9 au groupe. Comme Douglas le bassiste avec son look (de Frank Zappa). Andres le batteur a qui par exemple les Anglais lui ont attribu\u00e9 le surnom de \u00ab The Killing Machine \u00bb (\u00e0 sa mani\u00e8re de manipuler son instrument\u2026), moi Charry le guitariste, je suis introvertie et quasiment en trans lorsque je joue et enfin Oscar le chanteur qui doit \u00eatre constamment connect\u00e9 avec le public.<\/p>\n<p><b>ANR: Parlant des gens qui vous regardent jouer, qu\u2019est ce que vous voulez leurs transmettre comme id\u00e9es ou sentiments \u00e0 travers ce 2\u00e8me album ?<\/b><\/p>\n<p><b>Oscar<\/b> : On voudrait partager la musique d\u00e9j\u00e0. Il y a un retour constant entre les fans et le groupe et gr\u00e2ce \u00e0 eux nous arrivons \u00e0 vivre et \u00e0 cr\u00e9er. De ces exp\u00e9riences nous \u00e9crivons nos chansons. On donne et on re\u00e7oit\u2026<\/p>\n<p><b>Charry<\/b> : On partage notre musique avec le c\u0153ur. C\u2019est aussi bizarre puisque personne ici ne pense qu\u2019il pourrait avoir une sc\u00e8ne rock respectable en Colombie. On essaie de montrer au monde une autre facette, positive, de notre pays, et \u00e7a c\u2019est bien de pouvoir le vivre avec des producteurs, des fans et tout le monde.<\/p>\n<p><b>ANR: Justement, l\u2019Am\u00e9rique Latine \u00e0 une histoire particuli\u00e8re dans la musique rock m\u00e9tal, comment vous comptez la renforcer ?<\/b><\/p>\n<p><b>Charry<\/b> : Il y a beaucoup de groupes en Am\u00e9rique Latine qui font d\u2019\u00e9normes concerts. Pour le moment le public europ\u00e9en n\u2019est pas tr\u00e8s bien renseign\u00e9 sur nous. Alors, on se sent comme des ambassadeurs de la musique rock de notre pays et on essaie justement de d\u00e9passer les fronti\u00e8res pour nous faire conna\u00eetre. On a beaucoup de groupes de rock contrairement \u00e0 ce qu\u2019on pourrait croire.<\/p>\n<p><b>Oscar<\/b> : En plus d\u2019\u00eatre Colombiens, nous chantons en anglais, chose qui est mal per\u00e7ue chez nous. Nous essayons de convaincre les autres groupes de rock Colombiens venir jouer ici en Europe et de suivre nos pas. On essaie de bosser ensemble comme un continent uni dans la musique.<\/p>\n<p><b>ANR: Juste le rock underground voudrait rester fid\u00e8le \u00e0 ses racines et \u00e0 ses valeurs, ces groupes de rock voudrait peut-\u00eatre \u00e9viter d\u2019avoir leurs morceaux catalogu\u00e9s comme de la musique commerciale ?<\/b><\/p>\n<p><b>Charry<\/b> : en Colombie, ce n\u2019est pas une option. Le rock chez nous est juste tout simplement underground.<\/p>\n<p><b>Oscar<\/b> : la musique commerciale commence dans le monde underground ensuite \u00e9volue vers le monde \u00ab mainstream \u00bb d\u00e9pendant de si la musique est vraiment bien. Peut-\u00eatre que les types de The Cure ou Nirvana ne voulaient pas tomber dans le \u00ab mainstream \u00bb mais leurs musiques \u00e9tait tellement bien , plus l\u2019accumulation des shows et des \u00e9v\u00e8nements, qu\u2019ils n\u2019avaient plus trop le choix de rester underground. Et l\u00e0 t\u2019as d\u2019autres groupes qui copient et l\u00e0 c\u2019est la m\u2026 Pour notre part on n\u2019a jamais imagin\u00e9 pouvoir enregistrer notre album \u00e0 Londres ni venir \u00e0 Paris. On a cherch\u00e9 \u00e0 faire ce qu\u2019on aime le plus et gr\u00e2ce aux bonnes conditions de travail nous avons atterris ici.<\/p>\n<p><b>ANR: Pour finir, c\u2019est quoi votre message pour nos lecteurs ?<\/b><\/p>\n<p><b>Oscar<\/b> (cette fois ci il nous parle en fran\u00e7ais, un bon fran\u00e7ais avec l\u2019accent et tout\u2026) : Nous voulons montrer un c\u00f4t\u00e9 positif et diff\u00e9rent de la Colombie. C\u2019est dommage parce que tout le monde pense que ce pays repr\u00e9sente la drogue et la guerre mais il y a aussi \u00e9norm\u00e9ment de belles choses dans notre pays et on est uni.<\/p>\n<p><b>ANR: Cool ! on vous souhaite le meilleur !<\/b><\/p>\n<p><b>The Hall Effect : <\/b>YYYYEEEEAAAHHHHHHHH<\/p>\n","protected":false},"excerpt":{"rendered":"<p>ANR: F\u00e9licitations pour cet album ! The Hall Effect : Merci ! ANR: il y a beaucoup d&rsquo;efforts fournis au niveau de la musique, des paroles et des vid\u00e9os, pouvez-vous nous expliquer le processus de ce 2nd album ( \u00ab The Hall Effect \u00bb , m\u00eame nom que le groupe) Oscar : on a cr\u00e9\u00e9 notre 1er album \u00ab\u00a0Aim At Me\u00a0\u00bb en 2006. On s&rsquo;est remis \u00e0 \u00e9crire de nouvelles chansons juste apr\u00e8s la sortie de l\u2019album. La 2\u00e8me \u00e9crite \u00e9tait \u00ab\u00a0King\u00a0\u00bb (8\u00e8me chanson de \u00ab\u00a0The Hall Effect\u00a0\u00bb). Du coup on a jou\u00e9 ces chansons pendant 3 ans. Au final [&hellip;]<\/p>\n","protected":false},"author":12,"featured_media":1013,"comment_status":"open","ping_status":"open","sticky":false,"template":"","format":"standard","meta":{"_mi_skip_tracking":false,"_monsterinsights_sitenote_active":false,"_monsterinsights_sitenote_note":"","_monsterinsights_sitenote_category":0,"footnotes":""},"categories":[3],"tags":[332,246,331,281],"class_list":["post-845","post","type-post","status-publish","format-standard","has-post-thumbnail","hentry","category-interviews","tag-charry","tag-interview","tag-oscar","tag-the-hall-effect"],"yoast_head":"<!-- This site is optimized with the Yoast SEO plugin v23.9 - https:\/\/yoast.com\/wordpress\/plugins\/seo\/ -->\n<title>Interview de Oscar, chanteur et Charry, guitariste du groupe The Hall Effect Juin 2012 - Art&#039;n&#039;Roll Webzine<\/title>\n<meta name=\"robots\" content=\"index, follow, max-snippet:-1, max-image-preview:large, max-video-preview:-1\" \/>\n<link rel=\"canonical\" href=\"https:\/\/www.artnroll.net\/home\/?p=845\" \/>\n<meta property=\"og:locale\" content=\"fr_FR\" \/>\n<meta property=\"og:type\" content=\"article\" \/>\n<meta property=\"og:title\" content=\"Interview de Oscar, chanteur et Charry, guitariste du groupe The Hall Effect Juin 2012 - Art&#039;n&#039;Roll Webzine\" \/>\n<meta property=\"og:description\" content=\"ANR: F\u00e9licitations pour cet album ! The Hall Effect : Merci ! ANR: il y a beaucoup d&rsquo;efforts fournis au niveau de la musique, des paroles et des vid\u00e9os, pouvez-vous nous expliquer le processus de ce 2nd album ( \u00ab The Hall Effect \u00bb , m\u00eame nom que le groupe) Oscar : on a cr\u00e9\u00e9 notre 1er album \u00ab\u00a0Aim At Me\u00a0\u00bb en 2006. On s&rsquo;est remis \u00e0 \u00e9crire de nouvelles chansons juste apr\u00e8s la sortie de l\u2019album. La 2\u00e8me \u00e9crite \u00e9tait \u00ab\u00a0King\u00a0\u00bb (8\u00e8me chanson de \u00ab\u00a0The Hall Effect\u00a0\u00bb). Du coup on a jou\u00e9 ces chansons pendant 3 ans. Au final [&hellip;]\" \/>\n<meta property=\"og:url\" content=\"https:\/\/www.artnroll.net\/home\/?p=845\" \/>\n<meta property=\"og:site_name\" content=\"Art&#039;n&#039;Roll Webzine\" \/>\n<meta property=\"article:publisher\" content=\"https:\/\/www.facebook.com\/artnroll.net\/\" \/>\n<meta property=\"article:published_time\" content=\"2012-07-04T13:56:03+00:00\" \/>\n<meta property=\"article:modified_time\" content=\"2017-02-22T13:50:04+00:00\" \/>\n<meta property=\"og:image\" content=\"https:\/\/www.artnroll.net\/home\/wp-content\/uploads\/2012\/07\/The-Hall-Effect-The-Hall-Effect.jpg\" \/>\n\t<meta property=\"og:image:width\" content=\"400\" \/>\n\t<meta property=\"og:image:height\" content=\"307\" \/>\n\t<meta property=\"og:image:type\" content=\"image\/jpeg\" \/>\n<meta name=\"author\" content=\"Athylia\" \/>\n<meta name=\"twitter:label1\" content=\"\u00c9crit par\" \/>\n\t<meta name=\"twitter:data1\" content=\"Athylia\" \/>\n\t<meta name=\"twitter:label2\" content=\"Dur\u00e9e de lecture estim\u00e9e\" \/>\n\t<meta name=\"twitter:data2\" content=\"5 minutes\" \/>\n<script type=\"application\/ld+json\" class=\"yoast-schema-graph\">{\"@context\":\"https:\/\/schema.org\",\"@graph\":[{\"@type\":\"WebPage\",\"@id\":\"https:\/\/www.artnroll.net\/home\/?p=845\",\"url\":\"https:\/\/www.artnroll.net\/home\/?p=845\",\"name\":\"Interview de Oscar, chanteur et Charry, guitariste du groupe The Hall Effect Juin 2012 - Art&#039;n&#039;Roll Webzine\",\"isPartOf\":{\"@id\":\"https:\/\/www.artnroll.net\/home\/#website\"},\"primaryImageOfPage\":{\"@id\":\"https:\/\/www.artnroll.net\/home\/?p=845#primaryimage\"},\"image\":{\"@id\":\"https:\/\/www.artnroll.net\/home\/?p=845#primaryimage\"},\"thumbnailUrl\":\"https:\/\/www.artnroll.net\/home\/wp-content\/uploads\/2012\/07\/The-Hall-Effect-The-Hall-Effect.jpg\",\"datePublished\":\"2012-07-04T13:56:03+00:00\",\"dateModified\":\"2017-02-22T13:50:04+00:00\",\"author\":{\"@id\":\"https:\/\/www.artnroll.net\/home\/#\/schema\/person\/a4886deb85935e005225a19d438143e9\"},\"inLanguage\":\"fr-FR\",\"potentialAction\":[{\"@type\":\"ReadAction\",\"target\":[\"https:\/\/www.artnroll.net\/home\/?p=845\"]}]},{\"@type\":\"ImageObject\",\"inLanguage\":\"fr-FR\",\"@id\":\"https:\/\/www.artnroll.net\/home\/?p=845#primaryimage\",\"url\":\"https:\/\/www.artnroll.net\/home\/wp-content\/uploads\/2012\/07\/The-Hall-Effect-The-Hall-Effect.jpg\",\"contentUrl\":\"https:\/\/www.artnroll.net\/home\/wp-content\/uploads\/2012\/07\/The-Hall-Effect-The-Hall-Effect.jpg\",\"width\":400,\"height\":307},{\"@type\":\"WebSite\",\"@id\":\"https:\/\/www.artnroll.net\/home\/#website\",\"url\":\"https:\/\/www.artnroll.net\/home\/\",\"name\":\"Art&#039;n&#039;Roll Webzine\",\"description\":\"Webzine on the Rocks\",\"potentialAction\":[{\"@type\":\"SearchAction\",\"target\":{\"@type\":\"EntryPoint\",\"urlTemplate\":\"https:\/\/www.artnroll.net\/home\/?s={search_term_string}\"},\"query-input\":{\"@type\":\"PropertyValueSpecification\",\"valueRequired\":true,\"valueName\":\"search_term_string\"}}],\"inLanguage\":\"fr-FR\"},{\"@type\":\"Person\",\"@id\":\"https:\/\/www.artnroll.net\/home\/#\/schema\/person\/a4886deb85935e005225a19d438143e9\",\"name\":\"Athylia\",\"image\":{\"@type\":\"ImageObject\",\"inLanguage\":\"fr-FR\",\"@id\":\"https:\/\/www.artnroll.net\/home\/#\/schema\/person\/image\/\",\"url\":\"https:\/\/secure.gravatar.com\/avatar\/863e2ba4e58f576508eac4e3f6e7cc3e13961cb6bf6f82ab8ff3de0d34718090?s=96&d=mm&r=g\",\"contentUrl\":\"https:\/\/secure.gravatar.com\/avatar\/863e2ba4e58f576508eac4e3f6e7cc3e13961cb6bf6f82ab8ff3de0d34718090?s=96&d=mm&r=g\",\"caption\":\"Athylia\"},\"url\":\"https:\/\/www.artnroll.net\/home\/?author=12\"}]}<\/script>\n<!-- \/ Yoast SEO plugin. -->","yoast_head_json":{"title":"Interview de Oscar, chanteur et Charry, guitariste du groupe The Hall Effect Juin 2012 - Art&#039;n&#039;Roll Webzine","robots":{"index":"index","follow":"follow","max-snippet":"max-snippet:-1","max-image-preview":"max-image-preview:large","max-video-preview":"max-video-preview:-1"},"canonical":"https:\/\/www.artnroll.net\/home\/?p=845","og_locale":"fr_FR","og_type":"article","og_title":"Interview de Oscar, chanteur et Charry, guitariste du groupe The Hall Effect Juin 2012 - Art&#039;n&#039;Roll Webzine","og_description":"ANR: F\u00e9licitations pour cet album ! The Hall Effect : Merci ! ANR: il y a beaucoup d&rsquo;efforts fournis au niveau de la musique, des paroles et des vid\u00e9os, pouvez-vous nous expliquer le processus de ce 2nd album ( \u00ab The Hall Effect \u00bb , m\u00eame nom que le groupe) Oscar : on a cr\u00e9\u00e9 notre 1er album \u00ab\u00a0Aim At Me\u00a0\u00bb en 2006. On s&rsquo;est remis \u00e0 \u00e9crire de nouvelles chansons juste apr\u00e8s la sortie de l\u2019album. La 2\u00e8me \u00e9crite \u00e9tait \u00ab\u00a0King\u00a0\u00bb (8\u00e8me chanson de \u00ab\u00a0The Hall Effect\u00a0\u00bb). Du coup on a jou\u00e9 ces chansons pendant 3 ans. Au final [&hellip;]","og_url":"https:\/\/www.artnroll.net\/home\/?p=845","og_site_name":"Art&#039;n&#039;Roll Webzine","article_publisher":"https:\/\/www.facebook.com\/artnroll.net\/","article_published_time":"2012-07-04T13:56:03+00:00","article_modified_time":"2017-02-22T13:50:04+00:00","og_image":[{"width":400,"height":307,"url":"https:\/\/www.artnroll.net\/home\/wp-content\/uploads\/2012\/07\/The-Hall-Effect-The-Hall-Effect.jpg","type":"image\/jpeg"}],"author":"Athylia","twitter_misc":{"\u00c9crit par":"Athylia","Dur\u00e9e de lecture estim\u00e9e":"5 minutes"},"schema":{"@context":"https:\/\/schema.org","@graph":[{"@type":"WebPage","@id":"https:\/\/www.artnroll.net\/home\/?p=845","url":"https:\/\/www.artnroll.net\/home\/?p=845","name":"Interview de Oscar, chanteur et Charry, guitariste du groupe The Hall Effect Juin 2012 - Art&#039;n&#039;Roll Webzine","isPartOf":{"@id":"https:\/\/www.artnroll.net\/home\/#website"},"primaryImageOfPage":{"@id":"https:\/\/www.artnroll.net\/home\/?p=845#primaryimage"},"image":{"@id":"https:\/\/www.artnroll.net\/home\/?p=845#primaryimage"},"thumbnailUrl":"https:\/\/www.artnroll.net\/home\/wp-content\/uploads\/2012\/07\/The-Hall-Effect-The-Hall-Effect.jpg","datePublished":"2012-07-04T13:56:03+00:00","dateModified":"2017-02-22T13:50:04+00:00","author":{"@id":"https:\/\/www.artnroll.net\/home\/#\/schema\/person\/a4886deb85935e005225a19d438143e9"},"inLanguage":"fr-FR","potentialAction":[{"@type":"ReadAction","target":["https:\/\/www.artnroll.net\/home\/?p=845"]}]},{"@type":"ImageObject","inLanguage":"fr-FR","@id":"https:\/\/www.artnroll.net\/home\/?p=845#primaryimage","url":"https:\/\/www.artnroll.net\/home\/wp-content\/uploads\/2012\/07\/The-Hall-Effect-The-Hall-Effect.jpg","contentUrl":"https:\/\/www.artnroll.net\/home\/wp-content\/uploads\/2012\/07\/The-Hall-Effect-The-Hall-Effect.jpg","width":400,"height":307},{"@type":"WebSite","@id":"https:\/\/www.artnroll.net\/home\/#website","url":"https:\/\/www.artnroll.net\/home\/","name":"Art&#039;n&#039;Roll Webzine","description":"Webzine on the Rocks","potentialAction":[{"@type":"SearchAction","target":{"@type":"EntryPoint","urlTemplate":"https:\/\/www.artnroll.net\/home\/?s={search_term_string}"},"query-input":{"@type":"PropertyValueSpecification","valueRequired":true,"valueName":"search_term_string"}}],"inLanguage":"fr-FR"},{"@type":"Person","@id":"https:\/\/www.artnroll.net\/home\/#\/schema\/person\/a4886deb85935e005225a19d438143e9","name":"Athylia","image":{"@type":"ImageObject","inLanguage":"fr-FR","@id":"https:\/\/www.artnroll.net\/home\/#\/schema\/person\/image\/","url":"https:\/\/secure.gravatar.com\/avatar\/863e2ba4e58f576508eac4e3f6e7cc3e13961cb6bf6f82ab8ff3de0d34718090?s=96&d=mm&r=g","contentUrl":"https:\/\/secure.gravatar.com\/avatar\/863e2ba4e58f576508eac4e3f6e7cc3e13961cb6bf6f82ab8ff3de0d34718090?s=96&d=mm&r=g","caption":"Athylia"},"url":"https:\/\/www.artnroll.net\/home\/?author=12"}]}},"_links":{"self":[{"href":"https:\/\/www.artnroll.net\/home\/index.php?rest_route=\/wp\/v2\/posts\/845","targetHints":{"allow":["GET"]}}],"collection":[{"href":"https:\/\/www.artnroll.net\/home\/index.php?rest_route=\/wp\/v2\/posts"}],"about":[{"href":"https:\/\/www.artnroll.net\/home\/index.php?rest_route=\/wp\/v2\/types\/post"}],"author":[{"embeddable":true,"href":"https:\/\/www.artnroll.net\/home\/index.php?rest_route=\/wp\/v2\/users\/12"}],"replies":[{"embeddable":true,"href":"https:\/\/www.artnroll.net\/home\/index.php?rest_route=%2Fwp%2Fv2%2Fcomments&post=845"}],"version-history":[{"count":8,"href":"https:\/\/www.artnroll.net\/home\/index.php?rest_route=\/wp\/v2\/posts\/845\/revisions"}],"predecessor-version":[{"id":1089,"href":"https:\/\/www.artnroll.net\/home\/index.php?rest_route=\/wp\/v2\/posts\/845\/revisions\/1089"}],"wp:featuredmedia":[{"embeddable":true,"href":"https:\/\/www.artnroll.net\/home\/index.php?rest_route=\/wp\/v2\/media\/1013"}],"wp:attachment":[{"href":"https:\/\/www.artnroll.net\/home\/index.php?rest_route=%2Fwp%2Fv2%2Fmedia&parent=845"}],"wp:term":[{"taxonomy":"category","embeddable":true,"href":"https:\/\/www.artnroll.net\/home\/index.php?rest_route=%2Fwp%2Fv2%2Fcategories&post=845"},{"taxonomy":"post_tag","embeddable":true,"href":"https:\/\/www.artnroll.net\/home\/index.php?rest_route=%2Fwp%2Fv2%2Ftags&post=845"}],"curies":[{"name":"wp","href":"https:\/\/api.w.org\/{rel}","templated":true}]}}