{"id":5602,"date":"2014-12-26T13:07:30","date_gmt":"2014-12-26T12:07:30","guid":{"rendered":"http:\/\/www.artnroll.net\/home\/?p=5602"},"modified":"2014-12-26T13:10:16","modified_gmt":"2014-12-26T12:10:16","slug":"ez3kiel-bataclan-09122014","status":"publish","type":"post","link":"https:\/\/www.artnroll.net\/home\/?p=5602","title":{"rendered":"EZ3kiel @ Bataclan le 09\/12\/2014"},"content":{"rendered":"<p>Ce soir, nous avons rendez-vous au Bataclan pour une soir\u00e9e particuli\u00e8re : la release party de l\u2019album \u201cLUX\u201d d\u2019EZ3kiel<\/p>\n<p><img loading=\"lazy\" decoding=\"async\" class=\"aligncenter wp-image-5605 size-medium\" src=\"http:\/\/www.artnroll.net\/home\/wp-content\/uploads\/2014\/12\/1512439_10204684664850054_5817816133144982755_n-300x225.jpg\" alt=\"1512439_10204684664850054_5817816133144982755_n\" width=\"300\" height=\"225\" srcset=\"https:\/\/www.artnroll.net\/home\/wp-content\/uploads\/2014\/12\/1512439_10204684664850054_5817816133144982755_n-300x225.jpg 300w, https:\/\/www.artnroll.net\/home\/wp-content\/uploads\/2014\/12\/1512439_10204684664850054_5817816133144982755_n-600x450.jpg 600w, https:\/\/www.artnroll.net\/home\/wp-content\/uploads\/2014\/12\/1512439_10204684664850054_5817816133144982755_n.jpg 960w\" sizes=\"auto, (max-width: 300px) 100vw, 300px\" \/><\/p>\n<p>6 ann\u00e9es se sont \u00e9coul\u00e9es depuis leur pr\u00e9c\u00e8dent album studio \u201cBattlefield\u201d (sorti en 2008) et l\u2019on attendait avec impatience la suite des aventures musicales de ce groupe mythique de la sc\u00e8ne post-rock\/\u00e9lectro fran\u00e7aise. Ils viennent pr\u00e9senter leur 5\u00e8me album studio et le premier depuis le d\u00e9part de Matthieu Fays, l\u2019un des fondateurs.<\/p>\n<p>Un nouvel album qui attire les foules, puisque l\u2019on jouera ce soir \u00e0 guichets ferm\u00e9s, le Bataclan est archi-complet, cela fait plaisir \u00e0 voir.<\/p>\n<p>&nbsp;<\/p>\n<p><strong>Chapelier Fou<\/strong><\/p>\n<p>Ce soir, pour l\u2019ap\u00e9ritif, nous avons droit \u00e0 Chapelier Fou ! Je ne le connais pas et il me tarde de d\u00e9couvrir ce qu\u2019il fait, nombre de mes confr\u00e8res chroniqueurs m\u2019ayant parl\u00e9 de lui avant le show.<\/p>\n<p><img loading=\"lazy\" decoding=\"async\" class=\"aligncenter size-large wp-image-5613\" src=\"http:\/\/www.artnroll.net\/home\/wp-content\/uploads\/2014\/12\/20141209_-_ANR_-_01_Le_Chapelier_Fou_-_Bataclan_Paris_-_DSC2204-600x400.jpg\" alt=\"20141209_-_ANR_-_01_Le_Chapelier_Fou_-_Bataclan_Paris_-_DSC2204\" width=\"600\" height=\"400\" srcset=\"https:\/\/www.artnroll.net\/home\/wp-content\/uploads\/2014\/12\/20141209_-_ANR_-_01_Le_Chapelier_Fou_-_Bataclan_Paris_-_DSC2204-600x400.jpg 600w, https:\/\/www.artnroll.net\/home\/wp-content\/uploads\/2014\/12\/20141209_-_ANR_-_01_Le_Chapelier_Fou_-_Bataclan_Paris_-_DSC2204-300x200.jpg 300w, https:\/\/www.artnroll.net\/home\/wp-content\/uploads\/2014\/12\/20141209_-_ANR_-_01_Le_Chapelier_Fou_-_Bataclan_Paris_-_DSC2204-420x280.jpg 420w, https:\/\/www.artnroll.net\/home\/wp-content\/uploads\/2014\/12\/20141209_-_ANR_-_01_Le_Chapelier_Fou_-_Bataclan_Paris_-_DSC2204.jpg 800w\" sizes=\"auto, (max-width: 600px) 100vw, 600px\" \/><\/p>\n<p>M\u00eame si il s\u2019inspire pour le nom de celui d\u2019Alice au pays des Merveilles, c\u2019est bien Louis Warynski (dit Chapelier Fou) qui avec ses camarades (1 femme et 2 hommes), forment sur sc\u00e8ne le joli quatuor qui se pr\u00e9sente \u00e0 nous peu avant 20h.<\/p>\n<p>Dispos\u00e9 face au public en arc de cercle, ils ont plac\u00e9 sur la sc\u00e8ne des instruments classiques (Violons, Violoncelle, Clarinette, Haubois, guitare), des instruments \u00e9lectroniques (pads, claviers), ordinateur et m\u00eame des Joysticks.<\/p>\n<p>Le groupe mixe donc en live, des samples, de la musique \u00e9lectronique avec des instruments classiques pour d\u00e9livrer une \u00e9lectro instrumentale puissante et m\u00e9lodique. C\u2019est tr\u00e8s plaisant, et le public appr\u00e9cie l\u2019\u00e9nergie d\u00e9ploy\u00e9e par le groupe pour pr\u00e9parer l\u2019arriv\u00e9e d\u2019EZ3kiel. Un petit show de lasers verts viendra ponctuer l\u2019un de leurs morceaux, combin\u00e9 \u00e0 un peu de fum\u00e9, c\u2019est plaisant visuellement.<\/p>\n<p>Ils rendent la sc\u00e8ne \u00e0 20:30, apr\u00e8s avoir remerci\u00e9 chaleureusement le public parisien venu en masse ce soir.<\/p>\n<p>&nbsp;<\/p>\n<p><strong>EZ3kiel<\/strong><\/p>\n<p>Sit\u00f4t Chapelier Fou termin\u00e9, les roadies s\u2019activent de vider la sc\u00e8ne pour installer l\u2019impressionnant dispositif sc\u00e9nique d\u2019EZ3kiel\u00a0; en particulier, un gigantesque mur, compos\u00e9 de 4 longues rang\u00e9s d\u2019\u00e9l\u00e9ments lumineux pouvant s\u2019ouvrir, se fermer, pivoter dans tous les sens, ainsi qu\u2019offrir une surface plane de projection.<\/p>\n<p>En ce qui concerne la disposition, la batterie est au centre de la sc\u00e8ne.<\/p>\n<p>Le bassiste se place \u00e0 gauche, le guitariste \/ clavieriste \u00e0 droite. Tous les trois \u00e9tant assez proches du bord de sc\u00e8ne.<\/p>\n<p><img loading=\"lazy\" decoding=\"async\" class=\"aligncenter size-large wp-image-5627\" src=\"http:\/\/www.artnroll.net\/home\/wp-content\/uploads\/2014\/12\/20141209_-_ANR_-_02_EZ3kiel_-_Bataclan_Paris_-_DSC2676-Edit_iPad-600x400.jpg\" alt=\"20141209_-_ANR_-_02_EZ3kiel_-_Bataclan_Paris_-_DSC2676-Edit_iPad\" width=\"600\" height=\"400\" srcset=\"https:\/\/www.artnroll.net\/home\/wp-content\/uploads\/2014\/12\/20141209_-_ANR_-_02_EZ3kiel_-_Bataclan_Paris_-_DSC2676-Edit_iPad-600x400.jpg 600w, https:\/\/www.artnroll.net\/home\/wp-content\/uploads\/2014\/12\/20141209_-_ANR_-_02_EZ3kiel_-_Bataclan_Paris_-_DSC2676-Edit_iPad-300x200.jpg 300w, https:\/\/www.artnroll.net\/home\/wp-content\/uploads\/2014\/12\/20141209_-_ANR_-_02_EZ3kiel_-_Bataclan_Paris_-_DSC2676-Edit_iPad-420x280.jpg 420w, https:\/\/www.artnroll.net\/home\/wp-content\/uploads\/2014\/12\/20141209_-_ANR_-_02_EZ3kiel_-_Bataclan_Paris_-_DSC2676-Edit_iPad.jpg 800w\" sizes=\"auto, (max-width: 600px) 100vw, 600px\" \/><\/p>\n<p>D\u00e8s les premiers morceaux, le son est d\u2019une puissance assez incroyable \u2013 Rarement entendu le Bataclan sonner comme cela. Les effets lumineux derri\u00e8re les musiciens s\u2019enchainent, combin\u00e9 avec des lasers et quelques autres projecteurs, il r\u00eagne une belle atmosph\u00e8re dark dans la salle.<\/p>\n<p>Les morceaux s\u2019enchainent, tr\u00e8s peu de temps entre chaque. Une sorte de grand-mix live, combinant la musique appuy\u00e9e par les effets lumineux. Le d\u00e9roul\u00e9 est millim\u00e9tr\u00e9, et ce n\u2019est pas une sangle de guitare qui l\u00e2che qui perturbe la m\u00e9canique ce soir, elle est bien huil\u00e9 depuis plusieurs mois.<\/p>\n<p>Durant le concert, Pierre Mottron rejoint le trio sur sc\u00e8ne pour m\u00ealer sa voix aux notes suaves et chaudes de la musique\u00a0: c\u2019est l\u2019heure d\u2019\u00ab\u00a0Anonymous \u00bb, un morceau down tempo qui envoute la salle.<\/p>\n<p><img loading=\"lazy\" decoding=\"async\" class=\"aligncenter size-large wp-image-5625\" src=\"http:\/\/www.artnroll.net\/home\/wp-content\/uploads\/2014\/12\/20141209_-_ANR_-_02_EZ3kiel_-_Bataclan_Paris_-_DSC2576_iPad-600x400.jpg\" alt=\"20141209_-_ANR_-_02_EZ3kiel_-_Bataclan_Paris_-_DSC2576_iPad\" width=\"600\" height=\"400\" srcset=\"https:\/\/www.artnroll.net\/home\/wp-content\/uploads\/2014\/12\/20141209_-_ANR_-_02_EZ3kiel_-_Bataclan_Paris_-_DSC2576_iPad-600x400.jpg 600w, https:\/\/www.artnroll.net\/home\/wp-content\/uploads\/2014\/12\/20141209_-_ANR_-_02_EZ3kiel_-_Bataclan_Paris_-_DSC2576_iPad-300x200.jpg 300w, https:\/\/www.artnroll.net\/home\/wp-content\/uploads\/2014\/12\/20141209_-_ANR_-_02_EZ3kiel_-_Bataclan_Paris_-_DSC2576_iPad-420x280.jpg 420w, https:\/\/www.artnroll.net\/home\/wp-content\/uploads\/2014\/12\/20141209_-_ANR_-_02_EZ3kiel_-_Bataclan_Paris_-_DSC2576_iPad.jpg 800w\" sizes=\"auto, (max-width: 600px) 100vw, 600px\" \/><\/p>\n<p>Un grand moment de communion a lieu quand le groupe joue \u00ab\u00a0Versus\u00a0\u00bb, morceau phare de l\u2019album \u00ab\u00a0Barb4ry\u00a0\u00bb. Les t\u00eates s\u2019agitent &#8211; on se demandait tous quand ils allaient le jouer.<\/p>\n<p>Le show light a \u00e9t\u00e9 extr\u00eamement impressionnant gr\u00e2ce au dispositif mis en place.<\/p>\n<p>Je regrette juste un petit peu que la vid\u00e9o n\u2019ait pas \u00e9t\u00e9 plus utilis\u00e9 pour mettre des images sur la musique de ce nouvel opus, c\u2019est pourtant une des marque de fabrique d\u2019EZ3kiel.<\/p>\n<p>Une belle soir\u00e9e en r\u00e9sum\u00e9 pour le reste, la tourn\u00e9e d\u2019EZ3kiel va maintenant se poursuivre jusqu\u2019en milieu d\u2019ann\u00e9e prochaine N\u2019h\u00e9sitez pas \u00e0 aller les voir, vous serez bluff\u00e9 par le show visuel et sonore.<\/p>\n<p><img loading=\"lazy\" decoding=\"async\" class=\"aligncenter size-large wp-image-5630\" src=\"http:\/\/www.artnroll.net\/home\/wp-content\/uploads\/2014\/12\/20141209_-_ANR_-_02_EZ3kiel_-_Bataclan_Paris_-_DSC2773_iPad-600x400.jpg\" alt=\"20141209_-_ANR_-_02_EZ3kiel_-_Bataclan_Paris_-_DSC2773_iPad\" width=\"600\" height=\"400\" srcset=\"https:\/\/www.artnroll.net\/home\/wp-content\/uploads\/2014\/12\/20141209_-_ANR_-_02_EZ3kiel_-_Bataclan_Paris_-_DSC2773_iPad-600x400.jpg 600w, https:\/\/www.artnroll.net\/home\/wp-content\/uploads\/2014\/12\/20141209_-_ANR_-_02_EZ3kiel_-_Bataclan_Paris_-_DSC2773_iPad-300x200.jpg 300w, https:\/\/www.artnroll.net\/home\/wp-content\/uploads\/2014\/12\/20141209_-_ANR_-_02_EZ3kiel_-_Bataclan_Paris_-_DSC2773_iPad-420x280.jpg 420w, https:\/\/www.artnroll.net\/home\/wp-content\/uploads\/2014\/12\/20141209_-_ANR_-_02_EZ3kiel_-_Bataclan_Paris_-_DSC2773_iPad.jpg 800w\" sizes=\"auto, (max-width: 600px) 100vw, 600px\" \/><\/p>\n<p>[simpleviewer gallery_id=\u00a0\u00bb74&Prime;]<\/p>\n","protected":false},"excerpt":{"rendered":"<p>Ce soir, nous avons rendez-vous au Bataclan pour une soir\u00e9e particuli\u00e8re : la release party de l\u2019album \u201cLUX\u201d d\u2019EZ3kiel 6 ann\u00e9es se sont \u00e9coul\u00e9es depuis leur pr\u00e9c\u00e8dent album studio \u201cBattlefield\u201d (sorti en 2008) et l\u2019on attendait avec impatience la suite des aventures musicales de ce groupe mythique de la sc\u00e8ne post-rock\/\u00e9lectro fran\u00e7aise. Ils viennent pr\u00e9senter leur 5\u00e8me album studio et le premier depuis le d\u00e9part de Matthieu Fays, l\u2019un des fondateurs. Un nouvel album qui attire les foules, puisque l\u2019on jouera ce soir \u00e0 guichets ferm\u00e9s, le Bataclan est archi-complet, cela fait plaisir \u00e0 voir. &nbsp; Chapelier Fou Ce soir, [&hellip;]<\/p>\n","protected":false},"author":7,"featured_media":5627,"comment_status":"open","ping_status":"closed","sticky":true,"template":"","format":"standard","meta":{"_mi_skip_tracking":false,"_monsterinsights_sitenote_active":false,"_monsterinsights_sitenote_note":"","_monsterinsights_sitenote_category":0,"footnotes":""},"categories":[2],"tags":[378,996,997,998,995,994],"class_list":["post-5602","post","type-post","status-publish","format-standard","has-post-thumbnail","hentry","category-live-reports","tag-bataclan","tag-chapelier-fou","tag-dub","tag-electro","tag-ez3kiel","tag-ezekiel"],"yoast_head":"<!-- This site is optimized with the Yoast SEO plugin v23.9 - https:\/\/yoast.com\/wordpress\/plugins\/seo\/ -->\n<title>EZ3kiel @ Bataclan le 09\/12\/2014 - Art&#039;n&#039;Roll Webzine<\/title>\n<meta name=\"description\" content=\"Live report et photos du concert d&#039;EZ3kiel au Bataclan le 09\/12\/2014\" \/>\n<meta name=\"robots\" content=\"index, follow, max-snippet:-1, max-image-preview:large, max-video-preview:-1\" \/>\n<link rel=\"canonical\" href=\"https:\/\/www.artnroll.net\/home\/?p=5602\" \/>\n<meta property=\"og:locale\" content=\"fr_FR\" \/>\n<meta property=\"og:type\" content=\"article\" \/>\n<meta property=\"og:title\" content=\"EZ3kiel @ Bataclan le 09\/12\/2014 - Art&#039;n&#039;Roll Webzine\" \/>\n<meta property=\"og:description\" content=\"Live report et photos du concert d&#039;EZ3kiel au Bataclan le 09\/12\/2014\" \/>\n<meta property=\"og:url\" content=\"https:\/\/www.artnroll.net\/home\/?p=5602\" \/>\n<meta property=\"og:site_name\" content=\"Art&#039;n&#039;Roll Webzine\" \/>\n<meta property=\"article:publisher\" content=\"https:\/\/www.facebook.com\/artnroll.net\/\" \/>\n<meta property=\"article:published_time\" content=\"2014-12-26T12:07:30+00:00\" \/>\n<meta property=\"article:modified_time\" content=\"2014-12-26T12:10:16+00:00\" \/>\n<meta property=\"og:image\" content=\"https:\/\/www.artnroll.net\/home\/wp-content\/uploads\/2014\/12\/20141209_-_ANR_-_02_EZ3kiel_-_Bataclan_Paris_-_DSC2676-Edit_iPad.jpg\" \/>\n\t<meta property=\"og:image:width\" content=\"800\" \/>\n\t<meta property=\"og:image:height\" content=\"534\" \/>\n\t<meta property=\"og:image:type\" content=\"image\/jpeg\" \/>\n<meta name=\"author\" content=\"JB\" \/>\n<meta name=\"twitter:label1\" content=\"\u00c9crit par\" \/>\n\t<meta name=\"twitter:data1\" content=\"JB\" \/>\n\t<meta name=\"twitter:label2\" content=\"Dur\u00e9e de lecture estim\u00e9e\" \/>\n\t<meta name=\"twitter:data2\" content=\"3 minutes\" \/>\n<script type=\"application\/ld+json\" class=\"yoast-schema-graph\">{\"@context\":\"https:\/\/schema.org\",\"@graph\":[{\"@type\":\"WebPage\",\"@id\":\"https:\/\/www.artnroll.net\/home\/?p=5602\",\"url\":\"https:\/\/www.artnroll.net\/home\/?p=5602\",\"name\":\"EZ3kiel @ Bataclan le 09\/12\/2014 - Art&#039;n&#039;Roll Webzine\",\"isPartOf\":{\"@id\":\"https:\/\/www.artnroll.net\/home\/#website\"},\"primaryImageOfPage\":{\"@id\":\"https:\/\/www.artnroll.net\/home\/?p=5602#primaryimage\"},\"image\":{\"@id\":\"https:\/\/www.artnroll.net\/home\/?p=5602#primaryimage\"},\"thumbnailUrl\":\"https:\/\/www.artnroll.net\/home\/wp-content\/uploads\/2014\/12\/20141209_-_ANR_-_02_EZ3kiel_-_Bataclan_Paris_-_DSC2676-Edit_iPad.jpg\",\"datePublished\":\"2014-12-26T12:07:30+00:00\",\"dateModified\":\"2014-12-26T12:10:16+00:00\",\"author\":{\"@id\":\"https:\/\/www.artnroll.net\/home\/#\/schema\/person\/182d71d18cbce76c7af4614503ce5414\"},\"description\":\"Live report et photos du concert d'EZ3kiel au Bataclan le 09\/12\/2014\",\"inLanguage\":\"fr-FR\",\"potentialAction\":[{\"@type\":\"ReadAction\",\"target\":[\"https:\/\/www.artnroll.net\/home\/?p=5602\"]}]},{\"@type\":\"ImageObject\",\"inLanguage\":\"fr-FR\",\"@id\":\"https:\/\/www.artnroll.net\/home\/?p=5602#primaryimage\",\"url\":\"https:\/\/www.artnroll.net\/home\/wp-content\/uploads\/2014\/12\/20141209_-_ANR_-_02_EZ3kiel_-_Bataclan_Paris_-_DSC2676-Edit_iPad.jpg\",\"contentUrl\":\"https:\/\/www.artnroll.net\/home\/wp-content\/uploads\/2014\/12\/20141209_-_ANR_-_02_EZ3kiel_-_Bataclan_Paris_-_DSC2676-Edit_iPad.jpg\",\"width\":800,\"height\":534},{\"@type\":\"WebSite\",\"@id\":\"https:\/\/www.artnroll.net\/home\/#website\",\"url\":\"https:\/\/www.artnroll.net\/home\/\",\"name\":\"Art&#039;n&#039;Roll Webzine\",\"description\":\"Webzine on the Rocks\",\"potentialAction\":[{\"@type\":\"SearchAction\",\"target\":{\"@type\":\"EntryPoint\",\"urlTemplate\":\"https:\/\/www.artnroll.net\/home\/?s={search_term_string}\"},\"query-input\":{\"@type\":\"PropertyValueSpecification\",\"valueRequired\":true,\"valueName\":\"search_term_string\"}}],\"inLanguage\":\"fr-FR\"},{\"@type\":\"Person\",\"@id\":\"https:\/\/www.artnroll.net\/home\/#\/schema\/person\/182d71d18cbce76c7af4614503ce5414\",\"name\":\"JB\",\"image\":{\"@type\":\"ImageObject\",\"inLanguage\":\"fr-FR\",\"@id\":\"https:\/\/www.artnroll.net\/home\/#\/schema\/person\/image\/\",\"url\":\"https:\/\/secure.gravatar.com\/avatar\/7ae2dce54cac66fb3e5df389cb6ceb8f830c41cea398b549907189e3bf75e9d1?s=96&d=mm&r=g\",\"contentUrl\":\"https:\/\/secure.gravatar.com\/avatar\/7ae2dce54cac66fb3e5df389cb6ceb8f830c41cea398b549907189e3bf75e9d1?s=96&d=mm&r=g\",\"caption\":\"JB\"},\"url\":\"https:\/\/www.artnroll.net\/home\/?author=7\"}]}<\/script>\n<!-- \/ Yoast SEO plugin. -->","yoast_head_json":{"title":"EZ3kiel @ Bataclan le 09\/12\/2014 - Art&#039;n&#039;Roll Webzine","description":"Live report et photos du concert d'EZ3kiel au Bataclan le 09\/12\/2014","robots":{"index":"index","follow":"follow","max-snippet":"max-snippet:-1","max-image-preview":"max-image-preview:large","max-video-preview":"max-video-preview:-1"},"canonical":"https:\/\/www.artnroll.net\/home\/?p=5602","og_locale":"fr_FR","og_type":"article","og_title":"EZ3kiel @ Bataclan le 09\/12\/2014 - Art&#039;n&#039;Roll Webzine","og_description":"Live report et photos du concert d'EZ3kiel au Bataclan le 09\/12\/2014","og_url":"https:\/\/www.artnroll.net\/home\/?p=5602","og_site_name":"Art&#039;n&#039;Roll Webzine","article_publisher":"https:\/\/www.facebook.com\/artnroll.net\/","article_published_time":"2014-12-26T12:07:30+00:00","article_modified_time":"2014-12-26T12:10:16+00:00","og_image":[{"width":800,"height":534,"url":"https:\/\/www.artnroll.net\/home\/wp-content\/uploads\/2014\/12\/20141209_-_ANR_-_02_EZ3kiel_-_Bataclan_Paris_-_DSC2676-Edit_iPad.jpg","type":"image\/jpeg"}],"author":"JB","twitter_misc":{"\u00c9crit par":"JB","Dur\u00e9e de lecture estim\u00e9e":"3 minutes"},"schema":{"@context":"https:\/\/schema.org","@graph":[{"@type":"WebPage","@id":"https:\/\/www.artnroll.net\/home\/?p=5602","url":"https:\/\/www.artnroll.net\/home\/?p=5602","name":"EZ3kiel @ Bataclan le 09\/12\/2014 - Art&#039;n&#039;Roll Webzine","isPartOf":{"@id":"https:\/\/www.artnroll.net\/home\/#website"},"primaryImageOfPage":{"@id":"https:\/\/www.artnroll.net\/home\/?p=5602#primaryimage"},"image":{"@id":"https:\/\/www.artnroll.net\/home\/?p=5602#primaryimage"},"thumbnailUrl":"https:\/\/www.artnroll.net\/home\/wp-content\/uploads\/2014\/12\/20141209_-_ANR_-_02_EZ3kiel_-_Bataclan_Paris_-_DSC2676-Edit_iPad.jpg","datePublished":"2014-12-26T12:07:30+00:00","dateModified":"2014-12-26T12:10:16+00:00","author":{"@id":"https:\/\/www.artnroll.net\/home\/#\/schema\/person\/182d71d18cbce76c7af4614503ce5414"},"description":"Live report et photos du concert d'EZ3kiel au Bataclan le 09\/12\/2014","inLanguage":"fr-FR","potentialAction":[{"@type":"ReadAction","target":["https:\/\/www.artnroll.net\/home\/?p=5602"]}]},{"@type":"ImageObject","inLanguage":"fr-FR","@id":"https:\/\/www.artnroll.net\/home\/?p=5602#primaryimage","url":"https:\/\/www.artnroll.net\/home\/wp-content\/uploads\/2014\/12\/20141209_-_ANR_-_02_EZ3kiel_-_Bataclan_Paris_-_DSC2676-Edit_iPad.jpg","contentUrl":"https:\/\/www.artnroll.net\/home\/wp-content\/uploads\/2014\/12\/20141209_-_ANR_-_02_EZ3kiel_-_Bataclan_Paris_-_DSC2676-Edit_iPad.jpg","width":800,"height":534},{"@type":"WebSite","@id":"https:\/\/www.artnroll.net\/home\/#website","url":"https:\/\/www.artnroll.net\/home\/","name":"Art&#039;n&#039;Roll Webzine","description":"Webzine on the Rocks","potentialAction":[{"@type":"SearchAction","target":{"@type":"EntryPoint","urlTemplate":"https:\/\/www.artnroll.net\/home\/?s={search_term_string}"},"query-input":{"@type":"PropertyValueSpecification","valueRequired":true,"valueName":"search_term_string"}}],"inLanguage":"fr-FR"},{"@type":"Person","@id":"https:\/\/www.artnroll.net\/home\/#\/schema\/person\/182d71d18cbce76c7af4614503ce5414","name":"JB","image":{"@type":"ImageObject","inLanguage":"fr-FR","@id":"https:\/\/www.artnroll.net\/home\/#\/schema\/person\/image\/","url":"https:\/\/secure.gravatar.com\/avatar\/7ae2dce54cac66fb3e5df389cb6ceb8f830c41cea398b549907189e3bf75e9d1?s=96&d=mm&r=g","contentUrl":"https:\/\/secure.gravatar.com\/avatar\/7ae2dce54cac66fb3e5df389cb6ceb8f830c41cea398b549907189e3bf75e9d1?s=96&d=mm&r=g","caption":"JB"},"url":"https:\/\/www.artnroll.net\/home\/?author=7"}]}},"_links":{"self":[{"href":"https:\/\/www.artnroll.net\/home\/index.php?rest_route=\/wp\/v2\/posts\/5602","targetHints":{"allow":["GET"]}}],"collection":[{"href":"https:\/\/www.artnroll.net\/home\/index.php?rest_route=\/wp\/v2\/posts"}],"about":[{"href":"https:\/\/www.artnroll.net\/home\/index.php?rest_route=\/wp\/v2\/types\/post"}],"author":[{"embeddable":true,"href":"https:\/\/www.artnroll.net\/home\/index.php?rest_route=\/wp\/v2\/users\/7"}],"replies":[{"embeddable":true,"href":"https:\/\/www.artnroll.net\/home\/index.php?rest_route=%2Fwp%2Fv2%2Fcomments&post=5602"}],"version-history":[{"count":4,"href":"https:\/\/www.artnroll.net\/home\/index.php?rest_route=\/wp\/v2\/posts\/5602\/revisions"}],"predecessor-version":[{"id":5633,"href":"https:\/\/www.artnroll.net\/home\/index.php?rest_route=\/wp\/v2\/posts\/5602\/revisions\/5633"}],"wp:featuredmedia":[{"embeddable":true,"href":"https:\/\/www.artnroll.net\/home\/index.php?rest_route=\/wp\/v2\/media\/5627"}],"wp:attachment":[{"href":"https:\/\/www.artnroll.net\/home\/index.php?rest_route=%2Fwp%2Fv2%2Fmedia&parent=5602"}],"wp:term":[{"taxonomy":"category","embeddable":true,"href":"https:\/\/www.artnroll.net\/home\/index.php?rest_route=%2Fwp%2Fv2%2Fcategories&post=5602"},{"taxonomy":"post_tag","embeddable":true,"href":"https:\/\/www.artnroll.net\/home\/index.php?rest_route=%2Fwp%2Fv2%2Ftags&post=5602"}],"curies":[{"name":"wp","href":"https:\/\/api.w.org\/{rel}","templated":true}]}}