{"id":37684,"date":"2025-11-06T16:36:58","date_gmt":"2025-11-06T15:36:58","guid":{"rendered":"https:\/\/www.artnroll.net\/home\/?p=37684"},"modified":"2025-11-06T22:51:29","modified_gmt":"2025-11-06T21:51:29","slug":"interview-avec-georg-edert-delder-westill-samedi-1er-novembre-2025","status":"publish","type":"post","link":"https:\/\/www.artnroll.net\/home\/?p=37684","title":{"rendered":"Interview avec Georg Edert d\u2019Elder \u2013 Westill \u2013 Samedi 1er novembre 2025"},"content":{"rendered":"<p style=\"text-align: justify;\"><em>J\u2019ai ind\u00e9niablement appr\u00e9ci\u00e9 Liminality \/ Dream State Return, l\u2019EP d\u2019Elder, paru le 22 septembre dernier, compos\u00e9 (comme son nom l\u2019indique) de \u00ab Liminality \u00bb et de \u00ab Dream State Return \u00bb\u2026 Oui, deux pistes pour un EP, c\u2019est dire si les compos d\u2019Elder ne sont gu\u00e8re courtes\u2026 Form\u00e9 au milieu des ann\u00e9es 2000 dans le Massachusetts, Elder est une formation de stoner rock \u00e0 tendance (tr\u00e8s) progressive\u2026 Une musique exigeante et de (tr\u00e8s) bonne facture, sur laquelle il convenait de se pencher plus attentivement\u2026 Ce fut chose faite le second jour du Westill 2025, soit le samedi 1<sup>er<\/sup> novembre, deux heures environ avant leur entr\u00e9e sur sc\u00e8ne\u2026 Il est 19 heures 23, et Alex Saba me t\u00e9l\u00e9phone pour me dire que l\u2019Allemand Georg Edert, le batteur du quatuor depuis 2019, m\u2019attend, attabl\u00e9 avec sept minutes d\u2019avance sur l\u2019horaire convenu\u2026 J\u2019\u00e9tais moi aussi en train d&rsquo;attendre, aux abords de l\u2019espace-presse du festival : car une interview avec le batteur de l\u2019une des deux t\u00eates d\u2019affiches, prog\u2019 et qui est plus est ponctuel, requiert en effet un tant soit peu de discipline\u2026 Ponctuel, honn\u00eate, passionn\u00e9 !<\/em><\/p>\n<p style=\"text-align: justify;\"><em>\u00a0<\/em><\/p>\n<p style=\"text-align: justify;\"><em>\u00a0<\/em><\/p>\n<h1 style=\"text-align: justify;\"><strong>\u00ab\u00a0Quelque chose de Dali\u00a0\u00bb<\/strong><\/h1>\n<p style=\"text-align: justify;\"><em>\u00a0<\/em><\/p>\n<p style=\"text-align: justify;\"><strong>Art\u2019n\u2019Roll\u00a0:<\/strong><strong> Merci, tout d\u2019abord, de m\u2019accorder cette interview. Ma premi\u00e8re question sera\u00a0: quel est ton \u00e9tat d&rsquo;esprit \u00e0 quelques dizaines de minutes de votre concert en t\u00eate d\u2019affiche du Westill 2025 ?<\/strong><\/p>\n<p style=\"text-align: justify;\"><strong>Georg Edert (Batterie)\u00a0: <\/strong>Je me sens vraiment serein, pour plusieurs raisons, apr\u00e8s quatre semaines de tourn\u00e9e. C\u2019est vraiment bien. De longs trajets sur les routes, c\u2019est bien\u00a0!<\/p>\n<p style=\"text-align: justify;\"><strong>ANR : La pochette de votre EP <em>Liminality \/ Dream State Return<\/em>, sorti le 22 septembre dernier, est splendide. Que symbolise-t-elle ?<\/strong><\/p>\n<p style=\"text-align: justify;\"><strong>GE\u00a0: <\/strong>Ce serait pr\u00e9f\u00e9rable que tu poses la question au cr\u00e9ateur de celle-ci. Il s\u2019appelle Adam Hill. Il est originaire d\u2019Afrique du Sud, mais r\u00e9side \u00e0 Berlin. Nous l\u2019avons laiss\u00e9 ma\u00eetre de ses choix artistiques.<\/p>\n<p style=\"text-align: justify;\"><strong><img loading=\"lazy\" decoding=\"async\" class=\"size-medium wp-image-37688 alignleft\" src=\"https:\/\/www.artnroll.net\/home\/wp-content\/uploads\/2025\/11\/DSC_6106-1-300x200.jpg\" alt=\"\" width=\"300\" height=\"200\" srcset=\"https:\/\/www.artnroll.net\/home\/wp-content\/uploads\/2025\/11\/DSC_6106-1-300x200.jpg 300w, https:\/\/www.artnroll.net\/home\/wp-content\/uploads\/2025\/11\/DSC_6106-1-600x400.jpg 600w, https:\/\/www.artnroll.net\/home\/wp-content\/uploads\/2025\/11\/DSC_6106-1-768x512.jpg 768w, https:\/\/www.artnroll.net\/home\/wp-content\/uploads\/2025\/11\/DSC_6106-1-200x133.jpg 200w, https:\/\/www.artnroll.net\/home\/wp-content\/uploads\/2025\/11\/DSC_6106-1.jpg 1024w\" sizes=\"auto, (max-width: 300px) 100vw, 300px\" \/>ANR : <\/strong><strong>Elle a quelque chose de Dali. <\/strong><\/p>\n<p style=\"text-align: justify;\"><strong>GE\u00a0:<\/strong> Un petit peu, oui\u00a0!<\/p>\n<p style=\"text-align: justify;\"><strong>ANR\u00a0: Quels sont tes peintres favoris ?<\/strong><\/p>\n<p style=\"text-align: justify;\"><strong>GE\u00a0: <\/strong>Mes peintres favoris\u00a0? J\u2019aime le vieux romantisme allemand, la peinture classique en g\u00e9n\u00e9ral, le peintre romantique anglais Turner\u2026 Voil\u00e0 ce qui me vient \u00e0 l\u2019esprit en premier\u2026<\/p>\n<p style=\"text-align: justify;\"><strong>ANR : Sur la pochette de <em>The Gold &amp; Silver Session<\/em>, votre EP paru en 2019, l&rsquo;artiste (NDA\u00a0: Max Loeffler) a souhait\u00e9 symboliser la lune et le soleil, non ?<\/strong><\/p>\n<p style=\"text-align: justify;\"><strong>GE\u00a0:<\/strong> Oui\u00a0!<\/p>\n<p style=\"text-align: justify;\"><strong>ANR\u00a0: Il y a l\u00e0 comme une esth\u00e9tique ma\u00e7onnique, n\u2019est-ce-pas\u00a0?<\/strong><\/p>\n<p style=\"text-align: justify;\"><strong>GE\u00a0: <\/strong>Un tout petit peu, oui\u00a0! C\u2019est aussi mon avis. Mais, je n\u2019\u00e9tais pas pr\u00e9sent au moment o\u00f9 cette pochette a \u00e9t\u00e9 con\u00e7ue. J\u2019ai rejoint le groupe un peu plus tard cette ann\u00e9e-l\u00e0.<\/p>\n<p style=\"text-align: justify;\"><strong>ANR : Elder a toujours soign\u00e9 ses couvertures de disques. Quelle serait ta pr\u00e9f\u00e9r\u00e9e\u00a0?<\/strong><\/p>\n<p style=\"text-align: justify;\"><strong>GE\u00a0: <\/strong>Oh\u00a0! Ah\u2026 Probablement <em>Liminality \/ Dream State Return<\/em>, j\u2019aime beaucoup sa dimension r\u00e9flexive, elle correspond parfaitement au contenu de ce disque.<\/p>\n<p>&nbsp;<\/p>\n<h1 style=\"text-align: justify;\"><strong>\u00ab\u00a0Le temps n\u00e9cessaire pour nous \u00e9couter\u00a0\u00bb<\/strong><\/h1>\n<p>&nbsp;<\/p>\n<p style=\"text-align: justify;\"><strong>ANR : Selon moi, <em>Liminality \/ Dream State Return<\/em> serait une version \u00e9tendue du plus planant du grunge des ann\u00e9es 1990&#8230; Comme si certains morceaux de <em>Ten<\/em> ou de <em>Siamese Dream<\/em> avaient alors, pour le plus grand bonheur des fans, dur\u00e9 13 minutes 10&#8230; <\/strong><\/p>\n<p style=\"text-align: justify;\"><strong>GE\u00a0: <\/strong>Ouais\u00a0!<\/p>\n<p style=\"text-align: justify;\"><strong>ANR\u00a0: Que penses-tu de ce ressenti ?<\/strong><\/p>\n<p style=\"text-align: justify;\"><strong>GE\u00a0:<\/strong> Nous avons eu le temps, beaucoup plus de temps que d\u2019habitude, tout le temps que nous souhaitions, afin de composer ces longs morceaux. Cela nous a permis d\u2019y int\u00e9grer le maximum d\u2019id\u00e9es, et d\u2019enregistrer des versions de plus en plus longues\u2026 Oui\u00a0!<\/p>\n<p style=\"text-align: justify;\"><strong>ANR : Pouvoir jouer sur des dur\u00e9es \u00e9tendues constitue-t-il une marque de libert\u00e9, vis-\u00e0-vis principalement des contraintes impos\u00e9es par l&rsquo;industrie du disque ?<\/strong><\/p>\n<p style=\"text-align: justify;\"><strong>GE\u00a0:<\/strong> Oui. Tu veux dire en concert ou sur disque\u00a0?<\/p>\n<p style=\"text-align: justify;\"><strong>ANR\u00a0: Sur disque. Sp\u00e9cialement.<\/strong><\/p>\n<p style=\"text-align: justify;\"><strong><img loading=\"lazy\" decoding=\"async\" class=\"size-medium wp-image-37591 alignleft\" src=\"https:\/\/www.artnroll.net\/home\/wp-content\/uploads\/2025\/11\/DSC_6132-1-300x200.jpg\" alt=\"\" width=\"300\" height=\"200\" srcset=\"https:\/\/www.artnroll.net\/home\/wp-content\/uploads\/2025\/11\/DSC_6132-1-300x200.jpg 300w, https:\/\/www.artnroll.net\/home\/wp-content\/uploads\/2025\/11\/DSC_6132-1-600x400.jpg 600w, https:\/\/www.artnroll.net\/home\/wp-content\/uploads\/2025\/11\/DSC_6132-1-768x512.jpg 768w, https:\/\/www.artnroll.net\/home\/wp-content\/uploads\/2025\/11\/DSC_6132-1-200x133.jpg 200w, https:\/\/www.artnroll.net\/home\/wp-content\/uploads\/2025\/11\/DSC_6132-1.jpg 1024w\" sizes=\"auto, (max-width: 300px) 100vw, 300px\" \/>GE\u00a0:<\/strong> C\u2019est un d\u00e9fi, en tous cas \u00e0 mes yeux, de pouvoir jammer tout le temps qu\u2019on veut, sur un enregistrement. Je pense \u00e9galement que nous sommes assez chanceux d\u2019avoir des fans qui sont patients, et peuvent consacrer tout le temps n\u00e9cessaire pour nous \u00e9couter. Nous sommes libres en tous cas de jouer comme nous le ressentons sur sc\u00e8ne, sans contrainte de temps. Parfois nos compos sont rallong\u00e9es live, parfois elles sont raccourcies, en fonction de notre feeling collectif. C\u2019est exactement pareil lorsque nous travaillons en studio. Et Nick <strong>(NDA\u00a0: Nick DiSalvo, le chanteur-guitariste et compositeur)<\/strong> est tr\u00e8s dou\u00e9 pour nous guider durant les morceaux.<\/p>\n<p style=\"text-align: justify;\"><strong>ANR : J&rsquo;appr\u00e9cie les interventions \u00e0 la guitare. Quelles sont les influences guitaristiques d\u2019Elder ?<\/strong><\/p>\n<p style=\"text-align: justify;\"><strong>GE\u00a0:<\/strong> Oh, tu devrais poser cette question \u00e0 Nick. Nos racines musicales proviennent du sludge et du doom. Je pense que Sleep a \u00e9t\u00e9 une grosse influence, Colour Haze \u00e9galement, tous ces groupes psych\u00e9d\u00e9liques allemands\u2026<\/p>\n<p style=\"text-align: justify;\"><strong>ANR : J\u2019aime \u00ab\u00a0Dream State Return\u00a0\u00bb, qui comporte un long interm\u00e8de, qui d\u00e9bouche sur un final au synth\u00e9tiseur\u2026<\/strong><\/p>\n<p style=\"text-align: justify;\"><strong>GE\u00a0: <\/strong>Oui.<\/p>\n<p style=\"text-align: justify;\"><strong>ANR : Quels clavi\u00e9ristes figurent au rang de vos inspirations ?<\/strong><\/p>\n<p style=\"text-align: justify;\"><strong>GE\u00a0:<\/strong> Ahemmmm\u2026 C\u2019est une bonne question, car Mike <strong>(NDA\u00a0: \u00a0Mike Risberg, guitare et claviers)<\/strong> est f\u00e9ru de krautrock, des groupes comme Tangerine Dream, des trucs planants\u2026<\/p>\n<p style=\"text-align: justify;\"><strong>ANR : Vous jouez la plupart du temps les m\u00eames morceaux live, mais le plus souvent dans un ordre diff\u00e9rent. Pourquoi ?<\/strong><\/p>\n<p style=\"text-align: justify;\"><strong>GE\u00a0: <\/strong>C\u2019est sympa de m\u00e9langer. En tourn\u00e9e, nous nous r\u00e9unissons tous les deux concerts afin de discuter ensemble de la liste des chansons, de se dire laquelle pourrait y figurer pour les prochains concerts\u2026 C\u2019est vrai qu\u2019une chanson est parfois jou\u00e9e en ouverture et parfois jou\u00e9e en final. Dans l\u2019imm\u00e9diat, pour ce soir, nous n\u2019avons pas modifi\u00e9 la setlist des concerts pr\u00e9c\u00e9dents\u00a0!<\/p>\n<p>&nbsp;<\/p>\n<h1 style=\"text-align: justify;\"><strong>\u00ab\u00a0Quelque chose comme Batman\u00a0\u00bb<\/strong><\/h1>\n<p>&nbsp;<\/p>\n<p style=\"text-align: justify;\"><strong>ANR : Sur le plan des sorties, 2025 a \u00e9t\u00e9 notamment marqu\u00e9e par la sortie de <em>Pink Floyd at Pompeii &#8211; MCMLXXII<\/em>&#8230; L&rsquo;as-tu \u00e9cout\u00e9 ?<\/strong><\/p>\n<p style=\"text-align: justify;\"><strong>GE\u00a0:<\/strong> La nouvelle version\u00a0?!? Pas encore\u00a0! J\u2019ai un ami qui l\u2019a \u00e9cout\u00e9e et qui me l\u2019a recommand\u00e9e, en effet\u2026<\/p>\n<p style=\"text-align: justify;\"><strong>ANR : \u00ab Elder \u00bb veut dire \u00ab a\u00een\u00e9 \u00bb\u2026 Es-tu l\u2019a\u00een\u00e9 des enfants de ta famille ?<\/strong><\/p>\n<p style=\"text-align: justify;\"><strong>GE\u00a0:<\/strong> Ho non, je suis le plus jeune\u00a0!<\/p>\n<p style=\"text-align: justify;\"><strong>ANR : Si Elder \u00e9tait un personnage de dessin anim\u00e9, ce serait lequel ?<\/strong><\/p>\n<p style=\"text-align: justify;\"><strong>GE\u00a0: <\/strong>Le groupe entier\u00a0?!?<\/p>\n<p style=\"text-align: justify;\"><strong>ANR\u00a0: Oui.<\/strong><\/p>\n<p style=\"text-align: justify;\"><strong>GE\u00a0:<\/strong> Ahhhhh\u2026. Ahhhhh\u2026 <strong>(Rires) <\/strong>C\u2019est une bonne question\u00a0!<\/p>\n<p style=\"text-align: justify;\"><strong>ANR\u00a0: Merci\u00a0!<\/strong><\/p>\n<p style=\"text-align: justify;\"><strong>GE : <\/strong>Quelque chose comme Batman\u2026<\/p>\n<p style=\"text-align: justify;\"><strong>ANR\u00a0: Batman\u00a0?<\/strong><\/p>\n<p style=\"text-align: justify;\"><strong>GE\u00a0: <\/strong>Il n\u2019a pas de superpouvoir en particulier, il a un pass\u00e9 tourment\u00e9\u2026<\/p>\n<p style=\"text-align: justify;\"><strong>ANR : <em>Music from \u00ab The Elder \u00bb<\/em> est un album studio de KISS. Un mot \u00e0 propos de la mort le mois dernier d&rsquo;Ace Frehley ?<\/strong><\/p>\n<p style=\"text-align: justify;\"><strong>GE\u00a0: <\/strong>Le guitariste\u2026 C\u2019\u00e9tait il y a deux semaines\u2026<\/p>\n<p style=\"text-align: justify;\"><strong>ANR\u00a0: Un mot \u00e0 son propos\u00a0?<\/strong><\/p>\n<p style=\"text-align: justify;\"><strong><img loading=\"lazy\" decoding=\"async\" class=\"size-medium wp-image-37686 alignleft\" src=\"https:\/\/www.artnroll.net\/home\/wp-content\/uploads\/2025\/11\/DSC_6064-1-200x300.jpg\" alt=\"\" width=\"200\" height=\"300\" srcset=\"https:\/\/www.artnroll.net\/home\/wp-content\/uploads\/2025\/11\/DSC_6064-1-200x300.jpg 200w, https:\/\/www.artnroll.net\/home\/wp-content\/uploads\/2025\/11\/DSC_6064-1-400x600.jpg 400w, https:\/\/www.artnroll.net\/home\/wp-content\/uploads\/2025\/11\/DSC_6064-1.jpg 683w\" sizes=\"auto, (max-width: 200px) 100vw, 200px\" \/>GE\u00a0: <\/strong>Je ne connais pas grand-chose \u00e0 propos de KISS\u2026 Je ne peux donc pas te dire grand-chose \u00e0 ce sujet\u2026<\/p>\n<p style=\"text-align: justify;\"><strong>ANR : D\u2019accord\u2026 Autre groupe \u00ab\u00a0mainsteam\u00a0\u00bb : Aerosmith. Elder vient du Massachussetts\u2026 Quand on pense Massachusetts, on pense forc\u00e9ment Aerosmith, non ?<\/strong><\/p>\n<p style=\"text-align: justify;\"><strong>GE\u00a0:<\/strong> Ahhhhhhh\u2026 <strong>(NDA\u00a0: Il fait r\u00e9ellement un effort pour tenter de r\u00e9pondre)<\/strong> C\u2019est pareil : je n\u2019ai gu\u00e8re \u00e9cout\u00e9 Aerosmith plus que \u00e7a\u2026 Et puis, je suis le seul membre du groupe qui ne soit pas originaire des \u00c9tats-Unis <strong>(Rires) <\/strong>Donc, je ne suis pas en mesure de te r\u00e9pondre, je suis navr\u00e9\u00a0!<\/p>\n<p style=\"text-align: justify;\"><strong>ANR : Pour de multiples raisons, Elder ne serait-il pas finalement un groupe europ\u00e9en ?<\/strong><\/p>\n<p style=\"text-align: justify;\"><strong>GE\u00a0:<\/strong> Ahhhhhhh\u2026 Je consid\u00e8re qu\u2019Elder est toujours un groupe am\u00e9ricain, m\u00eame si nous sommes bas\u00e9s \u00e0 Berlin d\u00e9sormais. Je suis allemand, c\u2019est vrai que cela fait un peu plus pencher la balance en faveur de l\u2019Europe\u2026<\/p>\n<p style=\"text-align: justify;\"><strong>ANR : <em>Welche Stadt\u00a0?<\/em><\/strong><\/p>\n<p style=\"text-align: justify;\"><strong>GE\u00a0: <\/strong>Dresden<strong> (NDA\u00a0: Georg est dipl\u00f4m\u00e9 du conservatoire <em>Heinrich-Sch\u00fctz-Conservatory<\/em> de Dresden)<\/strong><\/p>\n<p style=\"text-align: justify;\"><strong>ANR\u00a0: Si Elder \u00e9tait un endroit\u00a0?<\/strong><\/p>\n<p style=\"text-align: justify;\"><strong>GE\u00a0: <\/strong>Ouuuuhh\u2026 Ahhhhhhh\u2026 Il y a un parc national au Canada, derri\u00e8re Vancouver, mais situ\u00e9 au milieu de nulle-part, qui se nomme Banff\u2026 Je prends \u00e7a\u00a0! Le parc national de Banff\u00a0!<\/p>\n<p>&nbsp;<\/p>\n<h1 style=\"text-align: justify;\"><strong>\u00ab\u00a0George Harrison, c\u2019est tr\u00e8s bon !\u00a0\u00bb<\/strong><\/h1>\n<p>&nbsp;<\/p>\n<p style=\"text-align: justify;\"><strong>ANR : Nous sommes le 1<sup>er<\/sup> novembre. Je te donne trois dates de l&rsquo;histoire de la musique qui correspondent au 1<sup>er<\/sup> novembre, tu en choisis une et tu la commentes\u2026<\/strong><\/p>\n<p style=\"text-align: justify;\"><strong>GE\u00a0:<\/strong> Ok\u00a0!<\/p>\n<p style=\"text-align: justify;\"><strong>ANR\u00a0: 1<sup>er<\/sup> novembre 1962 : naissance d&rsquo;Anthony Kiedis\u2026<\/strong><\/p>\n<p style=\"text-align: justify;\"><strong>GE\u00a0: <\/strong>Ok\u00a0!<\/p>\n<p style=\"text-align: justify;\"><strong>ANR\u00a0: 1<sup>er<\/sup> novembre 1968 : George Harrison publie son premier album solo, <em>Wonderwall Music<\/em>, chez Apple\u2026 1<sup>er<\/sup> novembre 1991 : Kyuss joue \u00e0 Chicago en ouverture de The Dwarves\u2026<\/strong><\/p>\n<p style=\"text-align: justify;\"><strong><img loading=\"lazy\" decoding=\"async\" class=\"size-medium wp-image-37687 alignleft\" src=\"https:\/\/www.artnroll.net\/home\/wp-content\/uploads\/2025\/11\/DSC_6102-1-300x200.jpg\" alt=\"\" width=\"300\" height=\"200\" srcset=\"https:\/\/www.artnroll.net\/home\/wp-content\/uploads\/2025\/11\/DSC_6102-1-300x200.jpg 300w, https:\/\/www.artnroll.net\/home\/wp-content\/uploads\/2025\/11\/DSC_6102-1-600x400.jpg 600w, https:\/\/www.artnroll.net\/home\/wp-content\/uploads\/2025\/11\/DSC_6102-1-768x512.jpg 768w, https:\/\/www.artnroll.net\/home\/wp-content\/uploads\/2025\/11\/DSC_6102-1-200x133.jpg 200w, https:\/\/www.artnroll.net\/home\/wp-content\/uploads\/2025\/11\/DSC_6102-1.jpg 1024w\" sizes=\"auto, (max-width: 300px) 100vw, 300px\" \/>GE : <\/strong>Je vais choisir George Harrison. J\u2019aime vraiment ses trucs en solo. Je n\u2019ai jamais \u00e9cout\u00e9 Kyuss, c\u2019est pour cette raison que je zappe cette date-l\u00e0, j\u2019\u00e9tais trop jeune\u2026 Ouais\u00a0! George Harrison, c\u2019est tr\u00e8s bon\u00a0!<\/p>\n<p style=\"text-align: justify;\"><strong>ANR\u00a0: Quel serait ton album pr\u00e9f\u00e9r\u00e9 des Beatles\u00a0?<\/strong><\/p>\n<p style=\"text-align: justify;\"><strong>GE\u00a0:<\/strong> Ahhhhhhh\u2026<\/p>\n<p style=\"text-align: justify;\"><strong>ANR\u00a0: Oui, c\u2019est tr\u00e8s difficile\u2026<\/strong><\/p>\n<p style=\"text-align: justify;\"><strong>GE\u00a0: <\/strong>Oui, c\u2019est dur\u2026<\/p>\n<p style=\"text-align: justify;\"><strong>ANR : Pour moi, <em>Sgt. Pepper&rsquo;s<\/em>\u2026<\/strong><\/p>\n<p style=\"text-align: justify;\"><strong>GE\u00a0: <\/strong>Ouais\u2026 Ahemmm\u2026 <em>Rubber Soul<\/em>\u00a0!<\/p>\n<p style=\"text-align: justify;\"><strong>ANR : (NDA\u00a0: Sifflote)<\/strong><\/p>\n<p style=\"text-align: justify;\"><strong>GE\u00a0: <\/strong>C\u2019est vrai que je ne suis pas un immense fan des Beatles\u2026 Mais, j\u2019avais <em>Rubber Soul<\/em> \u00e0 la maison quand j\u2019\u00e9tais gamin, et, c\u2019est toujours mon album pr\u00e9f\u00e9r\u00e9 des Beatles\u00a0!<\/p>\n<p style=\"text-align: justify;\"><strong>ANR\u00a0: Merci\u00a0! Parfait\u00a0!<\/strong><\/p>\n<p style=\"text-align: justify;\"><strong>GE\u00a0:<\/strong> Merci\u00a0!<\/p>\n","protected":false},"excerpt":{"rendered":"<p>J\u2019ai ind\u00e9niablement appr\u00e9ci\u00e9 Liminality \/ Dream State Return, l\u2019EP d\u2019Elder, paru le 22 septembre dernier, compos\u00e9 (comme son nom l\u2019indique) de \u00ab Liminality \u00bb et de \u00ab Dream State Return \u00bb\u2026 Oui, deux pistes pour un EP, c\u2019est dire si les compos d\u2019Elder ne sont gu\u00e8re courtes\u2026 Form\u00e9 au milieu des ann\u00e9es 2000 dans le Massachusetts, Elder est une formation de stoner rock \u00e0 tendance (tr\u00e8s) progressive\u2026 Une musique exigeante et de (tr\u00e8s) bonne facture, sur laquelle il convenait de se pencher plus attentivement\u2026 Ce fut chose faite le second jour du Westill 2025, soit le samedi 1er novembre, deux [&hellip;]<\/p>\n","protected":false},"author":23,"featured_media":37692,"comment_status":"open","ping_status":"closed","sticky":false,"template":"","format":"standard","meta":{"_mi_skip_tracking":false,"_monsterinsights_sitenote_active":false,"_monsterinsights_sitenote_note":"","_monsterinsights_sitenote_category":0,"footnotes":""},"categories":[1480,861,3],"tags":[905,2262],"class_list":["post-37684","post","type-post","status-publish","format-standard","has-post-thumbnail","hentry","category-a-la-une","category-festival","category-interviews","tag-stoner","tag-usa"],"yoast_head":"<!-- This site is optimized with the Yoast SEO plugin v23.9 - https:\/\/yoast.com\/wordpress\/plugins\/seo\/ -->\n<title>Interview avec Georg Edert d\u2019Elder \u2013 Westill \u2013 Samedi 1er novembre 2025 - Art&#039;n&#039;Roll Webzine<\/title>\n<meta name=\"robots\" content=\"index, follow, max-snippet:-1, max-image-preview:large, max-video-preview:-1\" \/>\n<link rel=\"canonical\" href=\"https:\/\/www.artnroll.net\/home\/?p=37684\" \/>\n<meta property=\"og:locale\" content=\"fr_FR\" \/>\n<meta property=\"og:type\" content=\"article\" \/>\n<meta property=\"og:title\" content=\"Interview avec Georg Edert d\u2019Elder \u2013 Westill \u2013 Samedi 1er novembre 2025 - Art&#039;n&#039;Roll Webzine\" \/>\n<meta property=\"og:description\" content=\"J\u2019ai ind\u00e9niablement appr\u00e9ci\u00e9 Liminality \/ Dream State Return, l\u2019EP d\u2019Elder, paru le 22 septembre dernier, compos\u00e9 (comme son nom l\u2019indique) de \u00ab Liminality \u00bb et de \u00ab Dream State Return \u00bb\u2026 Oui, deux pistes pour un EP, c\u2019est dire si les compos d\u2019Elder ne sont gu\u00e8re courtes\u2026 Form\u00e9 au milieu des ann\u00e9es 2000 dans le Massachusetts, Elder est une formation de stoner rock \u00e0 tendance (tr\u00e8s) progressive\u2026 Une musique exigeante et de (tr\u00e8s) bonne facture, sur laquelle il convenait de se pencher plus attentivement\u2026 Ce fut chose faite le second jour du Westill 2025, soit le samedi 1er novembre, deux [&hellip;]\" \/>\n<meta property=\"og:url\" content=\"https:\/\/www.artnroll.net\/home\/?p=37684\" \/>\n<meta property=\"og:site_name\" content=\"Art&#039;n&#039;Roll Webzine\" \/>\n<meta property=\"article:publisher\" content=\"https:\/\/www.facebook.com\/artnroll.net\/\" \/>\n<meta property=\"article:published_time\" content=\"2025-11-06T15:36:58+00:00\" \/>\n<meta property=\"article:modified_time\" content=\"2025-11-06T21:51:29+00:00\" \/>\n<meta property=\"og:image\" content=\"https:\/\/www.artnroll.net\/home\/wp-content\/uploads\/2025\/11\/DSC_6119-1-1.jpg\" \/>\n\t<meta property=\"og:image:width\" content=\"683\" \/>\n\t<meta property=\"og:image:height\" content=\"1024\" \/>\n\t<meta property=\"og:image:type\" content=\"image\/jpeg\" \/>\n<meta name=\"author\" content=\"Romain\" \/>\n<meta name=\"twitter:label1\" content=\"\u00c9crit par\" \/>\n\t<meta name=\"twitter:data1\" content=\"Romain\" \/>\n\t<meta name=\"twitter:label2\" content=\"Dur\u00e9e de lecture estim\u00e9e\" \/>\n\t<meta name=\"twitter:data2\" content=\"9 minutes\" \/>\n<script type=\"application\/ld+json\" class=\"yoast-schema-graph\">{\"@context\":\"https:\/\/schema.org\",\"@graph\":[{\"@type\":\"WebPage\",\"@id\":\"https:\/\/www.artnroll.net\/home\/?p=37684\",\"url\":\"https:\/\/www.artnroll.net\/home\/?p=37684\",\"name\":\"Interview avec Georg Edert d\u2019Elder \u2013 Westill \u2013 Samedi 1er novembre 2025 - Art&#039;n&#039;Roll Webzine\",\"isPartOf\":{\"@id\":\"https:\/\/www.artnroll.net\/home\/#website\"},\"primaryImageOfPage\":{\"@id\":\"https:\/\/www.artnroll.net\/home\/?p=37684#primaryimage\"},\"image\":{\"@id\":\"https:\/\/www.artnroll.net\/home\/?p=37684#primaryimage\"},\"thumbnailUrl\":\"https:\/\/www.artnroll.net\/home\/wp-content\/uploads\/2025\/11\/DSC_6119-1-1.jpg\",\"datePublished\":\"2025-11-06T15:36:58+00:00\",\"dateModified\":\"2025-11-06T21:51:29+00:00\",\"author\":{\"@id\":\"https:\/\/www.artnroll.net\/home\/#\/schema\/person\/dd31a92f656d4d0d87cc55b8d497c6a2\"},\"inLanguage\":\"fr-FR\",\"potentialAction\":[{\"@type\":\"ReadAction\",\"target\":[\"https:\/\/www.artnroll.net\/home\/?p=37684\"]}]},{\"@type\":\"ImageObject\",\"inLanguage\":\"fr-FR\",\"@id\":\"https:\/\/www.artnroll.net\/home\/?p=37684#primaryimage\",\"url\":\"https:\/\/www.artnroll.net\/home\/wp-content\/uploads\/2025\/11\/DSC_6119-1-1.jpg\",\"contentUrl\":\"https:\/\/www.artnroll.net\/home\/wp-content\/uploads\/2025\/11\/DSC_6119-1-1.jpg\",\"width\":683,\"height\":1024},{\"@type\":\"WebSite\",\"@id\":\"https:\/\/www.artnroll.net\/home\/#website\",\"url\":\"https:\/\/www.artnroll.net\/home\/\",\"name\":\"Art&#039;n&#039;Roll Webzine\",\"description\":\"Webzine on the Rocks\",\"potentialAction\":[{\"@type\":\"SearchAction\",\"target\":{\"@type\":\"EntryPoint\",\"urlTemplate\":\"https:\/\/www.artnroll.net\/home\/?s={search_term_string}\"},\"query-input\":{\"@type\":\"PropertyValueSpecification\",\"valueRequired\":true,\"valueName\":\"search_term_string\"}}],\"inLanguage\":\"fr-FR\"},{\"@type\":\"Person\",\"@id\":\"https:\/\/www.artnroll.net\/home\/#\/schema\/person\/dd31a92f656d4d0d87cc55b8d497c6a2\",\"name\":\"Romain\",\"image\":{\"@type\":\"ImageObject\",\"inLanguage\":\"fr-FR\",\"@id\":\"https:\/\/www.artnroll.net\/home\/#\/schema\/person\/image\/\",\"url\":\"https:\/\/secure.gravatar.com\/avatar\/6994d129a9c6c36ee5e2a2183d81eabab0eabc04aa41aed280c11d1754b4855e?s=96&d=mm&r=g\",\"contentUrl\":\"https:\/\/secure.gravatar.com\/avatar\/6994d129a9c6c36ee5e2a2183d81eabab0eabc04aa41aed280c11d1754b4855e?s=96&d=mm&r=g\",\"caption\":\"Romain\"},\"url\":\"https:\/\/www.artnroll.net\/home\/?author=23\"}]}<\/script>\n<!-- \/ Yoast SEO plugin. -->","yoast_head_json":{"title":"Interview avec Georg Edert d\u2019Elder \u2013 Westill \u2013 Samedi 1er novembre 2025 - Art&#039;n&#039;Roll Webzine","robots":{"index":"index","follow":"follow","max-snippet":"max-snippet:-1","max-image-preview":"max-image-preview:large","max-video-preview":"max-video-preview:-1"},"canonical":"https:\/\/www.artnroll.net\/home\/?p=37684","og_locale":"fr_FR","og_type":"article","og_title":"Interview avec Georg Edert d\u2019Elder \u2013 Westill \u2013 Samedi 1er novembre 2025 - Art&#039;n&#039;Roll Webzine","og_description":"J\u2019ai ind\u00e9niablement appr\u00e9ci\u00e9 Liminality \/ Dream State Return, l\u2019EP d\u2019Elder, paru le 22 septembre dernier, compos\u00e9 (comme son nom l\u2019indique) de \u00ab Liminality \u00bb et de \u00ab Dream State Return \u00bb\u2026 Oui, deux pistes pour un EP, c\u2019est dire si les compos d\u2019Elder ne sont gu\u00e8re courtes\u2026 Form\u00e9 au milieu des ann\u00e9es 2000 dans le Massachusetts, Elder est une formation de stoner rock \u00e0 tendance (tr\u00e8s) progressive\u2026 Une musique exigeante et de (tr\u00e8s) bonne facture, sur laquelle il convenait de se pencher plus attentivement\u2026 Ce fut chose faite le second jour du Westill 2025, soit le samedi 1er novembre, deux [&hellip;]","og_url":"https:\/\/www.artnroll.net\/home\/?p=37684","og_site_name":"Art&#039;n&#039;Roll Webzine","article_publisher":"https:\/\/www.facebook.com\/artnroll.net\/","article_published_time":"2025-11-06T15:36:58+00:00","article_modified_time":"2025-11-06T21:51:29+00:00","og_image":[{"width":683,"height":1024,"url":"https:\/\/www.artnroll.net\/home\/wp-content\/uploads\/2025\/11\/DSC_6119-1-1.jpg","type":"image\/jpeg"}],"author":"Romain","twitter_misc":{"\u00c9crit par":"Romain","Dur\u00e9e de lecture estim\u00e9e":"9 minutes"},"schema":{"@context":"https:\/\/schema.org","@graph":[{"@type":"WebPage","@id":"https:\/\/www.artnroll.net\/home\/?p=37684","url":"https:\/\/www.artnroll.net\/home\/?p=37684","name":"Interview avec Georg Edert d\u2019Elder \u2013 Westill \u2013 Samedi 1er novembre 2025 - Art&#039;n&#039;Roll Webzine","isPartOf":{"@id":"https:\/\/www.artnroll.net\/home\/#website"},"primaryImageOfPage":{"@id":"https:\/\/www.artnroll.net\/home\/?p=37684#primaryimage"},"image":{"@id":"https:\/\/www.artnroll.net\/home\/?p=37684#primaryimage"},"thumbnailUrl":"https:\/\/www.artnroll.net\/home\/wp-content\/uploads\/2025\/11\/DSC_6119-1-1.jpg","datePublished":"2025-11-06T15:36:58+00:00","dateModified":"2025-11-06T21:51:29+00:00","author":{"@id":"https:\/\/www.artnroll.net\/home\/#\/schema\/person\/dd31a92f656d4d0d87cc55b8d497c6a2"},"inLanguage":"fr-FR","potentialAction":[{"@type":"ReadAction","target":["https:\/\/www.artnroll.net\/home\/?p=37684"]}]},{"@type":"ImageObject","inLanguage":"fr-FR","@id":"https:\/\/www.artnroll.net\/home\/?p=37684#primaryimage","url":"https:\/\/www.artnroll.net\/home\/wp-content\/uploads\/2025\/11\/DSC_6119-1-1.jpg","contentUrl":"https:\/\/www.artnroll.net\/home\/wp-content\/uploads\/2025\/11\/DSC_6119-1-1.jpg","width":683,"height":1024},{"@type":"WebSite","@id":"https:\/\/www.artnroll.net\/home\/#website","url":"https:\/\/www.artnroll.net\/home\/","name":"Art&#039;n&#039;Roll Webzine","description":"Webzine on the Rocks","potentialAction":[{"@type":"SearchAction","target":{"@type":"EntryPoint","urlTemplate":"https:\/\/www.artnroll.net\/home\/?s={search_term_string}"},"query-input":{"@type":"PropertyValueSpecification","valueRequired":true,"valueName":"search_term_string"}}],"inLanguage":"fr-FR"},{"@type":"Person","@id":"https:\/\/www.artnroll.net\/home\/#\/schema\/person\/dd31a92f656d4d0d87cc55b8d497c6a2","name":"Romain","image":{"@type":"ImageObject","inLanguage":"fr-FR","@id":"https:\/\/www.artnroll.net\/home\/#\/schema\/person\/image\/","url":"https:\/\/secure.gravatar.com\/avatar\/6994d129a9c6c36ee5e2a2183d81eabab0eabc04aa41aed280c11d1754b4855e?s=96&d=mm&r=g","contentUrl":"https:\/\/secure.gravatar.com\/avatar\/6994d129a9c6c36ee5e2a2183d81eabab0eabc04aa41aed280c11d1754b4855e?s=96&d=mm&r=g","caption":"Romain"},"url":"https:\/\/www.artnroll.net\/home\/?author=23"}]}},"_links":{"self":[{"href":"https:\/\/www.artnroll.net\/home\/index.php?rest_route=\/wp\/v2\/posts\/37684","targetHints":{"allow":["GET"]}}],"collection":[{"href":"https:\/\/www.artnroll.net\/home\/index.php?rest_route=\/wp\/v2\/posts"}],"about":[{"href":"https:\/\/www.artnroll.net\/home\/index.php?rest_route=\/wp\/v2\/types\/post"}],"author":[{"embeddable":true,"href":"https:\/\/www.artnroll.net\/home\/index.php?rest_route=\/wp\/v2\/users\/23"}],"replies":[{"embeddable":true,"href":"https:\/\/www.artnroll.net\/home\/index.php?rest_route=%2Fwp%2Fv2%2Fcomments&post=37684"}],"version-history":[{"count":25,"href":"https:\/\/www.artnroll.net\/home\/index.php?rest_route=\/wp\/v2\/posts\/37684\/revisions"}],"predecessor-version":[{"id":37719,"href":"https:\/\/www.artnroll.net\/home\/index.php?rest_route=\/wp\/v2\/posts\/37684\/revisions\/37719"}],"wp:featuredmedia":[{"embeddable":true,"href":"https:\/\/www.artnroll.net\/home\/index.php?rest_route=\/wp\/v2\/media\/37692"}],"wp:attachment":[{"href":"https:\/\/www.artnroll.net\/home\/index.php?rest_route=%2Fwp%2Fv2%2Fmedia&parent=37684"}],"wp:term":[{"taxonomy":"category","embeddable":true,"href":"https:\/\/www.artnroll.net\/home\/index.php?rest_route=%2Fwp%2Fv2%2Fcategories&post=37684"},{"taxonomy":"post_tag","embeddable":true,"href":"https:\/\/www.artnroll.net\/home\/index.php?rest_route=%2Fwp%2Fv2%2Ftags&post=37684"}],"curies":[{"name":"wp","href":"https:\/\/api.w.org\/{rel}","templated":true}]}}