{"id":36644,"date":"2025-08-04T10:32:08","date_gmt":"2025-08-04T08:32:08","guid":{"rendered":"https:\/\/www.artnroll.net\/home\/?p=36644"},"modified":"2025-08-04T10:32:08","modified_gmt":"2025-08-04T08:32:08","slug":"interview-les-garcons-bouchers-hellfest-vendredi-20-juin-2025","status":"publish","type":"post","link":"https:\/\/www.artnroll.net\/home\/?p=36644","title":{"rendered":"Interview Les Gar\u00e7ons Bouchers &#8211; Hellfest &#8211; Vendredi 20 Juin 2025"},"content":{"rendered":"<p><em>Bien install\u00e9s dans l&rsquo;herbe, \u00e0 l&rsquo;ombre, j&rsquo;ai pu passer avec Pierre Favre des Gar\u00e7ons Bouchers, un excellent moment de partage. Malgr\u00e9 ses tatouages et sa grosse barbe (Rires), c&rsquo;est un gros nounours qui a r\u00e9pondu \u00e0 mes questions! Un homme simple, gentil, avenant et tellement attachant. Quel bonheur de connaitre ce groupe qui a un coeur gros comme \u00e7a et qui fait perdurer la m\u00e9moire d&rsquo;un grand monsieur, Fran\u00e7ois Hadji-Lazaro.<\/em><\/p>\n<p><strong>Art\u2019N\u2019Roll :<\/strong> Bonjour Pierre Favre\u00a0! Quel plaisir de te retrouver\u00a0! Tu es donc le chanteur des Gar\u00e7ons Bouchers.<\/p>\n<p><strong>Les Gar\u00e7ons Bouchers (Pierre FAVRE dit Pierrot Saput)\u00a0:<\/strong> Bonjour C\u00e9line, heureux de te revoir \u00e9galement.<\/p>\n<p><strong>Art\u2019N\u2019Roll\u00a0:<\/strong> Tu es une des t\u00eates embl\u00e9matiques des Gar\u00e7ons Bouchers\u00a0!<\/p>\n<p><strong>Les Gar\u00e7ons Bouchers (Pierre FAVRE dit Pierrot Saput)\u00a0:<\/strong> Oui apr\u00e8s, Fran\u00e7ois bien s\u00fbr\u00a0!<\/p>\n<p><strong>Art\u2019N\u2019Roll\u00a0:<\/strong> \u00a0Oui notre regrett\u00e9 Fran\u00e7ois qui nous a quitt\u00e9 il y a quelques temps et et dont vous faites perdurer la m\u00e9moire d\u2019une tr\u00e8s belle fa\u00e7on\u00a0!<\/p>\n<p><strong>Les Gar\u00e7ons Bouchers (Pierre FAVRE dit Pierrot Saput) :<\/strong> Oui et on n&rsquo;oublie pas non plus tous les copains qui font partie de l&rsquo;aventure Gar\u00e7ons Bouchers qui sont partis aussi, je pense \u00e0 Riton, \u00e0 Robert MacLeod et aussi des anciens qui sont toujours vivants mais ne sont plus l\u00e0, comme \u00c9ric Blitz le premier chanteur. Et puis il y a aussi Daniel, Blank, enfin plein de gens quoi.<\/p>\n<p><strong>Art\u2019N\u2019Roll\u00a0:<\/strong> Oui il est vrai que \u00e7a fait quand m\u00eame quelques ann\u00e9es que vous existez\u00a0!<\/p>\n<p><strong>Les Gar\u00e7ons Bouchers (Pierre FAVRE dit Pierrot Saput)\u00a0:<\/strong> En fait, l&rsquo;aventure a commenc\u00e9 en 1985 et s&rsquo;est achev\u00e9e en avril 97. Moi, je suis devenu chanteur des Gar\u00e7ons Bouchers \u00e0 partir de janvier 89 jusqu&rsquo;\u00e0 la fin.<\/p>\n<p><strong>Art\u2019N\u2019Roll\u00a0:<\/strong> Oui et tu n\u2019avais pas la barbe \u00e0 l\u2019\u00e9poque\u00a0! (Rires)<\/p>\n<p><strong>Les Gar\u00e7ons Bouchers (Pierre FAVRE dit Pierrot Saput)\u00a0:<\/strong> Non, je n\u2019avais pas la barbe. Tout compte fait, c&rsquo;est que des poils, hein\u00a0? (Rires) Disons que je laisse juste ce qui pousse le plus vu qu\u2019il n\u2019y a plus grand-chose sur le dessus depuis tr\u00e8s longtemps. (Rires)<\/p>\n<p><strong>Art\u2019N\u2019Roll\u00a0:<\/strong> Alors jJe sais que vous \u00eates super heureux de jouer sur la Warzone, sur cette sc\u00e8ne embl\u00e9matique, on en avait d\u2019ailleurs parl\u00e9 il y a peu de temps au Festivasques. Vous vous sentez comment maintenant que vous \u00eates sur place ?<\/p>\n<p><strong>Les Gar\u00e7ons Bouchers (Pierre FAVRE dit Pierrot Saput)\u00a0:<\/strong> On est tr\u00e8s sereins. Chacun a envie de bien faire. \u00c7a va passer hyper vite, comme \u00e0 chaque fois, mais l\u00e0 on a 1 h de set donc tu sais, on va dire c&rsquo;est 50 minutes de de musique, plus les blablas entre les chansons. C&rsquo;est tr\u00e8s court, mais bon, c&rsquo;est intense et puis on ne joue pas souvent dans des endroits o\u00f9 il y a autant de monde. Je crois que la jauge est \u00e0 15000 personnes \u00e0 la Warzone donc c&rsquo;est quand m\u00eame cool quoi. L&rsquo;essentiel c&rsquo;est qu&rsquo;on s&rsquo;entende bien, parce que tu sais, il n\u2019y a pas de balances dans ce genre de festival donc c&rsquo;est toujours un petit peu l&rsquo;inconnu. Mais bon, c&rsquo;est des pros aussi donc on fait confiance.<\/p>\n<p>Art\u2019N\u2019Roll\u00a0: Vous arrivez bient\u00f4t au terme de la tourn\u00e9e hommage \u00e0 votre ami Fran\u00e7ois, y-a-t-il un peu de nostalgie, la h\u00e2te de prendre des petites vacances ou juste envie d&rsquo;arr\u00eater quelques temps et de reprendre un peu plus tard\u00a0?<\/p>\n<p><strong>Les Gar\u00e7ons Bouchers (Pierre FAVRE dit Pierrot Saput)\u00a0:<\/strong> Alors, on a des concerts jusqu&rsquo;en d\u00e9cembre, on a une petite parenth\u00e8se en f\u00e9vrier 2026, mais c&rsquo;est vraiment particulier. Et puis \u00e7a s&rsquo;arr\u00eate et il est en projet de faire peut-\u00eatre un album live de la tourn\u00e9e. Donc on s&rsquo;enregistre, on a une petite cam\u00e9raman qui nous suit aussi qui fait des images donc on va essayer de cr\u00e9er un objet pour qu\u2019il y ait un souvenir de cette aventure. Et puis, suite \u00e0 la sortie de cet objet, peut-\u00eatre encore quelques dates en 2027. Pour \u00e9ventuellement je dis \u00e7a, mais il n\u2019y a rien de fait hein, mais \u00e7a pourrait se faire peut-\u00eatre pour cl\u00f4turer d\u00e9finitivement l&rsquo;aventure Gar\u00e7ons Bouchers, l\u00e0 o\u00f9 cette parenth\u00e8se a repris, \u00e0 la f\u00eate de l\u2019Huma en 2027. Ce serait cool, donc peut-\u00eatre que \u00e7a se fera, en tout cas on en a d\u00e9j\u00e0 un petit peu discut\u00e9. \u00a0La famille est super contente qu&rsquo;on puisse continuer un petit peu et \u00e7a nous permettrait aussi, en 2027, de modifier un petit peu la setlist qu&rsquo;on fait aujourd&rsquo;hui. On pourrait remplacer 8 morceaux par 8 autres que chantait Fran\u00e7ois, que ce soit dans les Gar\u00e7ons Bouchers, Pigalle ou Los Cayaros. On a de quoi faire.<\/p>\n<p><strong>Art\u2019N\u2019Roll\u00a0:<\/strong> Comment je suis pass\u00e9\u00a0tourn\u00e9e depuis que vous avez commenc\u00e9 cet hommage \u00e0 Fran\u00e7ois. Est-ce qu&rsquo;il y a des moments qui vous ont marqu\u00e9 plus que d&rsquo;autres\u00a0? Y-a-t-il des petites anecdotes\u00a0\u00e0 retenir ?<\/p>\n<p><strong>Les Gar\u00e7ons Bouchers (Pierre FAVRE dit Pierrot Saput)\u00a0:<\/strong> Nous, tu sais, on prend \u00e7a comme un cadeau. Parce qu&rsquo;on pensait moi personnellement, je ne pensais jamais refaire des chansons des Gar\u00e7ons Bouchers, depuis la fin en 97. On essaie de savourer chaque date. Alors \u00e9videmment, comme il y a eu un gros break. Moi je joue dans un petit groupe qui s&rsquo;appelle \u00ab\u00a0Les Sans Voix\u00a0\u00bb, on joue en amateurs, donc tu vois, j&rsquo;avais une petite appr\u00e9hension sur les premiers concerts quand m\u00eame. Donc il a fallu une bonne dizaine de concerts pour vraiment observer la dynamique tout \u00e7a. Alors au d\u00e9but il y avait un peu de tension et apr\u00e8s \u00e7a a \u00e9t\u00e9 mais sinon c&rsquo;est rigolo de faire ces concerts. Et puis une anecdote\u00a0? Je ne sais pas, il y en a plein mais comme \u00e7a, j&rsquo;ai pas franchement r\u00e9fl\u00e9chi.<\/p>\n<p><strong>Art\u2019N\u2019Roll\u00a0:<\/strong> J\u2019ai pu constater, lors des concerts o\u00f9 je vous ai vu jouer, que le fait d&rsquo;entendre Fran\u00e7ois chanter touchait vraiment le public. Quel est votre ressenti sur sc\u00e8ne lorsque vous faites vivre ces moments en sa m\u00e9moire\u00a0?<\/p>\n<p><strong>Les Gar\u00e7ons Bouchers (Pierre FAVRE dit Pierrot Saput)\u00a0:<\/strong> On a vraiment voulu que \u00e7a soit une tourn\u00e9e hommage \u00e0 Fran\u00e7ois, c&rsquo;est \u00e0 dire que Fran\u00e7ois participe aussi. C&rsquo;est ce qu\u2019il fait parce qu&rsquo;en fait, quand tu \u00e9coutes les chansons des Gar\u00e7ons Bouchers pendant nos concerts, on entend des instruments qui jouent mais ne sont pas visibles en live parce qu&rsquo;on entend l&rsquo;accord\u00e9on, le violon par exemple et on a vraiment voulu que ce soit Fran\u00e7ois qui joue, donc on a extrait des disques les parties instrumentales de Fran\u00e7ois et elles sont d\u00e9clench\u00e9es par le batteur au d\u00e9but de chaque morceau et donc \u00e7a nous a permis de faire en sorte que Fran\u00e7ois soit l\u00e0, mais on voulait aussi qu&rsquo;il soit l\u00e0, qu&rsquo;on puisse le voir visuellement, donc c&rsquo;est pour \u00e7a que sur la chanson \u00ab\u00a0Punkifi\u00e9e\u00a0\u00bb, il y a des images sont projet\u00e9es. A part ici au Hellfest, on n\u2019aura pas les images que l\u2019on a d\u2019habitude. Il faut savoir que ces images ont \u00e9t\u00e9 faites par un de ses fils Paul, qui travaille dans la vid\u00e9o et qui a fait tout un travail d&rsquo;images pendant nos concerts. Mais en revanche, il y aura quand m\u00eame normalement si \u00e7a marche, l&rsquo;apparition de Fran\u00e7ois aussi sur sc\u00e8ne avec nous ici. Voil\u00e0 donc, c&rsquo;est notre mani\u00e8re \u00e0 nous de faire en sorte qu&rsquo;il soit pr\u00e9sent.<\/p>\n<p><strong>Art\u2019N\u2019Roll\u00a0:<\/strong> Est-ce que vous pensez que votre style musical, il \u00e9tait juste aussi important aupr\u00e8s du public ou est-ce que vraiment ce rock engag\u00e9\u00a0a perdu un peu de son \u00e2me\u00a0? As-tu constat\u00e9 des changements par rapport aux d\u00e9buts\u00a0?<\/p>\n<p><strong>Les Gar\u00e7ons Bouchers (Pierre FAVRE dit Pierrot Saput)\u00a0:<\/strong> Bah \u00e9coute les \u00ab\u00a0Bouchers\u00a0\u00bb, \u00e7a a toujours \u00e9t\u00e9 particulier, sur une base rock un petit peu rentre dedans et l&rsquo;apport d&rsquo;instruments acoustiques. Il n\u2019y en a pas tant que \u00e7a, mais bon l\u00e0, par exemple, \u00a0il y a les Real Mackenzie qui vont jouer avant nous ce soir, ils jouent de la cornemuse, et dans le rock \u00e7a le fait\u00a0! Et il n\u2019y a pas que la cornemuse qui le fait quoi. Et Fran\u00e7ois vient du folk \u00e0 la base, donc c&rsquo;\u00e9tait un amoureux du folklore mondial en g\u00e9n\u00e9ral et d&rsquo;ailleurs, par exemple, on a un morceau cajun, on a un morceau qu\u00e9b\u00e9cois, et tout \u00e7a c&rsquo;est vraiment la sp\u00e9cificit\u00e9 de la musique des Gar\u00e7ons Bouchers. Alors bon, chaque g\u00e9n\u00e9ration a ses modes, a sa musique, on le sait. La musique qui pla\u00eet \u00e0 la majorit\u00e9 des jeunes aujourd&rsquo;hui, c&rsquo;est pas du tout le rock, mais nous, dans le rock, on a eu notre place. Si les gens prennent du plaisir, nous on est l\u00e0 pour \u00e7a.<\/p>\n<p><strong>Art\u2019N\u2019Roll\u00a0:<\/strong> Concernant \u00ab\u00a0l\u2019apr\u00e8s tourn\u00e9e en hommage \u00e0 Fran\u00e7ois\u00a0\u00bb avez-vous d\u2019autres projets solo ou en groupe\u00a0?<\/p>\n<p><strong>Les Gar\u00e7ons Bouchers (Pierre FAVRE dit Pierrot Saput)\u00a0:<\/strong> Alors si il se passe quelque chose ce sera en 2027 mais bon d\u00e9j\u00e0 on va finir 2025. Moi, j&rsquo;ai mon petit groupe avec lequel je vais continuer \u00e0 faire nos concerts par chez nous. Chacun a ses projets, moi je suis retrait\u00e9 donc je ne suis pas intermittent, je m&rsquo;en tape, je ne gagne pas des 1000 et des 100 mais c&rsquo;est vraiment un plaisir. Mais dans le groupe, tous ceux qui sont intermittents du spectacle si ils veulent vivre de la musique il leur faut plusieurs projets en m\u00eame temps. Sinon tu n\u2019en vis pas. Par exemple tu as interviewer Lion\u2019s Law, et bien Victor, lui il a plein de groupes et en fait \u00e7a lui permet d&rsquo;avoir une certaine libert\u00e9, une certaine autonomie.<\/p>\n<p><strong>Art\u2019N\u2019Roll\u00a0:<\/strong> Alors une petite question, celle-l\u00e0 tu ne t\u2019y attends j\u2019en suis s\u00fbre\u00a0! (Rires). Mais avant tout je dois te dire que je suis super impressionn\u00e9e par ta performance de danseur sur sc\u00e8ne parce que tu as vraiment encore la p\u00eache.<\/p>\n<p><strong>Les Gar\u00e7ons Bouchers (Pierre FAVRE dit Pierrot Saput)\u00a0:<\/strong> Allons bon\u00a0!<\/p>\n<p><strong>Art\u2019N\u2019Roll\u00a0:<\/strong> Donc voil\u00e0 ma question\u00a0\ud83d\ude09 Nous avons \u00e9voqu\u00e9 ensemble il y a quelques jours le fait que certains te pensent cur\u00e9. Oui je le sais \u00e7a te fait bien rire\u00a0! Nous avons d&rsquo;ailleurs bien rit ensemble quand on en a discut\u00e9. Pour mettre les choses au clair pour ceux qui n&rsquo;ont absolument rien compris, pourrais-tu me rappeler quel est ton engagement au secours catholique et le fait que non, tu n&rsquo;es pas cur\u00e9\u00a0!<\/p>\n<p><strong>Les Gar\u00e7ons Bouchers (Pierre FAVRE dit Pierrot Saput)\u00a0:<\/strong> Dans le fil de l&rsquo;histoire, \u00e7a commence il y a quelques ann\u00e9es. Moi j\u2019\u00e9tais mari\u00e9 avec G\u00e9raldine, mon \u00e9pouse, qui est d\u00e9c\u00e9d\u00e9e suite \u00e0 un cancer de l&rsquo;ut\u00e9rus. On \u00e9tait s\u00e9ropositifs, on n&rsquo;avait pas de d\u00e9fense immunitaire et la pauvre, elle est d\u00e9c\u00e9d\u00e9e de ce cancer. Donc moi, les 5 derni\u00e8res ann\u00e9es de notre vie commune, j&rsquo;\u00e9tais dans l&rsquo;accompagnement de ma femme. Et inconsciemment, quand elle est d\u00e9c\u00e9d\u00e9e et quand t&rsquo;accompagne quelqu&rsquo;un, tu r\u00e9alises pas que tout s&rsquo;arr\u00eate\u00a0 tu te retrouves compl\u00e8tement seul et tu te sens inutile, tu ne sais plus quoi faire. Et bien moi mon r\u00e9flexe, c&rsquo;est que j&rsquo;ai regard\u00e9 autour de moi et j&rsquo;ai vu qu&rsquo;il y avait une asso caritative qui \u00e9tait le Secours Catholique. Je n\u2019avais pas d&rsquo;a priori, j&rsquo;avais lu dans les bouquins que \u00ab\u00a0Katholicos\u00a0\u00bb en grec, \u00e7a voulait dire universel. Donc moi qu&rsquo;on soit fr\u00e8re et s\u0153ur en humanit\u00e9, depuis que je suis gamin, et je suis un vieux Baba cool \u00e0 la base, j&rsquo;ai toujours pens\u00e9 \u00e7a. Donc je suis all\u00e9 frapper \u00e0 la porte, j&rsquo;ai dit \u00ab\u00a0si vous avez besoin d&rsquo;un coup de main je suis l\u00e0\u00a0\u00bb. Donc j&rsquo;ai \u00e9t\u00e9 d\u00e9but\u00e9 \u00e0 l&rsquo;accueil puis apr\u00e8s on m&rsquo;a demand\u00e9 de faire la comptabilit\u00e9 d&rsquo;une petite \u00e9quipe locale dans une petite ville. Et puis, j&rsquo;ai \u00e9t\u00e9 responsable d&rsquo;\u00e9quipe parce que le responsable avait un cancer. Et on m&rsquo;a demand\u00e9 un jour si je ne voulais pas travailler avec un aum\u00f4nier du Secours Catholique pour travailler sur la dimension un peu spirituelle, parce que tous les \u00eatres humains s&rsquo;interrogent sur la r\u00e9alit\u00e9 de la vie, se posent des questions existentielles et ce que j&rsquo;aimais bien dans cette asso, c\u2019est qu\u2019on pouvait se permettre d&rsquo;en discuter avec des gens qu&rsquo;on accompagne. Quand quelqu\u2019un vient chercher un appui financier pour acheter une voiture ou pour avoir un petit peu d&rsquo;alimentation ou bien payer une facture, c&rsquo;est une personne qui se pose elle aussi des questions existentielles et de tous horizons, tu vois\u00a0? Et donc je suis devenu adjoint d&rsquo;un aum\u00f4nier du Secours Catholique, adjoint territorial plus exactement et un jour on m&rsquo;a interview\u00e9. Et \u00e0 ce journaliste qui m\u2019interview, j&rsquo;\u00e9voque ce que je viens de t\u2019expliquer. Et ce Monsieur a eu la bonne id\u00e9e de dire que j&rsquo;\u00e9tais aum\u00f4nier du Secours Catholique. J\u2019ai jamais \u00e9t\u00e9 aum\u00f4nier, j&rsquo;\u00e9tais juste son adjoint, tu vois\u00a0? Mais c&rsquo;est tout. Et donc apr\u00e8s suite \u00e0 \u00e7a d&rsquo;aum\u00f4nier il y a des gens qui ont dit \u00a0que j&rsquo;\u00e9tais cur\u00e9. Et on m&rsquo;appelle \u00ab\u00a0mon P\u00e8re\u00a0\u00bb des fois dans la rue, tu vois alors que moi je suis Pierrot Saput, moi aussi j&rsquo;ai dit Dieu ni Maitre pendant longtemps. Je ne le dis plus maintenant, parce qu&rsquo;en fait j&rsquo;ai une vie de foi qui est n\u00e9e aussi de tout ce chemin de vie. Mais en fait moi je prends l&rsquo;amour, en fait, je ne crois pas en un Dieu r\u00e9ellement. Non, non, moi je ne suis pas cur\u00e9, je suis la\u00efque. Voil\u00e0. Je suis juste b\u00e9n\u00e9vole au secours catholique depuis 2002. Ma femme est d\u00e9c\u00e9d\u00e9e en 2001 et j&rsquo;y suis encore aujourd&rsquo;hui. Je suis b\u00e9n\u00e9vole, j&rsquo;aime bien le mot b\u00e9n\u00e9vole parce que \u00e7a veut dire que je te veux du bien, donc moi, quand je vais bosser, c&rsquo;est pour essayer de faire du bien. Bon apr\u00e8s des fois je me plante\u00a0! (rires)<\/p>\n<p><strong>Art\u2019N\u2019Roll\u00a0:<\/strong> Je tiens \u00e0 te dire un grand merci pour le temps que tu l\u2019as consacr\u00e9. Est-ce qu\u2019il y a des groupes que tu as envie de voir pendant le laps de temps que vous allez passer ici\u00a0?<\/p>\n<p><strong>Les Gar\u00e7ons Bouchers (Pierre FAVRE dit Pierrot Saput)\u00a0:<\/strong> Oui nous on va rester vers la Warzone, j\u2019ai envie de voir The Damned quand m\u00eame, \u00e7a vaut le d\u00e9tour. Et les Sex Pistols\u00a0mais je ne sais pas si on restera jusqu&rsquo;au bout des Pistols\u00a0? Il va falloir n\u00e9gocier, on a un groupe de vieux\u00a0!<\/p>\n<p><strong>Art\u2019N\u2019Roll\u00a0:<\/strong> Oui j&rsquo;ai vu \u00e7a la derni\u00e8re fois\u00a0! (Rires). Ce sont les plus vieux qui veulent rester et les plus jeunes qui veulent partir.<\/p>\n<p><strong>Les Gar\u00e7ons Bouchers (Pierre FAVRE dit Pierrot Saput)\u00a0:<\/strong> Surtout que demain on n&rsquo;a pas de concert\u00a0! Mais bon, il faut rentrer. Moi j&rsquo;habite dans le Var, donc apr\u00e8s une fois \u00e0 Paris, il faut encore reprendre un train. Avec la canicule, on m&rsquo;a d\u00e9j\u00e0 pr\u00e9venu que les trains risquaient d&rsquo;\u00eatre en retard. Mais enfin ce n\u2019est pas grave \u00e7a c&rsquo;est demain. Aujourd&rsquo;hui on est au Hellfest et on va profiter du moment pr\u00e9sent.<\/p>\n<p><strong>Art\u2019N\u2019Roll\u00a0:<\/strong> Je vous le souhaite\u00a0! Merci encore pour ta pr\u00e9sence \u00e0 cette interview.<\/p>\n<p><strong>Les Gar\u00e7ons Bouchers (Pierre FAVRE dit Pierrot Saput)\u00a0:<\/strong> Merci C\u00e9line\u00a0!<\/p>\n","protected":false},"excerpt":{"rendered":"<p>Bien install\u00e9s dans l&rsquo;herbe, \u00e0 l&rsquo;ombre, j&rsquo;ai pu passer avec Pierre Favre des Gar\u00e7ons Bouchers, un excellent moment de partage. Malgr\u00e9 ses tatouages et sa grosse barbe (Rires), c&rsquo;est un gros nounours qui a r\u00e9pondu \u00e0 mes questions! Un homme simple, gentil, avenant et tellement attachant. Quel bonheur de connaitre ce groupe qui a un coeur gros comme \u00e7a et qui fait perdurer la m\u00e9moire d&rsquo;un grand monsieur, Fran\u00e7ois Hadji-Lazaro. Art\u2019N\u2019Roll : Bonjour Pierre Favre\u00a0! Quel plaisir de te retrouver\u00a0! Tu es donc le chanteur des Gar\u00e7ons Bouchers. Les Gar\u00e7ons Bouchers (Pierre FAVRE dit Pierrot Saput)\u00a0: Bonjour C\u00e9line, heureux de [&hellip;]<\/p>\n","protected":false},"author":54,"featured_media":36645,"comment_status":"open","ping_status":"closed","sticky":false,"template":"","format":"standard","meta":{"_mi_skip_tracking":false,"_monsterinsights_sitenote_active":false,"_monsterinsights_sitenote_note":"","_monsterinsights_sitenote_category":0,"footnotes":""},"categories":[1480,861,2547,3],"tags":[2520,246],"class_list":["post-36644","post","type-post","status-publish","format-standard","has-post-thumbnail","hentry","category-a-la-une","category-festival","category-hellfest-2025","category-interviews","tag-hellfest-2025","tag-interview"],"yoast_head":"<!-- This site is optimized with the Yoast SEO plugin v23.9 - https:\/\/yoast.com\/wordpress\/plugins\/seo\/ -->\n<title>Interview Les Gar\u00e7ons Bouchers - Hellfest - Vendredi 20 Juin 2025 - Art&#039;n&#039;Roll Webzine<\/title>\n<meta name=\"description\" content=\"Interview Les Gar\u00e7ons Bouchers - Hellfest - Vendredi 20 Juin 2025\" \/>\n<meta name=\"robots\" content=\"index, follow, max-snippet:-1, max-image-preview:large, max-video-preview:-1\" \/>\n<link rel=\"canonical\" href=\"https:\/\/www.artnroll.net\/home\/?p=36644\" \/>\n<meta property=\"og:locale\" content=\"fr_FR\" \/>\n<meta property=\"og:type\" content=\"article\" \/>\n<meta property=\"og:title\" content=\"Interview Les Gar\u00e7ons Bouchers - Hellfest - Vendredi 20 Juin 2025 - Art&#039;n&#039;Roll Webzine\" \/>\n<meta property=\"og:description\" content=\"Interview Les Gar\u00e7ons Bouchers - Hellfest - Vendredi 20 Juin 2025\" \/>\n<meta property=\"og:url\" content=\"https:\/\/www.artnroll.net\/home\/?p=36644\" \/>\n<meta property=\"og:site_name\" content=\"Art&#039;n&#039;Roll Webzine\" \/>\n<meta property=\"article:publisher\" content=\"https:\/\/www.facebook.com\/artnroll.net\/\" \/>\n<meta property=\"article:published_time\" content=\"2025-08-04T08:32:08+00:00\" \/>\n<meta property=\"og:image\" content=\"https:\/\/www.artnroll.net\/home\/wp-content\/uploads\/2025\/08\/DSC_4344.jpg\" \/>\n\t<meta property=\"og:image:width\" content=\"1500\" \/>\n\t<meta property=\"og:image:height\" content=\"1000\" \/>\n\t<meta property=\"og:image:type\" content=\"image\/jpeg\" \/>\n<meta name=\"author\" content=\"C\u00e9line\" \/>\n<meta name=\"twitter:label1\" content=\"\u00c9crit par\" \/>\n\t<meta name=\"twitter:data1\" content=\"C\u00e9line\" \/>\n\t<meta name=\"twitter:label2\" content=\"Dur\u00e9e de lecture estim\u00e9e\" \/>\n\t<meta name=\"twitter:data2\" content=\"13 minutes\" \/>\n<script type=\"application\/ld+json\" class=\"yoast-schema-graph\">{\"@context\":\"https:\/\/schema.org\",\"@graph\":[{\"@type\":\"WebPage\",\"@id\":\"https:\/\/www.artnroll.net\/home\/?p=36644\",\"url\":\"https:\/\/www.artnroll.net\/home\/?p=36644\",\"name\":\"Interview Les Gar\u00e7ons Bouchers - Hellfest - Vendredi 20 Juin 2025 - Art&#039;n&#039;Roll Webzine\",\"isPartOf\":{\"@id\":\"https:\/\/www.artnroll.net\/home\/#website\"},\"primaryImageOfPage\":{\"@id\":\"https:\/\/www.artnroll.net\/home\/?p=36644#primaryimage\"},\"image\":{\"@id\":\"https:\/\/www.artnroll.net\/home\/?p=36644#primaryimage\"},\"thumbnailUrl\":\"https:\/\/www.artnroll.net\/home\/wp-content\/uploads\/2025\/08\/DSC_4344.jpg\",\"datePublished\":\"2025-08-04T08:32:08+00:00\",\"dateModified\":\"2025-08-04T08:32:08+00:00\",\"author\":{\"@id\":\"https:\/\/www.artnroll.net\/home\/#\/schema\/person\/2c2e86d09dd4ed59adb6fdd87c403e00\"},\"description\":\"Interview Les Gar\u00e7ons Bouchers - Hellfest - Vendredi 20 Juin 2025\",\"inLanguage\":\"fr-FR\",\"potentialAction\":[{\"@type\":\"ReadAction\",\"target\":[\"https:\/\/www.artnroll.net\/home\/?p=36644\"]}]},{\"@type\":\"ImageObject\",\"inLanguage\":\"fr-FR\",\"@id\":\"https:\/\/www.artnroll.net\/home\/?p=36644#primaryimage\",\"url\":\"https:\/\/www.artnroll.net\/home\/wp-content\/uploads\/2025\/08\/DSC_4344.jpg\",\"contentUrl\":\"https:\/\/www.artnroll.net\/home\/wp-content\/uploads\/2025\/08\/DSC_4344.jpg\",\"width\":1500,\"height\":1000},{\"@type\":\"WebSite\",\"@id\":\"https:\/\/www.artnroll.net\/home\/#website\",\"url\":\"https:\/\/www.artnroll.net\/home\/\",\"name\":\"Art&#039;n&#039;Roll Webzine\",\"description\":\"Webzine on the Rocks\",\"potentialAction\":[{\"@type\":\"SearchAction\",\"target\":{\"@type\":\"EntryPoint\",\"urlTemplate\":\"https:\/\/www.artnroll.net\/home\/?s={search_term_string}\"},\"query-input\":{\"@type\":\"PropertyValueSpecification\",\"valueRequired\":true,\"valueName\":\"search_term_string\"}}],\"inLanguage\":\"fr-FR\"},{\"@type\":\"Person\",\"@id\":\"https:\/\/www.artnroll.net\/home\/#\/schema\/person\/2c2e86d09dd4ed59adb6fdd87c403e00\",\"name\":\"C\u00e9line\",\"image\":{\"@type\":\"ImageObject\",\"inLanguage\":\"fr-FR\",\"@id\":\"https:\/\/www.artnroll.net\/home\/#\/schema\/person\/image\/\",\"url\":\"https:\/\/secure.gravatar.com\/avatar\/e8f1291170ed826d1f66eb1854f5c6287386233ed34dc1db794e016cea3e98da?s=96&d=mm&r=g\",\"contentUrl\":\"https:\/\/secure.gravatar.com\/avatar\/e8f1291170ed826d1f66eb1854f5c6287386233ed34dc1db794e016cea3e98da?s=96&d=mm&r=g\",\"caption\":\"C\u00e9line\"},\"url\":\"https:\/\/www.artnroll.net\/home\/?author=54\"}]}<\/script>\n<!-- \/ Yoast SEO plugin. -->","yoast_head_json":{"title":"Interview Les Gar\u00e7ons Bouchers - Hellfest - Vendredi 20 Juin 2025 - Art&#039;n&#039;Roll Webzine","description":"Interview Les Gar\u00e7ons Bouchers - Hellfest - Vendredi 20 Juin 2025","robots":{"index":"index","follow":"follow","max-snippet":"max-snippet:-1","max-image-preview":"max-image-preview:large","max-video-preview":"max-video-preview:-1"},"canonical":"https:\/\/www.artnroll.net\/home\/?p=36644","og_locale":"fr_FR","og_type":"article","og_title":"Interview Les Gar\u00e7ons Bouchers - Hellfest - Vendredi 20 Juin 2025 - Art&#039;n&#039;Roll Webzine","og_description":"Interview Les Gar\u00e7ons Bouchers - Hellfest - Vendredi 20 Juin 2025","og_url":"https:\/\/www.artnroll.net\/home\/?p=36644","og_site_name":"Art&#039;n&#039;Roll Webzine","article_publisher":"https:\/\/www.facebook.com\/artnroll.net\/","article_published_time":"2025-08-04T08:32:08+00:00","og_image":[{"width":1500,"height":1000,"url":"https:\/\/www.artnroll.net\/home\/wp-content\/uploads\/2025\/08\/DSC_4344.jpg","type":"image\/jpeg"}],"author":"C\u00e9line","twitter_misc":{"\u00c9crit par":"C\u00e9line","Dur\u00e9e de lecture estim\u00e9e":"13 minutes"},"schema":{"@context":"https:\/\/schema.org","@graph":[{"@type":"WebPage","@id":"https:\/\/www.artnroll.net\/home\/?p=36644","url":"https:\/\/www.artnroll.net\/home\/?p=36644","name":"Interview Les Gar\u00e7ons Bouchers - Hellfest - Vendredi 20 Juin 2025 - Art&#039;n&#039;Roll Webzine","isPartOf":{"@id":"https:\/\/www.artnroll.net\/home\/#website"},"primaryImageOfPage":{"@id":"https:\/\/www.artnroll.net\/home\/?p=36644#primaryimage"},"image":{"@id":"https:\/\/www.artnroll.net\/home\/?p=36644#primaryimage"},"thumbnailUrl":"https:\/\/www.artnroll.net\/home\/wp-content\/uploads\/2025\/08\/DSC_4344.jpg","datePublished":"2025-08-04T08:32:08+00:00","dateModified":"2025-08-04T08:32:08+00:00","author":{"@id":"https:\/\/www.artnroll.net\/home\/#\/schema\/person\/2c2e86d09dd4ed59adb6fdd87c403e00"},"description":"Interview Les Gar\u00e7ons Bouchers - Hellfest - Vendredi 20 Juin 2025","inLanguage":"fr-FR","potentialAction":[{"@type":"ReadAction","target":["https:\/\/www.artnroll.net\/home\/?p=36644"]}]},{"@type":"ImageObject","inLanguage":"fr-FR","@id":"https:\/\/www.artnroll.net\/home\/?p=36644#primaryimage","url":"https:\/\/www.artnroll.net\/home\/wp-content\/uploads\/2025\/08\/DSC_4344.jpg","contentUrl":"https:\/\/www.artnroll.net\/home\/wp-content\/uploads\/2025\/08\/DSC_4344.jpg","width":1500,"height":1000},{"@type":"WebSite","@id":"https:\/\/www.artnroll.net\/home\/#website","url":"https:\/\/www.artnroll.net\/home\/","name":"Art&#039;n&#039;Roll Webzine","description":"Webzine on the Rocks","potentialAction":[{"@type":"SearchAction","target":{"@type":"EntryPoint","urlTemplate":"https:\/\/www.artnroll.net\/home\/?s={search_term_string}"},"query-input":{"@type":"PropertyValueSpecification","valueRequired":true,"valueName":"search_term_string"}}],"inLanguage":"fr-FR"},{"@type":"Person","@id":"https:\/\/www.artnroll.net\/home\/#\/schema\/person\/2c2e86d09dd4ed59adb6fdd87c403e00","name":"C\u00e9line","image":{"@type":"ImageObject","inLanguage":"fr-FR","@id":"https:\/\/www.artnroll.net\/home\/#\/schema\/person\/image\/","url":"https:\/\/secure.gravatar.com\/avatar\/e8f1291170ed826d1f66eb1854f5c6287386233ed34dc1db794e016cea3e98da?s=96&d=mm&r=g","contentUrl":"https:\/\/secure.gravatar.com\/avatar\/e8f1291170ed826d1f66eb1854f5c6287386233ed34dc1db794e016cea3e98da?s=96&d=mm&r=g","caption":"C\u00e9line"},"url":"https:\/\/www.artnroll.net\/home\/?author=54"}]}},"_links":{"self":[{"href":"https:\/\/www.artnroll.net\/home\/index.php?rest_route=\/wp\/v2\/posts\/36644","targetHints":{"allow":["GET"]}}],"collection":[{"href":"https:\/\/www.artnroll.net\/home\/index.php?rest_route=\/wp\/v2\/posts"}],"about":[{"href":"https:\/\/www.artnroll.net\/home\/index.php?rest_route=\/wp\/v2\/types\/post"}],"author":[{"embeddable":true,"href":"https:\/\/www.artnroll.net\/home\/index.php?rest_route=\/wp\/v2\/users\/54"}],"replies":[{"embeddable":true,"href":"https:\/\/www.artnroll.net\/home\/index.php?rest_route=%2Fwp%2Fv2%2Fcomments&post=36644"}],"version-history":[{"count":1,"href":"https:\/\/www.artnroll.net\/home\/index.php?rest_route=\/wp\/v2\/posts\/36644\/revisions"}],"predecessor-version":[{"id":36646,"href":"https:\/\/www.artnroll.net\/home\/index.php?rest_route=\/wp\/v2\/posts\/36644\/revisions\/36646"}],"wp:featuredmedia":[{"embeddable":true,"href":"https:\/\/www.artnroll.net\/home\/index.php?rest_route=\/wp\/v2\/media\/36645"}],"wp:attachment":[{"href":"https:\/\/www.artnroll.net\/home\/index.php?rest_route=%2Fwp%2Fv2%2Fmedia&parent=36644"}],"wp:term":[{"taxonomy":"category","embeddable":true,"href":"https:\/\/www.artnroll.net\/home\/index.php?rest_route=%2Fwp%2Fv2%2Fcategories&post=36644"},{"taxonomy":"post_tag","embeddable":true,"href":"https:\/\/www.artnroll.net\/home\/index.php?rest_route=%2Fwp%2Fv2%2Ftags&post=36644"}],"curies":[{"name":"wp","href":"https:\/\/api.w.org\/{rel}","templated":true}]}}