{"id":32990,"date":"2024-07-21T12:31:51","date_gmt":"2024-07-21T10:31:51","guid":{"rendered":"https:\/\/www.artnroll.net\/home\/?p=32990"},"modified":"2024-07-21T12:31:51","modified_gmt":"2024-07-21T10:31:51","slug":"interview-avec-le-groupe-darken-hellfest-2024-samedi-29-juin","status":"publish","type":"post","link":"https:\/\/www.artnroll.net\/home\/?p=32990","title":{"rendered":"Interview avec le groupe DARKEN &#8211; Hellfest 2024 &#8211; Samedi 29 Juin"},"content":{"rendered":"<p>Apr\u00e8s pr\u00e8s de 30 ans d&rsquo;absence, Darken a fait son grand retour! Compos\u00e9 de membres originels et de nouvelles recrues (le fils de l&rsquo;un des membres !), cette rencontre a \u00e9t\u00e9 pour moi un moment vraiment unique! Forts de leur exp\u00e9rience musicale, ils m&rsquo;ont montr\u00e9 une personnalit\u00e9 attachante et toujours cette envie d\u00e9cupl\u00e9e pour leur musique. Un moment inoubliable !<\/p>\n<p><strong>Art&rsquo;N&rsquo;Roll: C&rsquo;est vraiment un plaisir de vous rencontrer !<\/strong><\/p>\n<p>Darken : Plaisir partag\u00e9 !<\/p>\n<p><strong>Art&rsquo;N&rsquo;Roll: C&rsquo;est votre grande premi\u00e8re au Hellfest ! Sur la Mainstage 1 de surcro\u00eet !<\/strong><\/p>\n<p>Darken : Oui c&rsquo;est notre premi\u00e8re au Hellfest. On \u00e9tait carr\u00e9ment sur une autre plan\u00e8te ! C&rsquo;est grandiose! On a eu de la chance car la m\u00e9t\u00e9o n&rsquo;\u00e9tait pas favorable mais \u00e7a n&rsquo;a pas emp\u00each\u00e9 qu&rsquo;on ai eu du monde et qu&rsquo;on a pu partag\u00e9 \u00e7a avec les gens. C&rsquo;\u00e9tait juste incroyable effectivement !<\/p>\n<p><strong>Art&rsquo;N&rsquo;Roll: Vous avez fond\u00e9 le groupe en 1987, qui a beaucoup \u00e9volu\u00e9 au fil des ann\u00e9es. Quelles ont \u00e9t\u00e9 les motivations pour recommencer l&rsquo;aventure?<\/strong><\/p>\n<p>Darken (Stephann) : Donc en effet le groupe a \u00e9t\u00e9 form\u00e9 en 1987 avec Lorenzo le batteur et Philos \u00e0 la guitare, de la premi\u00e8re g\u00e9n\u00e9ration on est trois. Et ensuite, ce qui nous a remotiv\u00e9s, c&rsquo;est Lorenzo, qui pendant le Covid, a eu envie de repartir sur des choses o\u00f9 on faisait de la compo, et l&rsquo;id\u00e9e de reformer Darken a germ\u00e9 dans sa t\u00eate, donc il m&rsquo;a sollicit\u00e9 mais aussi Philos et \u00e7a a red\u00e9marr\u00e9 comme \u00e7a.<\/p>\n<p><strong>Art&rsquo;N&rsquo;Roll: Du coup pendant cette longue p\u00e9riode de pause, avez-vous chacun de votre c\u00f4t\u00e9 eu d&rsquo;autres projets musicaux?\u00a0<\/strong><\/p>\n<p>Darken (Stephann): Oui parce que moi quand j&rsquo;ai quitt\u00e9 Darken en 1990, je me suis install\u00e9 sur Paris et j&rsquo;ai jou\u00e9 dans un groupe qui s&rsquo;appelle Inside. Lorenzo, lui, a jou\u00e9 dans un groupe sur Nantes. Et en parall\u00e8le de \u00e7a, il a un groupe de reprise de AC\/DC, qu&rsquo;il a fond\u00e9 avec Philos. Et Philos, lui, a une plus grande exp\u00e9rience en mati\u00e8re de musique car il a jou\u00e9 dans Starmania,etc&#8230;<\/p>\n<p><strong>Art&rsquo;N&rsquo;Roll: Suite au projet de vous reformer, vous avez travaill\u00e9 sur un nouvel album qui est sorti en 2023. Comment a-t-il \u00e9t\u00e9 accueilli apr\u00e8s ce long temps de silence? Est-ce que votre public originel \u00e9tait au rendez-vous?<\/strong><\/p>\n<p>Darken (Stephann) : En fait pour Darken, il n&rsquo;y a que le nom qui reste, sinon tout est neuf. La musique est toute nouvelle, on a tout refait \u00e0 z\u00e9ro et l&rsquo;album a vraiment eu un super accueil. On a eu des interviews au mois de septembre sur Paris, on y est all\u00e9 pour \u00e7a parce qu&rsquo;on \u00e9tait mandat\u00e9 par notre attach\u00e9 de presse, et on a vraiment \u00e9t\u00e9 super super contents de l&rsquo;accueil que les m\u00e9dias en ont fait! Les chroniques et les interviews ont \u00e9t\u00e9 incroyables ! Je dois avouer que j&rsquo;ai touch\u00e9 \u00e0 des choses qui m&rsquo;ont vraiment surpris par rapport \u00e0 l&rsquo;approche des journalistes dans le bon sens du terme.<\/p>\n<p>Darken (Liam) : C&rsquo;est vrai qu&rsquo;on s&rsquo;attendait pas vraiment \u00e0 grand chose et \u00e7a a pris une ampleur !!!!<\/p>\n<p><strong>Art&rsquo;N&rsquo;Roll: Oui c&rsquo;est vrai que tu penses que les gens vont vous oublier mais finalement c&rsquo;est rest\u00e9 dans un coin de la t\u00eate !<\/strong><\/p>\n<p>Darken (Stephann) : Ce qui est juste incroyable et c&rsquo;est ce que tu illustres, c&rsquo;est que les gens n&rsquo;avaient pas oubli\u00e9 le nom de Darken et pourtant on avait pas fait d&rsquo;album \u00e0 l&rsquo;\u00e9poque, y&rsquo;avait des d\u00e9mos, etc&#8230; mais on a marqu\u00e9 notre petit monde et le retour de Darken \u00e9tait tr\u00e8s attendu quand on l&rsquo;a annonc\u00e9. Ca a g\u00e9n\u00e9r\u00e9 de l&rsquo;enthousiasme et c&rsquo;est \u00e7a qui a \u00e9t\u00e9 tr\u00e8s surprenant. Dans le bon sens du terme encore une fois.<\/p>\n<p><strong>Art&rsquo;N&rsquo;Roll: Oui vous avez relanc\u00e9 la machine et \u00e7a a fait plaisir \u00e0 ceux qui vous attendaient!<\/strong><\/p>\n<p>Darken (Stephann) : Oui c&rsquo;est clair, l&rsquo;accueil de l&rsquo;album et \u00e7a te fait dire, il faut pousser le bouchon et poursuivre, poursuivre, poursuivre! On a jou\u00e9 au Hellfest aujourd&rsquo;hui\u00a0 parce que cet album a \u00e9t\u00e9 accueilli incroyablement. Lorenzo est b\u00e9n\u00e9vole sur le Hellfest, donc l&rsquo;album a \u00e9t\u00e9 mis entre de bonnes mains, on va pas se le cacher, \u00e7a aide! Mais ce n&rsquo;est pas suffisant, il fallait qu&rsquo;il soit bon et bien accueilli, ce qui a \u00e9t\u00e9 le cas. Et Ben (Barbaud) a valid\u00e9! En personne !<\/p>\n<p><strong>Art&rsquo;N&rsquo;Roll: Y a-t-il eu beaucoup d&rsquo;\u00e9volution par rapport \u00e0 vos d\u00e9buts? Ou avez-vous gard\u00e9 quand m\u00eame l&rsquo;\u00e2me du Darken originel?<\/strong><\/p>\n<p>Darken (Stephann) : De ce qu&rsquo;on a fait \u00e0 l&rsquo;\u00e9poque, on a \u00e9cout\u00e9 et r\u00e9\u00e9cout\u00e9, en se disant est-ce qu&rsquo;il n&rsquo;y a pas quelque chose qu&rsquo;on peut reprendre, mais aujourd&rsquo;hui non, parce qu&rsquo;en 30 ans, ton \u00e9coute \u00e9volue et il s&rsquo;est pass\u00e9 \u00e9norm\u00e9ment de choses au niveau de la sc\u00e8ne musicale et la musique a chang\u00e9. Et nous avec! On a eu envie de recr\u00e9er les choses\u00a0 telles qu&rsquo;on les a dans notre t\u00eate aujourd&rsquo;hui donc c&rsquo;est beaucoup plus actuel. Et le fait qu&rsquo;on soit multi g\u00e9n\u00e9rationnels dans ce groupe, \u00e7a a aussi cette influence de nous amener cette modernit\u00e9. Donc il n&rsquo;y a rien qui reste de la grande \u00e9poque.<\/p>\n<p><strong>Art&rsquo;N&rsquo;Roll: Chacun a apport\u00e9 sa touche personnelle ou y a-t-il eu un travail de groupe?<\/strong><\/p>\n<p>Darken (Stephann) : Oui en fait au niveau des titres, Philos a amen\u00e9 ses solos, Liam ses lignes de batterie, et HP sa basse. Chacun a mis sa patte et on a fignol\u00e9 tous ensemble. Et \u00e7a matche bien!<\/p>\n<p>Darken (Philos) : On a tous un style diff\u00e9rent. On est 5 personnes qui n&rsquo;\u00e9coutent pas les m\u00eames choses mais \u00e7a cr\u00e9\u00e9 une osmose malgr\u00e9 tout. Il y a des influences diff\u00e9rentes et c&rsquo;est sa notre richesse en fait.<\/p>\n<p>Darken (Stephann) : Chacun a son style et ses id\u00e9es, et c&rsquo;est \u00e7a qui fait que \u00e7a matche en fait!<\/p>\n<p>Darken (Liam) : Et chacun apprends de chacun, du fait de nos exp\u00e9riences diff\u00e9rentes, de nos go\u00fbts musicaux diff\u00e9rents. C&rsquo;est une richesse dans le groupe qui est trop bien!<\/p>\n<p><strong>Art&rsquo;N&rsquo;Roll: Oui les anciens apprennent aux jeunes! (rires)<\/strong><\/p>\n<p>Darken (Philos) : Oui c&rsquo;est clair les jeunes ont apport\u00e9s une fra\u00eecheur de fou! Et nous \u00e7a nous a fait du bien, un courant d&rsquo;air frais !<\/p>\n<p>Darken (Stephann) : Ca nous porte en fait ! Lorenzo il est port\u00e9 parce qu&rsquo;il joue avec son fils (Liam) et moi c&rsquo;est mon filleul, et on se regarde, je me retourne et je me dis \u00ab\u00a0c&rsquo;est pas possible ce qui s&rsquo;est pass\u00e9 aujourd&rsquo;hui c&rsquo;est incroyable\u00a0\u00bb ! Il y a 25 ans je l&rsquo;avais dans les bras \u00e0 son bapt\u00eame et aujourd&rsquo;hui, il est \u00e0 la batterie juste derri\u00e8re nous ! Je ne sais pas si tu vois le truc !!!! Et je fais une petite mention familiale, la maman de Liam, la femme de Lorenzo, qui \u00e9tait sur le c\u00f4t\u00e9 de la sc\u00e8ne et qui \u00e9tait \u00e9mue \u00e0 un point t&rsquo;imagine pas ! Niveau \u00e9motionnel on a atteint notre but !<\/p>\n<p><strong>Art&rsquo;N&rsquo;Roll: Vous \u00eates en autoproduction, pensez vous \u00e0 vous faire aider pour le prochain opus?<\/strong><\/p>\n<p>Darken (Stephann) : En fait pour le moment, on a pas eu cette discussion, on \u00e9tait vraiment concentr\u00e9 sur cette prestation. On a vraiment orient\u00e9 notre travail l\u00e0-dessus, m\u00eame si on a une \u00e9criture qui est en place d\u00e9j\u00e0 pour le deuxi\u00e8me album. Apr\u00e8s on va poser, on va discuter \u00e0 la fa\u00e7on dont on va travailler mais aujourd&rsquo;hui on est quand m\u00eame satisfait parce qu&rsquo;on a \u00e9t\u00e9 dans un studio de renom, le Dome Studio, chez David Potvin, qui a apport\u00e9 la couleur de cet album. C&rsquo;est le 6e homme qui a apport\u00e9 \u00e7a au groupe.<\/p>\n<p>Darken (Liam) : Pour le premier album, c&rsquo;\u00e9tait peut-\u00eatre trop t\u00f4t. C&rsquo;est pour \u00e7a que ce n&rsquo;est pas sorti sous label, c&rsquo;\u00e9tait pas le moment. Ce serait trop pr\u00e9cipit\u00e9. Avec la reformation du groupe, les choses se sont enchain\u00e9es tr\u00e8s rapidement, ce n&rsquo;\u00e9tait pas la priorit\u00e9 de signer sur un label mais pour le second, on verra selon la tournure des choses.<\/p>\n<p>Darken (Stephann) : On verra aussi apr\u00e8s un gros festival qu&rsquo;on va faire en Mayenne, sur nos terres, c&rsquo;est ce qui permet \u00e0 un groupe de se faire connaitre et quand tu commences \u00e0 toucher des trucs comme \u00e7a, tu attires l&rsquo;attention et \u00e7a nous permet de franchir des marches. On monte petit \u00e0 petit. On monte crescendo en montrant notre autonomie.<\/p>\n<p><strong>Art&rsquo;N&rsquo;Roll: Une Mainstage au Hellfest \u00e7a peut aider \ud83d\ude42<\/strong><\/p>\n<p>Darken (Stephann) : C&rsquo;est s\u00fbr!<\/p>\n<p><strong>Art&rsquo;N&rsquo;Roll: Merci beaucoup ! Et petite mention \u00e0 Philos qui m&rsquo;a gentiment offert un mars! <img loading=\"lazy\" decoding=\"async\" class=\"alignnone size-medium wp-image-32992\" src=\"https:\/\/www.artnroll.net\/home\/wp-content\/uploads\/2024\/07\/DSC_1342-1-300x200.jpg\" alt=\"\" width=\"300\" height=\"200\" srcset=\"https:\/\/www.artnroll.net\/home\/wp-content\/uploads\/2024\/07\/DSC_1342-1-300x200.jpg 300w, https:\/\/www.artnroll.net\/home\/wp-content\/uploads\/2024\/07\/DSC_1342-1-600x400.jpg 600w, https:\/\/www.artnroll.net\/home\/wp-content\/uploads\/2024\/07\/DSC_1342-1-768x512.jpg 768w, https:\/\/www.artnroll.net\/home\/wp-content\/uploads\/2024\/07\/DSC_1342-1-200x133.jpg 200w, https:\/\/www.artnroll.net\/home\/wp-content\/uploads\/2024\/07\/DSC_1342-1.jpg 1500w\" sizes=\"auto, (max-width: 300px) 100vw, 300px\" \/><img loading=\"lazy\" decoding=\"async\" class=\"alignnone size-medium wp-image-32993\" src=\"https:\/\/www.artnroll.net\/home\/wp-content\/uploads\/2024\/07\/DSC_1302-1-300x200.jpg\" alt=\"\" width=\"300\" height=\"200\" srcset=\"https:\/\/www.artnroll.net\/home\/wp-content\/uploads\/2024\/07\/DSC_1302-1-300x200.jpg 300w, https:\/\/www.artnroll.net\/home\/wp-content\/uploads\/2024\/07\/DSC_1302-1-600x400.jpg 600w, https:\/\/www.artnroll.net\/home\/wp-content\/uploads\/2024\/07\/DSC_1302-1-768x512.jpg 768w, https:\/\/www.artnroll.net\/home\/wp-content\/uploads\/2024\/07\/DSC_1302-1-200x133.jpg 200w, https:\/\/www.artnroll.net\/home\/wp-content\/uploads\/2024\/07\/DSC_1302-1.jpg 1500w\" sizes=\"auto, (max-width: 300px) 100vw, 300px\" \/><\/strong><\/p>\n<p>&nbsp;<\/p>\n<p>&nbsp;<\/p>\n<p>&nbsp;<\/p>\n<p>&nbsp;<\/p>\n","protected":false},"excerpt":{"rendered":"<p>Apr\u00e8s pr\u00e8s de 30 ans d&rsquo;absence, Darken a fait son grand retour! Compos\u00e9 de membres originels et de nouvelles recrues (le fils de l&rsquo;un des membres !), cette rencontre a \u00e9t\u00e9 pour moi un moment vraiment unique! Forts de leur exp\u00e9rience musicale, ils m&rsquo;ont montr\u00e9 une personnalit\u00e9 attachante et toujours cette envie d\u00e9cupl\u00e9e pour leur musique. Un moment inoubliable ! Art&rsquo;N&rsquo;Roll: C&rsquo;est vraiment un plaisir de vous rencontrer ! Darken : Plaisir partag\u00e9 ! Art&rsquo;N&rsquo;Roll: C&rsquo;est votre grande premi\u00e8re au Hellfest ! Sur la Mainstage 1 de surcro\u00eet ! Darken : Oui c&rsquo;est notre premi\u00e8re au Hellfest. On \u00e9tait carr\u00e9ment [&hellip;]<\/p>\n","protected":false},"author":54,"featured_media":32994,"comment_status":"open","ping_status":"closed","sticky":false,"template":"","format":"standard","meta":{"_mi_skip_tracking":false,"_monsterinsights_sitenote_active":false,"_monsterinsights_sitenote_note":"","_monsterinsights_sitenote_category":0,"footnotes":""},"categories":[1480,2472,3],"tags":[234,2473,246],"class_list":["post-32990","post","type-post","status-publish","format-standard","has-post-thumbnail","hentry","category-a-la-une","category-hellfest-2024","category-interviews","tag-france","tag-hellfest-2024","tag-interview"],"yoast_head":"<!-- This site is optimized with the Yoast SEO plugin v23.9 - https:\/\/yoast.com\/wordpress\/plugins\/seo\/ -->\n<title>Interview avec le groupe DARKEN - Hellfest 2024 - Samedi 29 Juin - Art&#039;n&#039;Roll Webzine<\/title>\n<meta name=\"robots\" content=\"index, follow, max-snippet:-1, max-image-preview:large, max-video-preview:-1\" \/>\n<link rel=\"canonical\" href=\"https:\/\/www.artnroll.net\/home\/?p=32990\" \/>\n<meta property=\"og:locale\" content=\"fr_FR\" \/>\n<meta property=\"og:type\" content=\"article\" \/>\n<meta property=\"og:title\" content=\"Interview avec le groupe DARKEN - Hellfest 2024 - Samedi 29 Juin - Art&#039;n&#039;Roll Webzine\" \/>\n<meta property=\"og:description\" content=\"Apr\u00e8s pr\u00e8s de 30 ans d&rsquo;absence, Darken a fait son grand retour! Compos\u00e9 de membres originels et de nouvelles recrues (le fils de l&rsquo;un des membres !), cette rencontre a \u00e9t\u00e9 pour moi un moment vraiment unique! Forts de leur exp\u00e9rience musicale, ils m&rsquo;ont montr\u00e9 une personnalit\u00e9 attachante et toujours cette envie d\u00e9cupl\u00e9e pour leur musique. Un moment inoubliable ! Art&rsquo;N&rsquo;Roll: C&rsquo;est vraiment un plaisir de vous rencontrer ! Darken : Plaisir partag\u00e9 ! Art&rsquo;N&rsquo;Roll: C&rsquo;est votre grande premi\u00e8re au Hellfest ! Sur la Mainstage 1 de surcro\u00eet ! Darken : Oui c&rsquo;est notre premi\u00e8re au Hellfest. On \u00e9tait carr\u00e9ment [&hellip;]\" \/>\n<meta property=\"og:url\" content=\"https:\/\/www.artnroll.net\/home\/?p=32990\" \/>\n<meta property=\"og:site_name\" content=\"Art&#039;n&#039;Roll Webzine\" \/>\n<meta property=\"article:publisher\" content=\"https:\/\/www.facebook.com\/artnroll.net\/\" \/>\n<meta property=\"article:published_time\" content=\"2024-07-21T10:31:51+00:00\" \/>\n<meta property=\"og:image\" content=\"https:\/\/www.artnroll.net\/home\/wp-content\/uploads\/2024\/07\/406267014_653313357003362_5171420073412989080_n.jpg\" \/>\n\t<meta property=\"og:image:width\" content=\"1080\" \/>\n\t<meta property=\"og:image:height\" content=\"1080\" \/>\n\t<meta property=\"og:image:type\" content=\"image\/jpeg\" \/>\n<meta name=\"author\" content=\"C\u00e9line\" \/>\n<meta name=\"twitter:label1\" content=\"\u00c9crit par\" \/>\n\t<meta name=\"twitter:data1\" content=\"C\u00e9line\" \/>\n\t<meta name=\"twitter:label2\" content=\"Dur\u00e9e de lecture estim\u00e9e\" \/>\n\t<meta name=\"twitter:data2\" content=\"8 minutes\" \/>\n<script type=\"application\/ld+json\" class=\"yoast-schema-graph\">{\"@context\":\"https:\/\/schema.org\",\"@graph\":[{\"@type\":\"WebPage\",\"@id\":\"https:\/\/www.artnroll.net\/home\/?p=32990\",\"url\":\"https:\/\/www.artnroll.net\/home\/?p=32990\",\"name\":\"Interview avec le groupe DARKEN - Hellfest 2024 - Samedi 29 Juin - Art&#039;n&#039;Roll Webzine\",\"isPartOf\":{\"@id\":\"https:\/\/www.artnroll.net\/home\/#website\"},\"primaryImageOfPage\":{\"@id\":\"https:\/\/www.artnroll.net\/home\/?p=32990#primaryimage\"},\"image\":{\"@id\":\"https:\/\/www.artnroll.net\/home\/?p=32990#primaryimage\"},\"thumbnailUrl\":\"https:\/\/www.artnroll.net\/home\/wp-content\/uploads\/2024\/07\/406267014_653313357003362_5171420073412989080_n.jpg\",\"datePublished\":\"2024-07-21T10:31:51+00:00\",\"dateModified\":\"2024-07-21T10:31:51+00:00\",\"author\":{\"@id\":\"https:\/\/www.artnroll.net\/home\/#\/schema\/person\/2c2e86d09dd4ed59adb6fdd87c403e00\"},\"inLanguage\":\"fr-FR\",\"potentialAction\":[{\"@type\":\"ReadAction\",\"target\":[\"https:\/\/www.artnroll.net\/home\/?p=32990\"]}]},{\"@type\":\"ImageObject\",\"inLanguage\":\"fr-FR\",\"@id\":\"https:\/\/www.artnroll.net\/home\/?p=32990#primaryimage\",\"url\":\"https:\/\/www.artnroll.net\/home\/wp-content\/uploads\/2024\/07\/406267014_653313357003362_5171420073412989080_n.jpg\",\"contentUrl\":\"https:\/\/www.artnroll.net\/home\/wp-content\/uploads\/2024\/07\/406267014_653313357003362_5171420073412989080_n.jpg\",\"width\":1080,\"height\":1080},{\"@type\":\"WebSite\",\"@id\":\"https:\/\/www.artnroll.net\/home\/#website\",\"url\":\"https:\/\/www.artnroll.net\/home\/\",\"name\":\"Art&#039;n&#039;Roll Webzine\",\"description\":\"Webzine on the Rocks\",\"potentialAction\":[{\"@type\":\"SearchAction\",\"target\":{\"@type\":\"EntryPoint\",\"urlTemplate\":\"https:\/\/www.artnroll.net\/home\/?s={search_term_string}\"},\"query-input\":{\"@type\":\"PropertyValueSpecification\",\"valueRequired\":true,\"valueName\":\"search_term_string\"}}],\"inLanguage\":\"fr-FR\"},{\"@type\":\"Person\",\"@id\":\"https:\/\/www.artnroll.net\/home\/#\/schema\/person\/2c2e86d09dd4ed59adb6fdd87c403e00\",\"name\":\"C\u00e9line\",\"image\":{\"@type\":\"ImageObject\",\"inLanguage\":\"fr-FR\",\"@id\":\"https:\/\/www.artnroll.net\/home\/#\/schema\/person\/image\/\",\"url\":\"https:\/\/secure.gravatar.com\/avatar\/e8f1291170ed826d1f66eb1854f5c6287386233ed34dc1db794e016cea3e98da?s=96&d=mm&r=g\",\"contentUrl\":\"https:\/\/secure.gravatar.com\/avatar\/e8f1291170ed826d1f66eb1854f5c6287386233ed34dc1db794e016cea3e98da?s=96&d=mm&r=g\",\"caption\":\"C\u00e9line\"},\"url\":\"https:\/\/www.artnroll.net\/home\/?author=54\"}]}<\/script>\n<!-- \/ Yoast SEO plugin. -->","yoast_head_json":{"title":"Interview avec le groupe DARKEN - Hellfest 2024 - Samedi 29 Juin - Art&#039;n&#039;Roll Webzine","robots":{"index":"index","follow":"follow","max-snippet":"max-snippet:-1","max-image-preview":"max-image-preview:large","max-video-preview":"max-video-preview:-1"},"canonical":"https:\/\/www.artnroll.net\/home\/?p=32990","og_locale":"fr_FR","og_type":"article","og_title":"Interview avec le groupe DARKEN - Hellfest 2024 - Samedi 29 Juin - Art&#039;n&#039;Roll Webzine","og_description":"Apr\u00e8s pr\u00e8s de 30 ans d&rsquo;absence, Darken a fait son grand retour! Compos\u00e9 de membres originels et de nouvelles recrues (le fils de l&rsquo;un des membres !), cette rencontre a \u00e9t\u00e9 pour moi un moment vraiment unique! Forts de leur exp\u00e9rience musicale, ils m&rsquo;ont montr\u00e9 une personnalit\u00e9 attachante et toujours cette envie d\u00e9cupl\u00e9e pour leur musique. Un moment inoubliable ! Art&rsquo;N&rsquo;Roll: C&rsquo;est vraiment un plaisir de vous rencontrer ! Darken : Plaisir partag\u00e9 ! Art&rsquo;N&rsquo;Roll: C&rsquo;est votre grande premi\u00e8re au Hellfest ! Sur la Mainstage 1 de surcro\u00eet ! Darken : Oui c&rsquo;est notre premi\u00e8re au Hellfest. On \u00e9tait carr\u00e9ment [&hellip;]","og_url":"https:\/\/www.artnroll.net\/home\/?p=32990","og_site_name":"Art&#039;n&#039;Roll Webzine","article_publisher":"https:\/\/www.facebook.com\/artnroll.net\/","article_published_time":"2024-07-21T10:31:51+00:00","og_image":[{"width":1080,"height":1080,"url":"https:\/\/www.artnroll.net\/home\/wp-content\/uploads\/2024\/07\/406267014_653313357003362_5171420073412989080_n.jpg","type":"image\/jpeg"}],"author":"C\u00e9line","twitter_misc":{"\u00c9crit par":"C\u00e9line","Dur\u00e9e de lecture estim\u00e9e":"8 minutes"},"schema":{"@context":"https:\/\/schema.org","@graph":[{"@type":"WebPage","@id":"https:\/\/www.artnroll.net\/home\/?p=32990","url":"https:\/\/www.artnroll.net\/home\/?p=32990","name":"Interview avec le groupe DARKEN - Hellfest 2024 - Samedi 29 Juin - Art&#039;n&#039;Roll Webzine","isPartOf":{"@id":"https:\/\/www.artnroll.net\/home\/#website"},"primaryImageOfPage":{"@id":"https:\/\/www.artnroll.net\/home\/?p=32990#primaryimage"},"image":{"@id":"https:\/\/www.artnroll.net\/home\/?p=32990#primaryimage"},"thumbnailUrl":"https:\/\/www.artnroll.net\/home\/wp-content\/uploads\/2024\/07\/406267014_653313357003362_5171420073412989080_n.jpg","datePublished":"2024-07-21T10:31:51+00:00","dateModified":"2024-07-21T10:31:51+00:00","author":{"@id":"https:\/\/www.artnroll.net\/home\/#\/schema\/person\/2c2e86d09dd4ed59adb6fdd87c403e00"},"inLanguage":"fr-FR","potentialAction":[{"@type":"ReadAction","target":["https:\/\/www.artnroll.net\/home\/?p=32990"]}]},{"@type":"ImageObject","inLanguage":"fr-FR","@id":"https:\/\/www.artnroll.net\/home\/?p=32990#primaryimage","url":"https:\/\/www.artnroll.net\/home\/wp-content\/uploads\/2024\/07\/406267014_653313357003362_5171420073412989080_n.jpg","contentUrl":"https:\/\/www.artnroll.net\/home\/wp-content\/uploads\/2024\/07\/406267014_653313357003362_5171420073412989080_n.jpg","width":1080,"height":1080},{"@type":"WebSite","@id":"https:\/\/www.artnroll.net\/home\/#website","url":"https:\/\/www.artnroll.net\/home\/","name":"Art&#039;n&#039;Roll Webzine","description":"Webzine on the Rocks","potentialAction":[{"@type":"SearchAction","target":{"@type":"EntryPoint","urlTemplate":"https:\/\/www.artnroll.net\/home\/?s={search_term_string}"},"query-input":{"@type":"PropertyValueSpecification","valueRequired":true,"valueName":"search_term_string"}}],"inLanguage":"fr-FR"},{"@type":"Person","@id":"https:\/\/www.artnroll.net\/home\/#\/schema\/person\/2c2e86d09dd4ed59adb6fdd87c403e00","name":"C\u00e9line","image":{"@type":"ImageObject","inLanguage":"fr-FR","@id":"https:\/\/www.artnroll.net\/home\/#\/schema\/person\/image\/","url":"https:\/\/secure.gravatar.com\/avatar\/e8f1291170ed826d1f66eb1854f5c6287386233ed34dc1db794e016cea3e98da?s=96&d=mm&r=g","contentUrl":"https:\/\/secure.gravatar.com\/avatar\/e8f1291170ed826d1f66eb1854f5c6287386233ed34dc1db794e016cea3e98da?s=96&d=mm&r=g","caption":"C\u00e9line"},"url":"https:\/\/www.artnroll.net\/home\/?author=54"}]}},"_links":{"self":[{"href":"https:\/\/www.artnroll.net\/home\/index.php?rest_route=\/wp\/v2\/posts\/32990","targetHints":{"allow":["GET"]}}],"collection":[{"href":"https:\/\/www.artnroll.net\/home\/index.php?rest_route=\/wp\/v2\/posts"}],"about":[{"href":"https:\/\/www.artnroll.net\/home\/index.php?rest_route=\/wp\/v2\/types\/post"}],"author":[{"embeddable":true,"href":"https:\/\/www.artnroll.net\/home\/index.php?rest_route=\/wp\/v2\/users\/54"}],"replies":[{"embeddable":true,"href":"https:\/\/www.artnroll.net\/home\/index.php?rest_route=%2Fwp%2Fv2%2Fcomments&post=32990"}],"version-history":[{"count":2,"href":"https:\/\/www.artnroll.net\/home\/index.php?rest_route=\/wp\/v2\/posts\/32990\/revisions"}],"predecessor-version":[{"id":32995,"href":"https:\/\/www.artnroll.net\/home\/index.php?rest_route=\/wp\/v2\/posts\/32990\/revisions\/32995"}],"wp:featuredmedia":[{"embeddable":true,"href":"https:\/\/www.artnroll.net\/home\/index.php?rest_route=\/wp\/v2\/media\/32994"}],"wp:attachment":[{"href":"https:\/\/www.artnroll.net\/home\/index.php?rest_route=%2Fwp%2Fv2%2Fmedia&parent=32990"}],"wp:term":[{"taxonomy":"category","embeddable":true,"href":"https:\/\/www.artnroll.net\/home\/index.php?rest_route=%2Fwp%2Fv2%2Fcategories&post=32990"},{"taxonomy":"post_tag","embeddable":true,"href":"https:\/\/www.artnroll.net\/home\/index.php?rest_route=%2Fwp%2Fv2%2Ftags&post=32990"}],"curies":[{"name":"wp","href":"https:\/\/api.w.org\/{rel}","templated":true}]}}