{"id":32115,"date":"2024-07-18T16:32:23","date_gmt":"2024-07-18T14:32:23","guid":{"rendered":"https:\/\/www.artnroll.net\/home\/?p=32115"},"modified":"2024-07-20T15:40:16","modified_gmt":"2024-07-20T13:40:16","slug":"interview-avec-deficiency-hellfest-dimanche-30-juin-2024","status":"publish","type":"post","link":"https:\/\/www.artnroll.net\/home\/?p=32115","title":{"rendered":"Interview avec Deficiency \u2013 Hellfest \u2013 Dimanche 30 juin 2024"},"content":{"rendered":"<p style=\"text-align: justify;\"><em>Retrouvailles dominicales avec trois des quatre Lorrains (57 et 54) de Deficiency ce dimanche 30 juin en milieu d\u2019apr\u00e8s-midi autour d&rsquo;une table du VIP du Hellfest ! Laurent Gisonna (Chant, Guitare), Vianney Habert (Basse) et le nouveau Gabriel Palmieri (Guitare) ont pr\u00e9sent\u00e9 ce matin leur thrash metal technique, contemporain et m\u00e9lodique devant le public de l\u2019Altar, et semblent de tr\u00e8s bonne humeur. Impression confirm\u00e9e par cette interview pour des plus d\u00e9tendues et d\u00e9bonnaires ! <\/em><\/p>\n<p style=\"text-align: justify;\"><strong>\u00a0<\/strong><\/p>\n<p style=\"text-align: justify;\"><strong>Art\u2019n\u2019Roll\u00a0: C\u2019est un vrai plaisir de vous avoir\u00a0! <\/strong><\/p>\n<p style=\"text-align: justify;\"><strong>Vianney Habert (Basse)\u00a0:<\/strong> Plaisir partag\u00e9\u00a0!<\/p>\n<p style=\"text-align: justify;\"><strong>ANR\u00a0: La derni\u00e8re fois que je vous ai interview\u00e9s c\u2019\u00e9tait pour Roger d\u00e9j\u00e0, au Black Dog \u00e0 Paris en 2017\u2026 Ce n\u2019\u00e9tait pas une discussion si technique, toi je sais que tu es courtier en assurances\u00a0!<\/strong><\/p>\n<p style=\"text-align: justify;\"><strong>VH\u00a0: <\/strong>C\u2019est \u00e7\u00e0\u2026<\/p>\n<p style=\"text-align: justify;\"><strong>Laurent Gisonna (Chant, Guitare)\u00a0: <\/strong>Bravo<strong> (Rires)<\/strong><\/p>\n<p style=\"text-align: justify;\"><strong>ANR\u00a0: Je me souviens \u00e9galement que votre pr\u00e9c\u00e9dent guitariste, Monsieur Meichelbeck, aimait beaucoup les randonn\u00e9es en Moselle\u2026<\/strong><\/p>\n<p style=\"text-align: justify;\"><strong>LG\u00a0:<\/strong> Exactement\u00a0!<\/p>\n<p style=\"text-align: justify;\"><strong>Gabriel Palmieri (Guitare)<\/strong>\u00a0: Les anecdotes sont pr\u00e9sentes\u00a0!<\/p>\n<p style=\"text-align: justify;\"><strong>ANR\u00a0: Cela me donne envie de vous faire une interview \u00ab\u00a0Anecdotes\u00a0\u00bb\u2026 Mais pas que. Ma premi\u00e8re question sera\u00a0: comment s\u2019est pass\u00e9 votre concert \u00e0 l\u2019Altar\u00a0?<\/strong><\/p>\n<p style=\"text-align: justify;\"><strong>VH : <\/strong>Super bien.<\/p>\n<p style=\"text-align: justify;\"><strong>LG\u00a0: <\/strong>Incroyable.<\/p>\n<p style=\"text-align: justify;\"><strong>GP\u00a0: <\/strong>C\u2019\u00e9tait vraiment <em>cool<\/em>.<\/p>\n<p style=\"text-align: justify;\"><strong>ANR\u00a0: En tant que spectateurs, qu\u2019avez-vous vu \u00e0 l\u2019Altar\u00a0?<\/strong><\/p>\n<p style=\"text-align: justify;\"><strong>LG\u00a0: <\/strong>Je suis all\u00e9 voir un bout de Textures vendredi, et on a vu Kronos samedi.<\/p>\n<p style=\"text-align: justify;\"><strong>VH : <\/strong>The Haunted samedi aussi.<\/p>\n<p style=\"text-align: justify;\"><strong>LG\u00a0: <\/strong>C\u2019est une sc\u00e8ne du Hellfest que l\u2019on squatte pas mal\u2026<\/p>\n<p style=\"text-align: justify;\"><strong>ANR\u00a0: Si Deficiency \u00e9tait un endroit du Hellfest, ce serait donc l\u2019Altar\u2026<\/strong><\/p>\n<p style=\"text-align: justify;\"><strong>LG : <\/strong>Je pense, oui. On a notre place en termes stylistiques l\u00e0-dedans, oui\u2026<\/p>\n<p style=\"text-align: justify;\"><strong>ANR\u00a0: Et si Deficiency \u00e9tait une salle en France\u00a0?<\/strong><\/p>\n<p style=\"text-align: justify;\"><strong>VH : <\/strong>La Belle \u00e9lectrique\u2026<\/p>\n<p style=\"text-align: justify;\"><strong>ANR : La BAM \u00e9galement\u00a0? <\/strong><\/p>\n<p style=\"text-align: justify;\"><strong>LG : <\/strong>Oui, on a fait la BAM\u2026 La Laiterie j\u2019aime bien aussi, il y a un truc en plus\u2026<\/p>\n<p style=\"text-align: justify;\"><strong>ANR : Si Deficiency \u00e9tait un lieu en France\u00a0? La place Stan\u2019\u00a0?<\/strong><\/p>\n<p style=\"text-align: justify;\"><strong>GP : <\/strong>Les arcades de la place Saint-Louis\u00a0!<\/p>\n<p style=\"text-align: justify;\"><strong>ANR\u00a0: Si Deficiency \u00e9tait un lieu ailleurs dans le Monde\u00a0?<\/strong><\/p>\n<p style=\"text-align: justify;\"><strong>GP : <\/strong>Le ch\u00e2teau des Maures au Portugal. C\u2019est tr\u00e8s con, mais on s\u2019est dit une fois que Deficiency ira jouer l\u00e0-bas !<\/p>\n<p style=\"text-align: justify;\"><strong>ANR\u00a0: Laurent, tu es le fondateur du groupe. Quel bilan tires-tu de votre parcours\u00a0?<\/strong><\/p>\n<p style=\"text-align: justify;\"><strong>LG : <\/strong>Quel bilan je tire\u00a0? On en parlait avec les copains pas plus tard qu\u2019hier, qu\u2019on r\u00e9p\u00e9tait chez notre premier batteur dans son garage il y a quinze ans\u2026<\/p>\n<p style=\"text-align: justify;\"><strong>VH\u00a0:<\/strong> Arrive un moment o\u00f9 tu fais le Hellfest\u2026<\/p>\n<p style=\"text-align: justify;\"><strong>LG\u00a0:<\/strong> Et tu te dis\u00a0: \u00ab\u00a0Tout travail m\u00e9rite salaire\u00a0\u00bb\u00a0!<\/p>\n<p style=\"text-align: justify;\"><strong>ANR\u00a0: On me dit que la presse locale \u00e0 Forbach a salu\u00e9 votre venue au Hellfest\u2026<\/strong><\/p>\n<p style=\"text-align: justify;\"><strong>LG : <\/strong>Oui vraiment, c\u2019est <em>cool<\/em> de se faire soutenir par les acteurs locaux. Il y a assez peu de groupes mosellans qui ont jou\u00e9 ici, donc c\u2019est une petite fiert\u00e9 pour tous dans notre d\u00e9partement. Le style metal n\u2019est pas des plus m\u00e9diatis\u00e9s\u2026<\/p>\n<p style=\"text-align: justify;\"><strong>ANR\u00a0: Mais la Lorraine est un coin metal\u00a0!<\/strong><\/p>\n<p style=\"text-align: justify;\"><strong>LG : <\/strong>La Lorraine est un coin metal\u2026<\/p>\n<p style=\"text-align: justify;\"><strong>ANR\u00a0: Vous avez des salles, du public\u2026<\/strong><\/p>\n<p style=\"text-align: justify;\"><strong>LG : <\/strong>Des groupes\u2026 On est \u00e0 la crois\u00e9e Luxembourg \u2013 Allemagne\u2026<\/p>\n<p style=\"text-align: justify;\"><strong>VH\u00a0:<\/strong> Belgique\u2026<\/p>\n<p style=\"text-align: justify;\"><strong>LG\u00a0:<\/strong> Clairement c\u2019est tr\u00e8s riche, nous avons des salles mythiques\u2026 Chez Paulette, Le Garage, etc\u2026<\/p>\n<p style=\"text-align: justify;\"><strong>ANR\u00a0: Mon cousin est de Pompey\u2026<\/strong><\/p>\n<p style=\"text-align: justify;\"><strong>GP\u00a0: <\/strong>C\u2019est \u00e0 c\u00f4t\u00e9 de chez moi\u2026<\/p>\n<p style=\"text-align: justify;\"><strong>ANR\u00a0: Tu es de Frouard\u00a0?<\/strong><\/p>\n<p style=\"text-align: justify;\"><strong>GP : <\/strong>Pont-\u00e0-Mousson\u00a0!<\/p>\n<p style=\"text-align: justify;\"><strong>ANR\u00a0: Je connais bien le coin, Frouard c\u2019est l\u00e0 o\u00f9 je vais acheter des fleurs, sans oublier le centre commercial\u2026<\/strong><\/p>\n<p style=\"text-align: justify;\"><strong>GP : <\/strong>Attends\u00a0! La zone industrielle avec l\u2019usine Sopalin\u00a0!<\/p>\n<p style=\"text-align: justify;\"><strong>ANR\u00a0: En m\u00eame pas cent m\u00e8tres, tu fais la Meurthe\u2026<\/strong><\/p>\n<p style=\"text-align: justify;\"><strong>GP : <\/strong>Et la Moselle\u00a0!<\/p>\n<p style=\"text-align: justify;\"><strong>ANR\u00a0: Quand tu viens de Pont-\u00e0-Mousson \u00e7a fait quoi de venir en plein Ouest jouer \u00e0 Clisson\u00a0?<\/strong><\/p>\n<p style=\"text-align: justify;\"><strong>LG : <\/strong>\u00e7a rime d\u00e9j\u00e0\u00a0!<\/p>\n<p style=\"text-align: justify;\"><strong>GP\u00a0:<\/strong> \u00e7a fait plaisir\u00a0! On \u00e9tait d\u00e9j\u00e0 venus ici, mais en tant que spectateurs\u2026<\/p>\n<p style=\"text-align: justify;\"><strong>ANR\u00a0: Sinon, une autre salle lorraine\u00a0: L\u2019autre Canal \u00e0 Nancy, j\u2019y ai vu Arch Enemy il y a six ans\u2026<\/strong><\/p>\n<p style=\"text-align: justify;\"><strong>GP : <\/strong>L\u2019autre Canal, \u00e0 c\u00f4t\u00e9 du stade Marcel Picot\u2026<\/p>\n<p style=\"text-align: justify;\"><strong>ANR\u00a0: Marcel Picot, j\u2019y ai vu un Nancy-Brest\u2026<\/strong><\/p>\n<p style=\"text-align: justify;\"><strong>GP\u00a0: <\/strong>Tout moisi\u00a0!<\/p>\n<p style=\"text-align: justify;\"><strong>ANR\u00a0: Calamiteux en premi\u00e8re journ\u00e9e de Ligue 1\u2026 Vous supportez Nancy\u00a0?<\/strong><\/p>\n<p style=\"text-align: justify;\"><strong>GP : <\/strong>La Lorraine est grenat.<\/p>\n<p style=\"text-align: justify;\"><strong>VH\u00a0:<\/strong> Ici c\u2019est Metz\u00a0!<\/p>\n<p style=\"text-align: justify;\"><strong>GP\u00a0:<\/strong> Pour l\u2019anecdote, Gab\u2019 c\u2019est-\u00e0-dire moi, a compos\u00e9 en partie l\u2019hymne du FC Metz qui tournait dans le stade Saint-Symphorien pendant vingt ans, et l\u2019a m\u00eame jou\u00e9\u2026 \u00ab\u00a0Le feu sacr\u00e9\u00a0\u00bb\u00a0!<\/p>\n<p style=\"text-align: justify;\"><strong>ANR\u00a0: Donc, du coup, si Deficiency \u00e9tait un lieu en Lorraine, ce serait en fait le stade\u2026<\/strong><\/p>\n<p style=\"text-align: justify;\"><strong>GP\u00a0: <\/strong>Saint-Symphorien\u00a0! \u00ab\u00a0Le feu sacr\u00e9\u00a0\u00bb\u00a0!<\/p>\n<p style=\"text-align: justify;\"><strong>CLine (Art\u2019n\u2019Roll) : Je ne vais pas vous dire quelle \u00e9quipe, de ma ville d\u2019origine, que je supporte\u2026<\/strong><\/p>\n<p style=\"text-align: justify;\"><strong>GP\u00a0: <\/strong>C\u2019est quoi comme \u00e9quipe\u00a0?<\/p>\n<p style=\"text-align: justify;\"><strong>CLine\u00a0: Le HAC\u00a0! <\/strong><\/p>\n<p style=\"text-align: justify;\"><strong>GP\u00a0: <\/strong>Ah ouais\u00a0! Ils ont fait un beau parcours\u00a0! Est-ce qu\u2019ils ont sorti un nouvel album\u00a0?<\/p>\n<p style=\"text-align: justify;\"><strong>ANR\u00a0: On y vient\u00a0! Quels sont les projets de Deficiency, en termes de compos notamment\u00a0?<\/strong><\/p>\n<p style=\"text-align: justify;\"><strong>GP : <\/strong>26 juillet\u2026 Nouveau single\u2026 Compos\u00e9 par Laurent et moi, le premier dans l\u2019histoire du groupe\u2026 Laurent avait l\u2019habitude de composer seul\u2026<\/p>\n<p style=\"text-align: justify;\"><strong>LG\u00a0:<\/strong> Tu m\u2019as forc\u00e9, alors j\u2019ai accept\u00e9\u2026<\/p>\n<p style=\"text-align: justify;\"><strong>ANR\u00a0: Quels seraient vos influences quant \u00e0 ces nouveaux travaux\u00a0?<\/strong><\/p>\n<p style=\"text-align: justify;\"><strong>LG : <\/strong>Il n\u2019y a pas clairement d\u2019influences sp\u00e9cifiques\u2026<\/p>\n<p style=\"text-align: justify;\"><strong>ANR\u00a0: La derni\u00e8re fois que nous nous sommes vus, tu m\u2019avais dit avoir \u00e9t\u00e9 influenc\u00e9 par \u00ab\u00a0And Justice for All\u2026\u00a0\u00bb de Metallica\u2026<\/strong><\/p>\n<p style=\"text-align: justify;\"><strong>LG : <\/strong>C\u2019est toujours cela, c\u2019est du thrash, c\u2019est technique, on est toujours un peu l\u00e0-dedans, avec plus d\u2019aspects symphoniques, afin de donner un peu plus d\u2019ampleur\u2026 De plus, notre nouveau guitariste est un peu plus technique que moi, donc on peut envisager plus de subtilit\u00e9s\u2026<\/p>\n<p style=\"text-align: justify;\"><strong>GP\u00a0: <\/strong>Des riffs d\u00e9structur\u00e9s, qui appartiennent au metal progressif\u2026<\/p>\n<p style=\"text-align: justify;\"><strong>ANR\u00a0: Quelle est la diff\u00e9rence entre un groupe de metal progressif en studio et un groupe de metal progressif sur sc\u00e8ne\u00a0?<\/strong><\/p>\n<p style=\"text-align: justify;\"><strong>GP : <\/strong>Si le mec est capable de jouer sur sc\u00e8ne la m\u00eame chose qu\u2019en studio, il n\u2019y aura pas de diff\u00e9rence.<\/p>\n<p style=\"text-align: justify;\"><strong>ANR\u00a0: Quelle est la suite du programme ce soir\u00a0?<\/strong><\/p>\n<p style=\"text-align: justify;\"><strong>GP : <\/strong>Beaucoup d\u2019<em>interviews<\/em>, et on ira voir Foo Fighters.<\/p>\n<p style=\"text-align: justify;\"><strong>ANR\u00a0: Merci Deficiency\u00a0!<\/strong><\/p>\n<p><img loading=\"lazy\" decoding=\"async\" class=\"size-medium wp-image-32152 aligncenter\" src=\"https:\/\/www.artnroll.net\/home\/wp-content\/uploads\/2024\/07\/IMG_20240718_190019-300x256.jpg\" alt=\"\" width=\"300\" height=\"256\" srcset=\"https:\/\/www.artnroll.net\/home\/wp-content\/uploads\/2024\/07\/IMG_20240718_190019-300x256.jpg 300w, https:\/\/www.artnroll.net\/home\/wp-content\/uploads\/2024\/07\/IMG_20240718_190019-600x511.jpg 600w, https:\/\/www.artnroll.net\/home\/wp-content\/uploads\/2024\/07\/IMG_20240718_190019-768x654.jpg 768w, https:\/\/www.artnroll.net\/home\/wp-content\/uploads\/2024\/07\/IMG_20240718_190019-200x170.jpg 200w, https:\/\/www.artnroll.net\/home\/wp-content\/uploads\/2024\/07\/IMG_20240718_190019.jpg 1200w\" sizes=\"auto, (max-width: 300px) 100vw, 300px\" \/><\/p>\n","protected":false},"excerpt":{"rendered":"<p>Retrouvailles dominicales avec trois des quatre Lorrains (57 et 54) de Deficiency ce dimanche 30 juin en milieu d\u2019apr\u00e8s-midi autour d&rsquo;une table du VIP du Hellfest ! Laurent Gisonna (Chant, Guitare), Vianney Habert (Basse) et le nouveau Gabriel Palmieri (Guitare) ont pr\u00e9sent\u00e9 ce matin leur thrash metal technique, contemporain et m\u00e9lodique devant le public de l\u2019Altar, et semblent de tr\u00e8s bonne humeur. Impression confirm\u00e9e par cette interview pour des plus d\u00e9tendues et d\u00e9bonnaires ! \u00a0 Art\u2019n\u2019Roll\u00a0: C\u2019est un vrai plaisir de vous avoir\u00a0! Vianney Habert (Basse)\u00a0: Plaisir partag\u00e9\u00a0! ANR\u00a0: La derni\u00e8re fois que je vous ai interview\u00e9s c\u2019\u00e9tait pour Roger [&hellip;]<\/p>\n","protected":false},"author":23,"featured_media":32117,"comment_status":"open","ping_status":"closed","sticky":false,"template":"","format":"standard","meta":{"_mi_skip_tracking":false,"_monsterinsights_sitenote_active":false,"_monsterinsights_sitenote_note":"","_monsterinsights_sitenote_category":0,"footnotes":""},"categories":[1480,2472,3],"tags":[234,1234],"class_list":["post-32115","post","type-post","status-publish","format-standard","has-post-thumbnail","hentry","category-a-la-une","category-hellfest-2024","category-interviews","tag-france","tag-thrash-metal"],"yoast_head":"<!-- This site is optimized with the Yoast SEO plugin v23.9 - https:\/\/yoast.com\/wordpress\/plugins\/seo\/ -->\n<title>Interview avec Deficiency \u2013 Hellfest \u2013 Dimanche 30 juin 2024 - Art&#039;n&#039;Roll Webzine<\/title>\n<meta name=\"description\" content=\"Conversation dominicale et ensoleill\u00e9e avec trois des quatre Lorrains de Deficiency, les thrasheurs contemporains se sont produits ce dimanche 30 juin \u00e0 l&#039;Altar du Hellfest et sont de tr\u00e8s bonne humeur...\" \/>\n<meta name=\"robots\" content=\"index, follow, max-snippet:-1, max-image-preview:large, max-video-preview:-1\" \/>\n<link rel=\"canonical\" href=\"https:\/\/www.artnroll.net\/home\/?p=32115\" \/>\n<meta property=\"og:locale\" content=\"fr_FR\" \/>\n<meta property=\"og:type\" content=\"article\" \/>\n<meta property=\"og:title\" content=\"Interview avec Deficiency \u2013 Hellfest \u2013 Dimanche 30 juin 2024 - Art&#039;n&#039;Roll Webzine\" \/>\n<meta property=\"og:description\" content=\"Conversation dominicale et ensoleill\u00e9e avec trois des quatre Lorrains de Deficiency, les thrasheurs contemporains se sont produits ce dimanche 30 juin \u00e0 l&#039;Altar du Hellfest et sont de tr\u00e8s bonne humeur...\" \/>\n<meta property=\"og:url\" content=\"https:\/\/www.artnroll.net\/home\/?p=32115\" \/>\n<meta property=\"og:site_name\" content=\"Art&#039;n&#039;Roll Webzine\" \/>\n<meta property=\"article:publisher\" content=\"https:\/\/www.facebook.com\/artnroll.net\/\" \/>\n<meta property=\"article:published_time\" content=\"2024-07-18T14:32:23+00:00\" \/>\n<meta property=\"article:modified_time\" content=\"2024-07-20T13:40:16+00:00\" \/>\n<meta property=\"og:image\" content=\"https:\/\/www.artnroll.net\/home\/wp-content\/uploads\/2024\/07\/449254075_1214600359874373_4965457437965929170_n-1.png\" \/>\n\t<meta property=\"og:image:width\" content=\"1500\" \/>\n\t<meta property=\"og:image:height\" content=\"556\" \/>\n\t<meta property=\"og:image:type\" content=\"image\/png\" \/>\n<meta name=\"author\" content=\"Romain\" \/>\n<meta name=\"twitter:label1\" content=\"\u00c9crit par\" \/>\n\t<meta name=\"twitter:data1\" content=\"Romain\" \/>\n\t<meta name=\"twitter:label2\" content=\"Dur\u00e9e de lecture estim\u00e9e\" \/>\n\t<meta name=\"twitter:data2\" content=\"6 minutes\" \/>\n<script type=\"application\/ld+json\" class=\"yoast-schema-graph\">{\"@context\":\"https:\/\/schema.org\",\"@graph\":[{\"@type\":\"WebPage\",\"@id\":\"https:\/\/www.artnroll.net\/home\/?p=32115\",\"url\":\"https:\/\/www.artnroll.net\/home\/?p=32115\",\"name\":\"Interview avec Deficiency \u2013 Hellfest \u2013 Dimanche 30 juin 2024 - Art&#039;n&#039;Roll Webzine\",\"isPartOf\":{\"@id\":\"https:\/\/www.artnroll.net\/home\/#website\"},\"primaryImageOfPage\":{\"@id\":\"https:\/\/www.artnroll.net\/home\/?p=32115#primaryimage\"},\"image\":{\"@id\":\"https:\/\/www.artnroll.net\/home\/?p=32115#primaryimage\"},\"thumbnailUrl\":\"https:\/\/www.artnroll.net\/home\/wp-content\/uploads\/2024\/07\/449254075_1214600359874373_4965457437965929170_n-1.png\",\"datePublished\":\"2024-07-18T14:32:23+00:00\",\"dateModified\":\"2024-07-20T13:40:16+00:00\",\"author\":{\"@id\":\"https:\/\/www.artnroll.net\/home\/#\/schema\/person\/dd31a92f656d4d0d87cc55b8d497c6a2\"},\"description\":\"Conversation dominicale et ensoleill\u00e9e avec trois des quatre Lorrains de Deficiency, les thrasheurs contemporains se sont produits ce dimanche 30 juin \u00e0 l'Altar du Hellfest et sont de tr\u00e8s bonne humeur...\",\"inLanguage\":\"fr-FR\",\"potentialAction\":[{\"@type\":\"ReadAction\",\"target\":[\"https:\/\/www.artnroll.net\/home\/?p=32115\"]}]},{\"@type\":\"ImageObject\",\"inLanguage\":\"fr-FR\",\"@id\":\"https:\/\/www.artnroll.net\/home\/?p=32115#primaryimage\",\"url\":\"https:\/\/www.artnroll.net\/home\/wp-content\/uploads\/2024\/07\/449254075_1214600359874373_4965457437965929170_n-1.png\",\"contentUrl\":\"https:\/\/www.artnroll.net\/home\/wp-content\/uploads\/2024\/07\/449254075_1214600359874373_4965457437965929170_n-1.png\",\"width\":1500,\"height\":556},{\"@type\":\"WebSite\",\"@id\":\"https:\/\/www.artnroll.net\/home\/#website\",\"url\":\"https:\/\/www.artnroll.net\/home\/\",\"name\":\"Art&#039;n&#039;Roll Webzine\",\"description\":\"Webzine on the Rocks\",\"potentialAction\":[{\"@type\":\"SearchAction\",\"target\":{\"@type\":\"EntryPoint\",\"urlTemplate\":\"https:\/\/www.artnroll.net\/home\/?s={search_term_string}\"},\"query-input\":{\"@type\":\"PropertyValueSpecification\",\"valueRequired\":true,\"valueName\":\"search_term_string\"}}],\"inLanguage\":\"fr-FR\"},{\"@type\":\"Person\",\"@id\":\"https:\/\/www.artnroll.net\/home\/#\/schema\/person\/dd31a92f656d4d0d87cc55b8d497c6a2\",\"name\":\"Romain\",\"image\":{\"@type\":\"ImageObject\",\"inLanguage\":\"fr-FR\",\"@id\":\"https:\/\/www.artnroll.net\/home\/#\/schema\/person\/image\/\",\"url\":\"https:\/\/secure.gravatar.com\/avatar\/6994d129a9c6c36ee5e2a2183d81eabab0eabc04aa41aed280c11d1754b4855e?s=96&d=mm&r=g\",\"contentUrl\":\"https:\/\/secure.gravatar.com\/avatar\/6994d129a9c6c36ee5e2a2183d81eabab0eabc04aa41aed280c11d1754b4855e?s=96&d=mm&r=g\",\"caption\":\"Romain\"},\"url\":\"https:\/\/www.artnroll.net\/home\/?author=23\"}]}<\/script>\n<!-- \/ Yoast SEO plugin. -->","yoast_head_json":{"title":"Interview avec Deficiency \u2013 Hellfest \u2013 Dimanche 30 juin 2024 - Art&#039;n&#039;Roll Webzine","description":"Conversation dominicale et ensoleill\u00e9e avec trois des quatre Lorrains de Deficiency, les thrasheurs contemporains se sont produits ce dimanche 30 juin \u00e0 l'Altar du Hellfest et sont de tr\u00e8s bonne humeur...","robots":{"index":"index","follow":"follow","max-snippet":"max-snippet:-1","max-image-preview":"max-image-preview:large","max-video-preview":"max-video-preview:-1"},"canonical":"https:\/\/www.artnroll.net\/home\/?p=32115","og_locale":"fr_FR","og_type":"article","og_title":"Interview avec Deficiency \u2013 Hellfest \u2013 Dimanche 30 juin 2024 - Art&#039;n&#039;Roll Webzine","og_description":"Conversation dominicale et ensoleill\u00e9e avec trois des quatre Lorrains de Deficiency, les thrasheurs contemporains se sont produits ce dimanche 30 juin \u00e0 l'Altar du Hellfest et sont de tr\u00e8s bonne humeur...","og_url":"https:\/\/www.artnroll.net\/home\/?p=32115","og_site_name":"Art&#039;n&#039;Roll Webzine","article_publisher":"https:\/\/www.facebook.com\/artnroll.net\/","article_published_time":"2024-07-18T14:32:23+00:00","article_modified_time":"2024-07-20T13:40:16+00:00","og_image":[{"width":1500,"height":556,"url":"https:\/\/www.artnroll.net\/home\/wp-content\/uploads\/2024\/07\/449254075_1214600359874373_4965457437965929170_n-1.png","type":"image\/png"}],"author":"Romain","twitter_misc":{"\u00c9crit par":"Romain","Dur\u00e9e de lecture estim\u00e9e":"6 minutes"},"schema":{"@context":"https:\/\/schema.org","@graph":[{"@type":"WebPage","@id":"https:\/\/www.artnroll.net\/home\/?p=32115","url":"https:\/\/www.artnroll.net\/home\/?p=32115","name":"Interview avec Deficiency \u2013 Hellfest \u2013 Dimanche 30 juin 2024 - Art&#039;n&#039;Roll Webzine","isPartOf":{"@id":"https:\/\/www.artnroll.net\/home\/#website"},"primaryImageOfPage":{"@id":"https:\/\/www.artnroll.net\/home\/?p=32115#primaryimage"},"image":{"@id":"https:\/\/www.artnroll.net\/home\/?p=32115#primaryimage"},"thumbnailUrl":"https:\/\/www.artnroll.net\/home\/wp-content\/uploads\/2024\/07\/449254075_1214600359874373_4965457437965929170_n-1.png","datePublished":"2024-07-18T14:32:23+00:00","dateModified":"2024-07-20T13:40:16+00:00","author":{"@id":"https:\/\/www.artnroll.net\/home\/#\/schema\/person\/dd31a92f656d4d0d87cc55b8d497c6a2"},"description":"Conversation dominicale et ensoleill\u00e9e avec trois des quatre Lorrains de Deficiency, les thrasheurs contemporains se sont produits ce dimanche 30 juin \u00e0 l'Altar du Hellfest et sont de tr\u00e8s bonne humeur...","inLanguage":"fr-FR","potentialAction":[{"@type":"ReadAction","target":["https:\/\/www.artnroll.net\/home\/?p=32115"]}]},{"@type":"ImageObject","inLanguage":"fr-FR","@id":"https:\/\/www.artnroll.net\/home\/?p=32115#primaryimage","url":"https:\/\/www.artnroll.net\/home\/wp-content\/uploads\/2024\/07\/449254075_1214600359874373_4965457437965929170_n-1.png","contentUrl":"https:\/\/www.artnroll.net\/home\/wp-content\/uploads\/2024\/07\/449254075_1214600359874373_4965457437965929170_n-1.png","width":1500,"height":556},{"@type":"WebSite","@id":"https:\/\/www.artnroll.net\/home\/#website","url":"https:\/\/www.artnroll.net\/home\/","name":"Art&#039;n&#039;Roll Webzine","description":"Webzine on the Rocks","potentialAction":[{"@type":"SearchAction","target":{"@type":"EntryPoint","urlTemplate":"https:\/\/www.artnroll.net\/home\/?s={search_term_string}"},"query-input":{"@type":"PropertyValueSpecification","valueRequired":true,"valueName":"search_term_string"}}],"inLanguage":"fr-FR"},{"@type":"Person","@id":"https:\/\/www.artnroll.net\/home\/#\/schema\/person\/dd31a92f656d4d0d87cc55b8d497c6a2","name":"Romain","image":{"@type":"ImageObject","inLanguage":"fr-FR","@id":"https:\/\/www.artnroll.net\/home\/#\/schema\/person\/image\/","url":"https:\/\/secure.gravatar.com\/avatar\/6994d129a9c6c36ee5e2a2183d81eabab0eabc04aa41aed280c11d1754b4855e?s=96&d=mm&r=g","contentUrl":"https:\/\/secure.gravatar.com\/avatar\/6994d129a9c6c36ee5e2a2183d81eabab0eabc04aa41aed280c11d1754b4855e?s=96&d=mm&r=g","caption":"Romain"},"url":"https:\/\/www.artnroll.net\/home\/?author=23"}]}},"_links":{"self":[{"href":"https:\/\/www.artnroll.net\/home\/index.php?rest_route=\/wp\/v2\/posts\/32115","targetHints":{"allow":["GET"]}}],"collection":[{"href":"https:\/\/www.artnroll.net\/home\/index.php?rest_route=\/wp\/v2\/posts"}],"about":[{"href":"https:\/\/www.artnroll.net\/home\/index.php?rest_route=\/wp\/v2\/types\/post"}],"author":[{"embeddable":true,"href":"https:\/\/www.artnroll.net\/home\/index.php?rest_route=\/wp\/v2\/users\/23"}],"replies":[{"embeddable":true,"href":"https:\/\/www.artnroll.net\/home\/index.php?rest_route=%2Fwp%2Fv2%2Fcomments&post=32115"}],"version-history":[{"count":10,"href":"https:\/\/www.artnroll.net\/home\/index.php?rest_route=\/wp\/v2\/posts\/32115\/revisions"}],"predecessor-version":[{"id":32982,"href":"https:\/\/www.artnroll.net\/home\/index.php?rest_route=\/wp\/v2\/posts\/32115\/revisions\/32982"}],"wp:featuredmedia":[{"embeddable":true,"href":"https:\/\/www.artnroll.net\/home\/index.php?rest_route=\/wp\/v2\/media\/32117"}],"wp:attachment":[{"href":"https:\/\/www.artnroll.net\/home\/index.php?rest_route=%2Fwp%2Fv2%2Fmedia&parent=32115"}],"wp:term":[{"taxonomy":"category","embeddable":true,"href":"https:\/\/www.artnroll.net\/home\/index.php?rest_route=%2Fwp%2Fv2%2Fcategories&post=32115"},{"taxonomy":"post_tag","embeddable":true,"href":"https:\/\/www.artnroll.net\/home\/index.php?rest_route=%2Fwp%2Fv2%2Ftags&post=32115"}],"curies":[{"name":"wp","href":"https:\/\/api.w.org\/{rel}","templated":true}]}}