{"id":27647,"date":"2023-04-19T16:56:50","date_gmt":"2023-04-19T14:56:50","guid":{"rendered":"https:\/\/www.artnroll.net\/home\/?p=27647"},"modified":"2023-04-21T10:36:59","modified_gmt":"2023-04-21T08:36:59","slug":"interview-de-dave-vanian-des-damned","status":"publish","type":"post","link":"https:\/\/www.artnroll.net\/home\/?p=27647","title":{"rendered":"Interview de Dave Vanian des Damned"},"content":{"rendered":"<p style=\"text-align: justify\"><em>\u00ab Dave Vanian creusait des tombes dans un cimeti\u00e8re tout en fredonnant ses airs favoris\u2026 Maintenant ce sont les dinosaures du rock que celui-ci s\u2019appr\u00eate \u00e0 enterrer !!! \u00bb. Ma premi\u00e8re appr\u00e9hension visuelle de l\u2019interview\u00e9 de ce jeudi 2 mars 2023 f\u00fbt le scopitone de \u00ab New Rose \u00bb avec \u00e0 la voix-off Alain Gardinier et ses mots, ce en cl\u00f4ture d\u2019un num\u00e9ro de Culture Rock sur M6 narrant \u00e0 la jeunesse de l\u2019hiver 1993 comment l\u2019ann\u00e9e 1976 f\u00eet brusquement passer la sienne des Wings, Genesis et autres Rolling Stones aux Damned. Sorti le 22 octobre de cette berge charni\u00e8re \u00ab New Rose \u00bb ne f\u00fbt nullement un des prodromes de ce que l\u2019on a appel\u00e9 \u00ab le punk \u00bb, non ; plut\u00f4t et rien de moins que le premier 45 tours de l\u2019innommable r\u00e9volution. Le papoum-papoum-papoum de Rats Scabies, la r\u00eache guitare de Brian James, la basse violent\u00e9e au plectre par Captain Sensible, et la voix d\u2019outre-caveau de Vanian au microphone. Simple suivi le 17 janvier 1977 du tout aussi monumental \u00ab Neat Neat Neat \u00bb ; puis par des albums divers et vari\u00e9s \u00e9pousant de temps en temps les folies du moment, comme en attestent entre autres le pr\u00e9-ann\u00e9es-quatre-vingt \u00ab Machine Gun Etiquette \u00bb de 1979 ou le franchement gothique \u00ab Phantasmagoria \u00bb de 1985 (contenant une reprise quasi-symphonique d\u2019\u00ab Eloise \u00bb, classique de la vari\u00e9t\u00e9 britannique originellement interpr\u00e9t\u00e9 par Barry Ryan) ; le dernier paru \u00e0 ce jour \u00e9tant le cin\u00e9matique et r\u00e9tro \u00ab Evil Spirits \u00bb de 2018 produit par David Visconti (Bowie). Entretemps j&rsquo;aurais eu l\u2019occasion de m\u2019infuser \u00ab New Rose \u00bb au baladeur sous l\u2019humide canicule tokyo\u00efte de 1994 (l&rsquo;initiatique single figurant sur une p\u00e9dagogique compile intitul\u00e9e \u00ab Best of 70\u2019s (de Woodstock au Walkman) \u00bb), puis plus tard de voir les Damned en premi\u00e8re partie de l\u2019ultime concert parisien de Mot\u00f6rhead (Le Z\u00e9nith, 18 novembre 2014). Le lecteur n\u00e9ophyte l\u2019aura d\u00e9duit de ce qui pr\u00e9c\u00e8de : The Damned est un des trois principaux groupes punk, un protagoniste non n\u00e9gligeable de l\u2019histoire du rock ainsi qu&rsquo;une figure de la musique anglaise. L\u2019esth\u00e9tique gothique est en outre redevable de beaucoup \u00e0 l\u2019ex-farfadet crayeux Vanian. Lequel pousse avec distinction \u00e0 midi pile la porte de la (toute aussi obscure et \u00e9l\u00e9gante) salle de l\u2019h\u00f4tel Alba d\u00e9di\u00e9e ce jour \u00e0 sa promo de \u00ab Darkadelic \u00bb, le douzi\u00e8me album studio du quatuor de Croydon (devenu quintet \u00e0 l\u2019addition d\u2019un synth\u00e9, et ne comportant plus que deux membres originaux, Vanian et Sensible) \u00e0 para\u00eetre le vendredi 28 avril 2023, soit un condens\u00e9 des populaires vibrations insulaires depuis au moins Harold Wilson ; c\u2019est par ce geste qu\u2019un classieux compromis entre Robert Fripp et le Juge Doom (le m\u00e9chant \u00e0 la trempette dans \u00ab Qui veut la peau de Roger Rabbit \u00bb) nous accorde l\u2019entame de sa journ\u00e9e parisienne\u2026<\/em><\/p>\n<p style=\"text-align: justify\"><strong>Art\u2019n\u2019Roll\u00a0: Monsieur Vanian\u00a0!<\/strong><\/p>\n<p style=\"text-align: justify\"><strong>Dave Vanian (Chant)\u00a0: <\/strong>Comment vas-tu ? Oh c\u2019est tr\u00e8s sombre ici, tsssssss !<\/p>\n<p style=\"text-align: justify\"><strong>ANR\u00a0: Merci de nous accorder cette <em>interview.<\/em>\u00a0Une premi\u00e8re question\u00a0: quel bilan tirez-vous de votre pr\u00e9c\u00e9dent album \u00ab\u00a0Evil Spirits\u00a0\u00bb ? <\/strong><\/p>\n<p style=\"text-align: justify\"><strong>DV\u00a0:<\/strong> Ahhhh\u2026 Les diff\u00e9rences avec le nouveau disque ? Ou\u2026<\/p>\n<p style=\"text-align: justify\"><strong>ANR\u00a0: Le bilan tout simplement\u2026<\/strong><\/p>\n<p style=\"text-align: justify\"><strong>DV\u00a0: <\/strong>Je pense\u2026 Heuuuuuuu\u2026 Que notre pr\u00e9c\u00e9dent disque n\u2019a pas b\u00e9n\u00e9fici\u00e9 d\u2019autant de temps n\u00e9cessaire \u00e0 sa pr\u00e9paration que celui-ci, certes Tony<strong> (NDA\u00a0: Tony Visconti, le producteur) <\/strong>a r\u00e9alis\u00e9 un travail d\u00e9cent\u2026<\/p>\n<p style=\"text-align: justify\"><strong>ANR : C\u2019\u00e9tait un album davantage symphonique\u2026<\/strong><\/p>\n<p style=\"text-align: justify\"><strong>DV\u00a0: (NDA\u00a0: voix tr\u00e8s douce) <\/strong>Oui\u2026<\/p>\n<p style=\"text-align: justify\"><strong>ANR\u00a0: \u00ab\u00a0Cin\u00e9matique\u00a0\u00bb\u2026<\/strong><\/p>\n<p style=\"text-align: justify\"><strong>DV : <\/strong>Oui, d\u00e9finitivement \u00ab\u00a0cin\u00e9matique\u00a0\u00bb\u2026 <em>Well<\/em>, c\u2019est probablement le fait que tant ma voix que la musique \u00e9taient impr\u00e9gn\u00e9es de bandes originales de films, de celles de quand j\u2019\u00e9tais gamin, d&rsquo;\u0153uvres des ann\u00e9es vingt et trente, tu vois\u2026<\/p>\n<p style=\"text-align: justify\"><strong>ANR\u00a0: Tout \u00e0 fait\u2026<\/strong><\/p>\n<p style=\"text-align: justify\"><strong>DV\u00a0:<\/strong> Lorsque j\u2019ai compos\u00e9 les chansons de ce pr\u00e9c\u00e9dent disque, j\u2019ai pens\u00e9 en termes cin\u00e9matiques, j\u2019ai \u00e9crit de fa\u00e7on visuelle, je ne me suis pas content\u00e9 de penser la musique ainsi que les chansons <em>stricto sensu<\/em>, mais tout l\u2019album globalement en terme de ressenti\u2026 Dans une veine identique figure sur le nouveau disque une chanson qui s\u2019intitule \u00ab Western Promise \u00bb, je l\u2019ai compos\u00e9e en ayant \u00e0 l&rsquo;esprit les films de David Lynch\u2026<\/p>\n<p><img loading=\"lazy\" decoding=\"async\" class=\" wp-image-27649\" src=\"https:\/\/www.artnroll.net\/home\/wp-content\/uploads\/2023\/04\/Damned_3-300x200.jpg\" alt=\"\" width=\"483\" height=\"322\" srcset=\"https:\/\/www.artnroll.net\/home\/wp-content\/uploads\/2023\/04\/Damned_3-300x200.jpg 300w, https:\/\/www.artnroll.net\/home\/wp-content\/uploads\/2023\/04\/Damned_3-600x400.jpg 600w, https:\/\/www.artnroll.net\/home\/wp-content\/uploads\/2023\/04\/Damned_3-768x512.jpg 768w, https:\/\/www.artnroll.net\/home\/wp-content\/uploads\/2023\/04\/Damned_3-200x133.jpg 200w, https:\/\/www.artnroll.net\/home\/wp-content\/uploads\/2023\/04\/Damned_3.jpg 1500w\" sizes=\"auto, (max-width: 483px) 100vw, 483px\" \/><\/p>\n<p style=\"text-align: justify\"><strong>ANR : \u00ab Darkadelic \u00bb votre nouvel album est intemporel et britannique, c&rsquo;est \u00e0 dire illimit\u00e9 dans le temps moins que dans l\u2019espace\u2026 Pensez-vous que ces deux adjectifs soient appropri\u00e9s ?<\/strong><\/p>\n<p style=\"text-align: justify\"><strong>DV\u00a0:<\/strong> <em>Yeah<\/em>, je d\u00e9crirais moi aussi ce nouveau disque comme cin\u00e9matique, dirig\u00e9 par la guitare, et effectivement britannique\u2026 Parce que nous avons \u00e9t\u00e9 cette fois inspir\u00e9s par les Kinks, les groupes anglais des ann\u00e9es soixante que j\u2019aime tellement\u2026<\/p>\n<p style=\"text-align: justify\"><strong>ANR\u00a0: Certains morceaux sur ce disque, \u00e0 l\u2019image de \u00ab\u00a0Follow Me\u00a0\u00bb ou \u00ab\u00a0Bad Weather Girl\u00a0\u00bb, me font un tantinet penser \u00e0 du Secret Affair\u2026<\/strong><\/p>\n<p style=\"text-align: justify\"><strong>DV\u00a0:<\/strong> A qui \u00e7a\u00a0?<\/p>\n<p style=\"text-align: justify\"><strong>ANR\u00a0: Secret Affair, le groupe <em>de Mod Revival<\/em> du d\u00e9but des ann\u00e9es quatre-vingt\u2026<\/strong><\/p>\n<p style=\"text-align: justify\"><strong>DV\u00a0:<\/strong> Ohhh\u2026 Je les connais sans \u00eatre fanatique de ce qu\u2019ils font. Mais, je vois ce que tu veux dire, je pense que cela vient de la basse qui est \u00e9galement tr\u00e8s pr\u00e9sente sur ce disque. Nous avons con\u00e7u des morceaux conjuguant l\u2019\u00e9nergie de certains groupes des ann\u00e9es soixante comme les Stooges ou le MC5, ces trucs-l\u00e0, avec des ambiances dramatiques ainsi qu\u2019un chant \u00e0 la Scott Walker, lequel a toujours exerc\u00e9 une influence pr\u00e9pond\u00e9rante sur moi, et ce depuis mes d\u00e9buts\u2026<\/p>\n<p style=\"text-align: justify\"><strong>ANR\u00a0: Ce disque serait un disque mod intemporel\u2026<\/strong><\/p>\n<p style=\"text-align: justify\"><strong>DV\u00a0:<\/strong> C\u2019est int\u00e9ressant. Cela me convient. Je dirais \u00e9galement qu\u2019il s\u2019agit d\u2019un disque pour danser\u2026<\/p>\n<p style=\"text-align: justify\"><strong>ANR : Comme vous dites, la basse y est tr\u00e8s pr\u00e9sente\u2026 La production s&rsquo;av\u00e8re parfaite\u2026<\/strong><\/p>\n<p style=\"text-align: justify\"><strong>DV\u00a0:<\/strong> La basse dirige beaucoup de morceaux de cet album\u2026 Nous avons cette fois b\u00e9n\u00e9fici\u00e9 de temps ainsi que d\u2019un recul propice afin de le concevoir. Nous avions entam\u00e9 sa conception avant la pand\u00e9mie ; puis avons \u00e9t\u00e9 contraints d\u2019arr\u00eater nos travaux ; et lorsque nous avons repris ceux-ci, notre vision de comment ce disque devait sonner avait \u00e9t\u00e9 compl\u00e9tement m\u00e9tamorphos\u00e9e, elle \u00e9tait int\u00e9gralement diff\u00e9rente du projet initial. Nous avons enregistr\u00e9 un disque finalement diff\u00e9rent de ce que nous pensions initialement enregistrer, et qui sonne exactement comme nous le souhaitions. D\u2019accoutum\u00e9e, le processus en studio est assez rapide : on nous accorde trois semaines afin d\u2019enregistrer, puis une semaine pour le mixage. Cette fois-ci, nous avons b\u00e9n\u00e9fici\u00e9 d\u2019une plage extr\u00eamement longue, ce qui nous a permis de jouir d\u2019un recul b\u00e9n\u00e9fique, notamment afin de bien d\u00e9finir le son\u2026<\/p>\n<p><img loading=\"lazy\" decoding=\"async\" class=\" wp-image-27654\" src=\"https:\/\/www.artnroll.net\/home\/wp-content\/uploads\/2023\/04\/Damned_12-300x200.jpg\" alt=\"\" width=\"417\" height=\"278\" srcset=\"https:\/\/www.artnroll.net\/home\/wp-content\/uploads\/2023\/04\/Damned_12-300x200.jpg 300w, https:\/\/www.artnroll.net\/home\/wp-content\/uploads\/2023\/04\/Damned_12-600x400.jpg 600w, https:\/\/www.artnroll.net\/home\/wp-content\/uploads\/2023\/04\/Damned_12-768x512.jpg 768w, https:\/\/www.artnroll.net\/home\/wp-content\/uploads\/2023\/04\/Damned_12-200x133.jpg 200w, https:\/\/www.artnroll.net\/home\/wp-content\/uploads\/2023\/04\/Damned_12.jpg 1500w\" sizes=\"auto, (max-width: 417px) 100vw, 417px\" \/><\/p>\n<p style=\"text-align: justify\"><strong>ANR\u00a0: Je suppose que Mr Sensible est satisfait lui aussi de la production\u2026<\/strong><\/p>\n<p style=\"text-align: justify\"><strong>DV\u00a0:<\/strong> Il a souvent fait remarquer en studio qu\u2019il y avait \u00ab\u00a0trop de guitares et pas assez de basse\u00a0\u00bb, et nous avons \u00e9t\u00e9 forc\u00e9s de lui faire comprendre que \u00ab\u00a0non, non, non\u00a0\u00bb\u2026<\/p>\n<p style=\"text-align: justify\"><strong>ANR\u00a0: (Rires)<\/strong><\/p>\n<p style=\"text-align: justify\"><strong>DV\u00a0:<\/strong> Il est vrai que la guitare est tr\u00e8s pr\u00e9sente sur ce disque et qu\u2019il y a de v\u00e9ritables m\u00e9lodies jou\u00e9es \u00e0 la guitare\u2026 Comme je te l\u2019ai dit \u00e0 l\u2019instant, ce disque est dirig\u00e9 par la guitare\u2026<\/p>\n<p style=\"text-align: justify\"><strong>ANR\u00a0: Avec des solos, de jolis solos, ce qui diff\u00e8re des premiers disques des Damned\u2026<\/strong><\/p>\n<p style=\"text-align: justify\"><strong>DV\u00a0:<\/strong> Oui.<\/p>\n<p style=\"text-align: justify\"><strong>ANR\u00a0: De d\u00e9licats <em>soli<\/em>\u2026<\/strong><\/p>\n<p style=\"text-align: justify\"><strong>DV\u00a0:<\/strong> Oui.<\/p>\n<p style=\"text-align: justify\"><strong>ANR\u00a0: \u00ab\u00a0Motorcycle Man\u00a0\u00bb est la chanson la plus \u00ab\u00a0rock\u00a0\u00bb de ce disque\u2026<\/strong><\/p>\n<p style=\"text-align: justify\"><strong>DV\u00a0:<\/strong> Tu as raison. C\u2019est un morceau compos\u00e9 par Paul, Paul Gray <strong>(NDA\u00a0: le bassiste)<\/strong> Ce qui est dingue, c\u2019est que la d\u00e9mo de cette chanson date des ann\u00e9es mille-neuf-cent-quatre-vingt-dix <strong>(<em>Sic<\/em>) <\/strong>; nous l\u2019avons profond\u00e9ment retravaill\u00e9e et le rendu sonne bien meilleur sous cette pr\u00e9sentation. La version initiale \u00e9tait bien plus lourde, la basse sonnait comme du Lemmy\u2026<\/p>\n<p style=\"text-align: justify\"><strong>ANR\u00a0: Lemmy\u00a0?<\/strong><\/p>\n<p style=\"text-align: justify\"><strong>DV\u00a0:<\/strong> Lemmy Kilmister.<\/p>\n<p style=\"text-align: justify\"><strong>ANR : Lemmy, puisque vous en parlez, a d\u00e9clar\u00e9 en 1995 dans la presse fran\u00e7aise qu\u2019il faudrait \u00e9riger dans chaque bourgade une statue de Rat Scabies (NDA : le premier batteur des Damned) pour l\u2019honorer de son intro sur \u00ab New Rose \u00bb\u2026<\/strong><\/p>\n<p style=\"text-align: justify\"><strong>DV\u00a0:<\/strong> <strong>(NDA\u00a0: \u00e9tonnement)<\/strong> Ahhhhhhhh\u2026<\/p>\n<p style=\"text-align: justify\"><strong>ANR\u00a0: Le saviez-vous\u00a0?<\/strong><\/p>\n<p style=\"text-align: justify\"><strong>DV\u00a0: (Rire charmant)<\/strong> Non, non&#8230;<\/p>\n<p style=\"text-align: justify\"><strong>ANR\u00a0: Ironie du sort, Lemmy poss\u00e8de lui sa propre et gigantesque statue en France, sur le site du Hellfest depuis 2016\u2026<\/strong><\/p>\n<p style=\"text-align: justify\"><strong>DV\u00a0:<\/strong> Ahhhhhhhh\u2026<\/p>\n<p style=\"text-align: justify\"><strong>ANR\u00a0: Les Damned se sont d\u2019ailleurs produits au Hellfest, \u00e0 l\u2019\u00e9dition 2017\u2026<\/strong><\/p>\n<p style=\"text-align: justify\"><strong>DV\u00a0: <\/strong>Han han.<\/p>\n<p style=\"text-align: justify\"><strong>ANR\u00a0: Vous en souvenez-vous\u00a0?<\/strong><\/p>\n<p style=\"text-align: justify\"><strong>DV\u00a0: <\/strong>Oui. Je m\u2019en souviens.<\/p>\n<p style=\"text-align: justify\"><strong>ANR : Quel souvenir conservez-vous de ce passage\u00a0?<\/strong><\/p>\n<p style=\"text-align: justify\"><strong>DV\u00a0:<\/strong> Je m\u2019en souviens. Pour la bonne raison que je n\u2019avais pas chant\u00e9 depuis longtemps avant ce concert\u2026<\/p>\n<p style=\"text-align: justify\"><strong>ANR\u00a0: Cet album \u00ab Darkadelic \u00bb est-il un disque \u00ab\u00a0mod\u00a0\u00bb, un disque \u00ab\u00a0rocker\u00a0\u00bb, ou bien un disque \u00ab\u00a0mocker\u00a0\u00bb\u00a0?<\/strong><\/p>\n<p><img loading=\"lazy\" decoding=\"async\" class=\" wp-image-27656\" src=\"https:\/\/www.artnroll.net\/home\/wp-content\/uploads\/2023\/04\/Damned_1-200x300.jpg\" alt=\"\" width=\"335\" height=\"503\" srcset=\"https:\/\/www.artnroll.net\/home\/wp-content\/uploads\/2023\/04\/Damned_1-200x300.jpg 200w, https:\/\/www.artnroll.net\/home\/wp-content\/uploads\/2023\/04\/Damned_1-400x600.jpg 400w, https:\/\/www.artnroll.net\/home\/wp-content\/uploads\/2023\/04\/Damned_1-768x1152.jpg 768w, https:\/\/www.artnroll.net\/home\/wp-content\/uploads\/2023\/04\/Damned_1.jpg 1000w\" sizes=\"auto, (max-width: 335px) 100vw, 335px\" \/><\/p>\n<p style=\"text-align: justify\"><strong>DV\u00a0: (NDA\u00a0: marmonne)<\/strong> C\u2019est un disque des Damned.<\/p>\n<p style=\"text-align: justify\"><strong>ANR\u00a0: Votre ami Michael Monroe a-t-il eu l\u2019occasion d\u2019\u00e9couter quelques extraits de ce nouveau disque\u00a0?<\/strong><\/p>\n<p style=\"text-align: justify\"><strong>DV\u00a0:<\/strong> Noooon, je ne sais pas car je ne suis pas r\u00e9ellement en contact avec lui, Brian <strong>(NDA\u00a0: James, l\u2019ancien guitariste des Damned)<\/strong> est bien plus en contact avec lui que je ne le suis, ils collaborent \u00e0 travers le groupe Lords of the New Church. Je crois l\u2019avoir rencontr\u00e9 pour la derni\u00e8re fois \u00e0 une c\u00e9r\u00e9monie de remise de prix rock ou pop, des <em>grammy<\/em> ou un truc du genre, il y a un an ou deux <strong>(NDA\u00a0: certainement le \u00ab\u00a0Vive Le Rock Awards\u00a0\u00bb 2020)<\/strong><\/p>\n<p style=\"text-align: justify\"><strong>ANR\u00a0: Vous ne l\u2019avez donc pas crois\u00e9 au concert des Rolling Stones \u00e0 Hyde Park en juillet dernier\u00a0?<\/strong><\/p>\n<p style=\"text-align: justify\"><strong>DV\u00a0:<\/strong> Je ne le vois pas si souvent que cela, du genre tous les dix ans <strong>(Rires)<\/strong><\/p>\n<p style=\"text-align: justify\"><strong>ANR : Il y aurait certaines similitudes entre \u00ab Darkadelic \u00bb et l&rsquo;album de Michael Monroe publi\u00e9 en 2019\u2026<\/strong><\/p>\n<p style=\"text-align: justify\"><strong>DV\u00a0:<\/strong> Ah vraiment\u00a0?<\/p>\n<p style=\"text-align: justify\"><strong>ANR\u00a0: Une production actuelle de classe internationale, un bon r\u00e9sum\u00e9 de la personnalit\u00e9 de l\u2019artiste, de son exp\u00e9rience, de sa carri\u00e8re\u2026 <\/strong><\/p>\n<p style=\"text-align: justify\"><strong>DV\u00a0:<\/strong> Je vois\u2026<\/p>\n<p style=\"text-align: justify\"><strong>ANR : Une \u00e2me commune, le ressenti d\u2019un sexag\u00e9naire\u2026 <\/strong><\/p>\n<p style=\"text-align: justify\"><strong>DV\u00a0: <\/strong><em>Yeah<\/em>\u2026<\/p>\n<p style=\"text-align: justify\"><strong>ANR : Une atmosph\u00e8re \u00e9galement, l\u2019esprit de ce disque intitul\u00e9 \u00ab One Man Gang \u00bb semble assez proche de celui que vous allez publier\u2026 <\/strong><\/p>\n<p style=\"text-align: justify\"><strong>DV\u00a0:<\/strong> Je vois ce que tu veux dire. Tu vois, c\u2019est une affaire de maturit\u00e9. Si tu es toujours cr\u00e9dible, tu peux te permettre ce type de cr\u00e9ation et faire le <em>job<\/em>. Je pense que c\u2019est effectivement ce que nous avons essay\u00e9 de faire musicalement sur notre disque.<\/p>\n<p style=\"text-align: justify\"><strong>ANR : Son intitul\u00e9, \u00ab Darkadelic \u00bb, constitue-t-il selon vous un bon r\u00e9sum\u00e9 de ce que sont les Damned ?<\/strong><\/p>\n<p style=\"text-align: justify\"><strong>DV\u00a0:<\/strong> Pfffffff ! C\u2019est tr\u00e8s difficile \u00e0 dire, simplement parce que notre discographie n\u2019est pas homog\u00e8ne, chaque album f\u00fbt dissemblable du pr\u00e9c\u00e9dent. Toute mouture des Damned f\u00fbt diff\u00e9rente de la pr\u00e9c\u00e9dente presque cinquante ans durant. Il s\u2019agissait \u00e0 chaque fois d\u2019une r\u00e9union de personnalit\u00e9s diff\u00e9rentes prises s\u00e9par\u00e9ment, en d\u00e9pit du fait que nous sommes amis. Les Damned sont une chose \u00e9trange. Nos disques constituent l\u2019addition de ces personnalit\u00e9s, et les r\u00e9sultats sont \u00e9minemment vari\u00e9s d\u2019un album \u00e0 l\u2019autre. Nous poss\u00e9dons tous des personnalit\u00e9s disparates, lesquelles se fondent les unes et les autres dans chaque disque. Chaque disque s&rsquo;analyse comme un <em>melting pot<\/em>.<\/p>\n<p style=\"text-align: justify\"><strong>ANR : Auriez-vous trois adjectifs afin de r\u00e9sumer Captain Sensible ?<\/strong><\/p>\n<p style=\"text-align: justify\"><strong>DV\u00a0:<\/strong> Trois adjectifs <strong>(Rires)<\/strong> Il est complexe et dingue\u2026<\/p>\n<p style=\"text-align: justify\"><strong>ANR\u00a0: (Rires) Et le dernier adjectif\u00a0?<\/strong><\/p>\n<p style=\"text-align: justify\"><strong>DV\u00a0:<\/strong> Hum\u00a0?<\/p>\n<p style=\"text-align: justify\"><strong>ANR : Cela fait deux\u2026 Et le troisi\u00e8me ?<\/strong><\/p>\n<p style=\"text-align: justify\"><strong>DV\u00a0:<\/strong> Il est tr\u00e8s talentueux. Je pense \u00e0 ce titre que c\u2019est un bien meilleur guitariste que bassiste. Il s\u2019est consid\u00e9rablement am\u00e9lior\u00e9 sur ce point \u00e0 travers les ann\u00e9es. C\u2019est un grand guitariste. En d\u00e9pit du fait qu\u2019il rentrera dans l\u2019histoire en tant que bassiste. Ce groupe a toujours \u00e9t\u00e9 compos\u00e9\u2026 Toujours \u00e9t\u00e9 compos\u00e9 de grands musiciens\u2026 Parfois j\u2019oublie cela, et cela me revient lorsque je les entends jouer tous ensemble.<\/p>\n<p style=\"text-align: justify\"><strong>ANR\u00a0: Un mot \u00e0 propos du r\u00e9alisateur de vos clips, Martin Gooch\u00a0?<\/strong><\/p>\n<p style=\"text-align: justify\"><strong>DV\u00a0:<\/strong> Martin Gooch, assur\u00e9ment ! Je suis mordu de son travail. Je lui ai demand\u00e9 de travailler pour nous et il a fait du bon boulot. C\u2019est assez avant-gardiste tu vois. C\u2019\u00e9tait une bonne id\u00e9e de collaborer avec lui. Il est tr\u00e8s talentueux comme r\u00e9alisateur. Je suis tr\u00e8s heureux des vid\u00e9os r\u00e9alis\u00e9es et j\u2019esp\u00e8re travailler de nouveau avec lui <strong>(NDA : se penche, prend puis examine un des deux <\/strong><strong><em>digipacks<\/em><\/strong> <strong>de \u00ab\u00a0Darkadelic\u00a0\u00bb dispos\u00e9s \u00e0 la verticale sur la table basse devant lui) <\/strong>On ne m&rsquo;a pas adress\u00e9 de copie de cet objet, c\u2019est la premi\u00e8re fois que je vois le produit fini, ce n\u2019est pas si mal\u2026<\/p>\n<p><iframe loading=\"lazy\" title=\"THE DAMNED &#039;The Invisible Man&#039; - Official Video - New Album &#039;Darkadelic&#039; Out April 28th\" width=\"940\" height=\"529\" src=\"https:\/\/www.youtube.com\/embed\/-iSbPP0siTk?feature=oembed&#038;wmode=opaque\" frameborder=\"0\" allow=\"accelerometer; autoplay; clipboard-write; encrypted-media; gyroscope; picture-in-picture; web-share\" allowfullscreen><\/iframe><\/p>\n<p style=\"text-align: justify\"><strong>ANR : Sur la pochette de \u00ab Darkadelic \u00bb, il y a du sombre et du fluo : c\u2019est un bon m\u00e9lange ainsi qu\u2019un ad\u00e9quat r\u00e9sum\u00e9 visuel de votre son\u2026<\/strong><\/p>\n<p style=\"text-align: justify\"><strong>DV\u00a0:<\/strong> Je suis satisfait du r\u00e9sultat. Nous avons \u00e9t\u00e9 plus ou moins consciemment inspir\u00e9s par le psych\u00e9d\u00e9lisme.<\/p>\n<p style=\"text-align: justify\"><strong>ANR\u00a0: Demain vendredi 3 mars, vous entamerez votre tourn\u00e9e europ\u00e9enne 2023 au Cabaret Sauvage, connaissez-vous cette salle parisienne\u00a0?<\/strong><\/p>\n<p style=\"text-align: justify\"><strong>DV\u00a0:<\/strong> Oui\u2026 Je n\u2019y suis jamais all\u00e9 auparavant. J\u2019ai vu sur des photos que la d\u00e9coration en bois semble somptueuse\u2026 Est-ce une salle de concert tr\u00e8s \u00ab\u00a0populaire\u00a0\u00bb\u00a0?<\/p>\n<p style=\"text-align: justify\"><strong>ANR\u00a0: C\u2019est tr\u00e8s <em>cosy<\/em>. C\u2019est moderne et ancien \u00e0 la fois. Tr\u00e8s propre. Non, je ne pense pas que ce soit une salle \u00ab\u00a0populaire\u00a0\u00bb\u2026 Vous allez appr\u00e9cier.<\/strong><\/p>\n<p style=\"text-align: justify\"><strong>DV\u00a0: <\/strong>D\u2019accord. Quelle est la meilleure salle pour jouer \u00e0 Paris\u00a0?<\/p>\n<p style=\"text-align: justify\"><strong>ANR : Je ne sais pas. Il y a beaucoup de salles. Vous-m\u00eame avez jou\u00e9 dans beaucoup de salles d\u2019ailleurs. La premi\u00e8re fois, c\u2019\u00e9tait au Palais des glaces le 28 avril 1977\u2026<\/strong><\/p>\n<p style=\"text-align: justify\"><strong>DV\u00a0:<\/strong> Et le Gibus Club\u2026<\/p>\n<p style=\"text-align: justify\"><strong>ANR\u00a0: Le Gibus\u00a0?<\/strong><\/p>\n<p style=\"text-align: justify\"><strong>DV\u00a0:<\/strong> Oui. Nous avons jou\u00e9 au Gibus.<\/p>\n<p style=\"text-align: justify\"><strong>ANR\u00a0: Oui bien s\u00fbr. Il y a toujours un paquet de groupes qui joue l\u00e0-bas\u2026<\/strong><\/p>\n<p style=\"text-align: justify\"><strong>DV : <\/strong>Tout le monde joue au Gibus\u2026<\/p>\n<p style=\"text-align: justify\"><strong>ANR : (Rires) Y compris les groupes de black metal ou de death metal\u2026 <\/strong><\/p>\n<p style=\"text-align: justify\"><strong>DV\u00a0: (Rires)<\/strong><\/p>\n<p style=\"text-align: justify\"><strong>ANR\u00a0: Vous souvenez-vous de votre premier concert \u00e0 Paris, en avril 1977\u00a0?<\/strong><\/p>\n<p style=\"text-align: justify\"><strong>DV : <\/strong>Est-ce que je me souviens de mon premier concert \u00e0 Paris\u00a0? Il me semble. Je me souviens principalement du voyage, pas de tout le reste de mani\u00e8re \u00e9vidente\u2026 Mais, heu\u2026 La premi\u00e8re fois que nous nous sommes rendus en France, c\u2019\u00e9tait \u00e0 Mont-de-Marsan\u2026 <strong>(NDA\u00a0: Le premier \u00ab Festival punk \u00bb de Mont-de-Marsan organis\u00e9 sous l\u2019\u00e9gide de feu Marc Zermati le 16 ao\u00fbt 1976)<\/strong><\/p>\n<p style=\"text-align: justify\"><strong>ANR : Mont-de-Marsan\u00a0!<\/strong><\/p>\n<p style=\"text-align: justify\"><strong>DV : <\/strong>C\u2019\u00e9tait fabuleux, tu sais\u00a0! C\u2019\u00e9tait mon premier voyage, avec mon premier passeport. C\u2019\u00e9tait en 197\u2026<\/p>\n<p style=\"text-align: justify\"><strong>ANR : 6\u00a0!<\/strong><\/p>\n<p style=\"text-align: justify\"><strong>DV : <\/strong>Rat Scabies avait emprunt\u00e9 la batterie d\u2019un autre groupe<strong> (NDA : <em>a priori <\/em>du batteur de Shakin&rsquo; Street) <\/strong>et il l\u2019a un peu malmen\u00e9e \u00e0 la fin de notre <em>set<\/em><strong> (Rires) <\/strong><\/p>\n<p><img loading=\"lazy\" decoding=\"async\" class=\" wp-image-27661\" src=\"https:\/\/www.artnroll.net\/home\/wp-content\/uploads\/2023\/04\/Damned_8-300x200.jpg\" alt=\"\" width=\"607\" height=\"405\" srcset=\"https:\/\/www.artnroll.net\/home\/wp-content\/uploads\/2023\/04\/Damned_8-300x200.jpg 300w, https:\/\/www.artnroll.net\/home\/wp-content\/uploads\/2023\/04\/Damned_8-600x400.jpg 600w, https:\/\/www.artnroll.net\/home\/wp-content\/uploads\/2023\/04\/Damned_8-768x512.jpg 768w, https:\/\/www.artnroll.net\/home\/wp-content\/uploads\/2023\/04\/Damned_8-200x133.jpg 200w, https:\/\/www.artnroll.net\/home\/wp-content\/uploads\/2023\/04\/Damned_8.jpg 1500w\" sizes=\"auto, (max-width: 607px) 100vw, 607px\" \/><\/p>\n<p style=\"text-align: justify\"><strong>ANR : Le bruit court qu\u2019\u00e0 l\u2019\u00e9dition suivante les Damned se seraient battus avec les Jam ou avec les Clash\u2026<\/strong><\/p>\n<p style=\"text-align: justify\"><strong>DV : <\/strong>Il n\u2019y a jamais eu de bagarre entre nos groupes, on a juste un peu fait les idiots, on a fait mumuse dans l\u2019h\u00f4tel \u00e0 Mont-de-Marsan, c\u2019\u00e9tait effectivement l\u2019ann\u00e9e d\u2019apr\u00e8s, il y avait aussi Little Bob Story \u00e0 l\u2019affiche\u2026<\/p>\n<p style=\"text-align: justify\"><strong>ANR : Little Bob est actuellement en tourn\u00e9e\u2026<\/strong><\/p>\n<p style=\"text-align: justify\"><strong>DV : <\/strong>Oh <em>wow<\/em>\u00a0!<\/p>\n<p style=\"text-align: justify\"><strong>ANR\u00a0: Il joue encore, oui. Il est en tourn\u00e9e fran\u00e7aise.<\/strong><\/p>\n<p style=\"text-align: justify\"><strong>DV\u00a0:<\/strong> J\u2019aime Little Bob. Il ressemble \u00e0 une \u00ab\u00a0boule parfaite\u00a0\u00bb <strong>(NDA\u00a0: \u00ab\u00a0Perfect Ball\u00a0\u00bb, en r\u00e9f\u00e9rence probable \u00e0 son sempiternel perfecto) (Rires)<\/strong><\/p>\n<p style=\"text-align: justify\"><strong>ANR\u00a0: L\u2019esprit rock\u2019n\u2019roll incarn\u00e9.<\/strong><\/p>\n<p style=\"text-align: justify\"><strong>DV\u00a0:<\/strong> Absolument.<\/p>\n<p style=\"text-align: justify\"><strong>ANR\u00a0: Pour ce qui est de la classe 1977, connaissez-vous Generation Sex\u00a0?<\/strong><\/p>\n<p style=\"text-align: justify\"><strong>DV\u00a0:<\/strong> Generation Sex. Devrais-je\u00a0?<\/p>\n<p style=\"text-align: justify\"><strong>ANR\u00a0: C\u2019est une r\u00e9union, un <em>mix,<\/em> avec deux membres de Generation X et deux des Sex Pistols\u2026<\/strong><\/p>\n<p style=\"text-align: justify\"><strong>DV\u00a0:<\/strong> Ah oui, le \u00ab supergroupe \u00bb\u2026 Avec ce cher Billy Idol&#8230; J\u2019ai consult\u00e9 une vid\u00e9o d\u2019eux sur YouTube, parce que j\u2019ai appris qu\u2019ils sont eux aussi programm\u00e9s en premi\u00e8re partie d\u2019Iggy Pop <strong>(NDA : \u00e0 Londres le 1<sup>er<\/sup> juillet 2023)<\/strong> avec en outre Blondie\u2026<\/p>\n<p style=\"text-align: justify\"><strong>ANR\u00a0: Ils se produiront au Hellfest 2023. <\/strong><\/p>\n<p style=\"text-align: justify\"><strong>DV\u00a0: <\/strong>Aaaaaaah\u2026<\/p>\n<p style=\"text-align: justify\"><strong>ANR\u00a0: Avez-vous une opinion quant \u00e0 l\u2019\u00e9tat du rock britannique en 2023\u00a0?<\/strong><\/p>\n<p style=\"text-align: justify\"><strong>DV\u00a0:<\/strong> A propos de la musique en g\u00e9n\u00e9ral, oui. Dans le pass\u00e9, quand nous \u00e9tions jeunes, nous devions rechercher avec moult efforts et opini\u00e2tret\u00e9 la musique que nous souhaitions d\u00e9couvrir et \u00e9couter. Aujourd\u2019hui, la musique est partout. La technologie a facilit\u00e9 les choses en un sens. Il suffit de garder espoir et de chercher. Il y a actuellement des groupes int\u00e9ressants, y compris en France. Vous avez un groupe nomm\u00e9 \u00ab La Femme \u00bb ainsi que, je vais probablement avoir du mal \u00e0 prononcer correctement : \u00ab la Queen \u00bb ou un truc du genre, une femme seule qui danse et chante\u2026<\/p>\n<p style=\"text-align: justify\"><strong>ANR\u00a0: Christine and the Queens.<\/strong><\/p>\n<p style=\"text-align: justify\"><strong>DV\u00a0:<\/strong> Oui, c\u2019est un truc int\u00e9ressant. C\u2019est tr\u00e8s <em>poppy<\/em>, mais j\u2019appr\u00e9cie. J\u2019aime \u00e9galement La Femme.<\/p>\n<p style=\"text-align: justify\"><strong>ANR : Quelle est la place des femmes dans l\u2019histoire des Damned ?<\/strong><\/p>\n<p style=\"text-align: justify\"><strong>DV\u00a0:<\/strong> Dans l\u2019histoire des Damned ? Lorsque nous avons commenc\u00e9, il n\u2019y avait ni pr\u00e9jug\u00e9s ni r\u00e8gles \u00e0 propos de qui doit faire quoi. Tout le monde \u00e9tait plac\u00e9 sur un pied d\u2019\u00e9galit\u00e9 et avait le droit de participer comme bon lui semblait. Rien n\u2019\u00e9tait sexu\u00e9. J\u2019ai toujours pens\u00e9 qu\u2019\u00e0 partir du moment o\u00f9 les femmes peuvent le faire, c\u2019est fantastique. Nous sommes \u00e9gaux, pas de discussion \u00e0 avoir l\u00e0-dessus.<\/p>\n<p style=\"text-align: justify\"><strong>ANR\u00a0: Quel conseil donn\u00e9 par votre M\u00e8re vous semble le plus important aujourd\u2019hui\u00a0?<\/strong><\/p>\n<p style=\"text-align: justify\"><strong>DV\u00a0:<\/strong> Un conseil ?!? Elle \u00e9tait assez\u2026 lib\u00e9rale. Lorsque j\u2019ai commenc\u00e9 \u00e0 faire mon truc je l\u2019ai fait en toute libert\u00e9. Elle n\u2019\u00e9tait pas dans le jugement bien que ce que je faisais puisse sembler assez fou. Elle a \u00e9t\u00e9 un peu effray\u00e9e de ce qu\u2019elle a pu lire ici et l\u00e0 dans les journaux au moment de l\u2019explosion du punk, notamment que nous \u00e9tions une bande de couillons&#8230; Je l\u2019ai invit\u00e9e \u00e0 un des premiers concerts des Damned, et elle s\u2019est install\u00e9e avec naturel dans la salle au milieu des femmes-chats. Elle a constat\u00e9 que notre public \u00e9tait compos\u00e9 d\u2019adolescents intelligents. Elle \u00e9tait vraiment <em>cool<\/em>.<\/p>\n<p style=\"text-align: justify\"><strong>ANR\u00a0: Vous souvenez-vous de votre premi\u00e8re rencontre avec Captain Sensible\u00a0? <\/strong><\/p>\n<p style=\"text-align: justify\"><strong>DV\u00a0:<\/strong> Oui. Il ressemblait \u00e0 Marc Bolan. Il portait les cheveux longs de la m\u00eame fa\u00e7on que lui ainsi qu\u2019une veste en velours. Il \u00e9tait tr\u00e8s timide. Il se tenait comme cela<strong> (NDA\u00a0: se recroqueville et regarde de c\u00f4t\u00e9 avec m\u00e9fiance comme le font les volatiles)<\/strong><\/p>\n<p style=\"text-align: justify\"><strong>ANR\u00a0: C\u2019\u00e9tait durant la p\u00e9riode glitter\u00a0?<\/strong><\/p>\n<p style=\"text-align: justify\"><strong>DV\u00a0:<\/strong> Exactement. Il adorait la musique glitter. Marc Bolan, Gary Glitter, tous ces trucs\u2026 J\u2019\u00e9tais davantage branch\u00e9 Roxy Music, les deux premiers albums de Roxy Music, je jouais alors dans une formation tr\u00e8s inspir\u00e9e par Roxy Music ainsi que par David Bowie\u2026<\/p>\n<p style=\"text-align: justify\"><strong>ANR : Les Damned ont assur\u00e9 la premi\u00e8re partie de Marc Bolan en 1977, lors de son ultime tourn\u00e9e\u2026 <\/strong><\/p>\n<p style=\"text-align: justify\"><strong>DV\u00a0:<\/strong> Oui. Nous devions plus r\u00e9cemment participer \u00e0 un concert-hommage \u00e0 Marc Bolan, mais celui-ci a \u00e9t\u00e9 annul\u00e9 pour cause de Covid\u2026 C\u2019eut \u00e9t\u00e9 int\u00e9ressant\u2026 Mais, effectivement, nous avons particip\u00e9 \u00e0 sa derni\u00e8re tourn\u00e9e, nous \u00e9tions avec lui\u2026<\/p>\n<p style=\"text-align: justify\"><strong>ANR : Un petit jeu \u00e0 pr\u00e9sent : nous sommes le 2 mars, je vous donne trois faits de l\u2019histoire du rock survenus un 2 mars et vous me dites celui que vous pr\u00e9f\u00e9rez et pourquoi ? <\/strong><\/p>\n<p style=\"text-align: justify\"><strong>DV\u00a0:<\/strong> D\u2019accord.<\/p>\n<p style=\"text-align: justify\"><strong>ANR\u00a0: 2 mars 1955, Bo Diddley entre en studio pour la premi\u00e8re fois aux studios Chess \u00e0 Chicago\u00a0; 2 mars 1975, Paul McCartney est arr\u00eat\u00e9 au Lincoln Continental de Los Angeles pour possession de marijuana\u2026<\/strong><\/p>\n<p style=\"text-align: justify\"><strong>DV\u00a0: <\/strong><em>Right.<\/em><\/p>\n<p style=\"text-align: justify\"><strong>ANR : 1984 : la sortie au cin\u00e9ma de \u00ab This is Spinal Tap \u00bb\u2026 Alors ?<\/strong><\/p>\n<p style=\"text-align: justify\"><strong>DV\u00a0:<\/strong> Le fait que je pr\u00e9f\u00e8re\u00a0? Je choisis sans h\u00e9sitation Paul McCartney <strong>(Rires)<\/strong><\/p>\n<p><img loading=\"lazy\" decoding=\"async\" class=\" wp-image-27664\" src=\"https:\/\/www.artnroll.net\/home\/wp-content\/uploads\/2023\/04\/Damned_6-300x200.jpg\" alt=\"\" width=\"362\" height=\"241\" srcset=\"https:\/\/www.artnroll.net\/home\/wp-content\/uploads\/2023\/04\/Damned_6-300x200.jpg 300w, https:\/\/www.artnroll.net\/home\/wp-content\/uploads\/2023\/04\/Damned_6-600x400.jpg 600w, https:\/\/www.artnroll.net\/home\/wp-content\/uploads\/2023\/04\/Damned_6-768x512.jpg 768w, https:\/\/www.artnroll.net\/home\/wp-content\/uploads\/2023\/04\/Damned_6-200x133.jpg 200w, https:\/\/www.artnroll.net\/home\/wp-content\/uploads\/2023\/04\/Damned_6.jpg 1500w\" sizes=\"auto, (max-width: 362px) 100vw, 362px\" \/><\/p>\n<p style=\"text-align: justify\"><strong>ANR : Je devinais que vous alliez choisir cette date\u2026<\/strong><\/p>\n<p style=\"text-align: justify\"><strong>DV\u00a0:<\/strong> Le gentil gar\u00e7on qui se fait arr\u00eater pour drogue <strong>(Rire machiav\u00e9lique)<\/strong><\/p>\n<p style=\"text-align: justify\"><strong>ANR : Merci. Second petit jeu : tout le monde ou presque sait qu\u2019avant d\u2019\u00eatre chanteur des Damned vous travailliez dans un cimeti\u00e8re\u2026<\/strong><\/p>\n<p style=\"text-align: justify\"><strong>DV\u00a0: <\/strong><em>Yeah.<\/em><\/p>\n<p style=\"text-align: justify\"><strong>ANR : Je vous donne trois titres de chansons traitant de cimeti\u00e8re et vous me r\u00e9pondez celle que vous pr\u00e9f\u00e9rez et pourquoi : \u00ab Cimetery Gates \u00bb de Pantera ; \u00ab Ain&rsquo;t no Grave \u00bb de Johnny Cash ; \u00ab Pet Sematary \u00bb des Ramones\u2026<\/strong><\/p>\n<p style=\"text-align: justify\"><strong>DV\u00a0:<\/strong> Johnny Cash. <em>Yeah<\/em>. C\u2019\u00e9tait un grand <em>performer<\/em>. Certains groupes et artistes sont r\u00e9ellement bons dans leur jeunesse, mais nettement moins cr\u00e9dibles par la suite. Johnny Cash, tout comme Iggy, n\u2019ont jamais perdu une once de cr\u00e9dibilit\u00e9. Quand tu penses que sa reprise de Nine Inch Nails <strong>(NDA\u00a0: \u00ab\u00a0Hurt\u00a0\u00bb)<\/strong> enregistr\u00e9e vers la fin de sa carri\u00e8re est devenue \u00ab sa \u00bb chanson comme s\u2019il l\u2019avait compos\u00e9e\u2026 J\u2019ai \u00e9norm\u00e9ment de respect pour la mani\u00e8re dont il a trac\u00e9 sa carri\u00e8re. Il l\u2019a fait. Une personne brillante, donc je choisis sans h\u00e9siter Johnny Cash. Il a rendu maboule sa maison de disques lorsqu\u2019il lui a annonc\u00e9 vouloir jouer dans un p\u00e9nitencier\u2026<\/p>\n<p style=\"text-align: justify\"><strong>ANR\u00a0: Folsom Prison\u2026<\/strong><\/p>\n<p style=\"text-align: justify\"><strong>DV\u00a0:<\/strong> Oui, Folsom Prison. La maison de disque lui a dit \u00ab\u00a0Non, non, non\u00a0!\u00a0\u00bb mais il l\u2019a fait quand-m\u00eame. Comme une sorte de \u00ab\u00a0baiser de la mort\u00a0\u00bb tu vois. Il voulait y jouer, point barre. Il est devenu l\u00e9gendaire ce jour-l\u00e0\u2026<\/p>\n<p><img loading=\"lazy\" decoding=\"async\" class=\" wp-image-27662\" src=\"https:\/\/www.artnroll.net\/home\/wp-content\/uploads\/2023\/04\/Damned_9-300x200.jpg\" alt=\"\" width=\"629\" height=\"419\" srcset=\"https:\/\/www.artnroll.net\/home\/wp-content\/uploads\/2023\/04\/Damned_9-300x200.jpg 300w, https:\/\/www.artnroll.net\/home\/wp-content\/uploads\/2023\/04\/Damned_9-600x400.jpg 600w, https:\/\/www.artnroll.net\/home\/wp-content\/uploads\/2023\/04\/Damned_9-768x512.jpg 768w, https:\/\/www.artnroll.net\/home\/wp-content\/uploads\/2023\/04\/Damned_9-200x133.jpg 200w, https:\/\/www.artnroll.net\/home\/wp-content\/uploads\/2023\/04\/Damned_9.jpg 1500w\" sizes=\"auto, (max-width: 629px) 100vw, 629px\" \/><\/p>\n<p style=\"text-align: justify\"><strong>ANR\u00a0: Un mot de la fin, \u00e0 l\u2019attention du public fran\u00e7ais\u00a0?<\/strong><\/p>\n<p style=\"text-align: justify\"><strong>DV\u00a0:<\/strong> <strong>(Rires gras)<\/strong> Est-ce que j\u2019ai un mot de la fin, \u00e7a d\u00e9j\u00e0 je ne le sais pas !!! <em>Hum<\/em> ! Je pense que je ne suis pas encore arriv\u00e9 \u00e0 la fin, j\u2019ai encore de grandes choses \u00e0 faire, de la grande musique \u00e0 cr\u00e9er\u2026 Nous sommes parvenus \u00e0 traverser plusieurs d\u00e9cennies ainsi que diff\u00e9rents courants musicaux\u2026 Quant au public fran\u00e7ais, j\u2019ai envie de lui dire que j\u2019ai toujours \u00e9t\u00e9 int\u00e9ress\u00e9 par la chanson fran\u00e7aise. Tu vois, je suis <em>fan<\/em> de Juliette Greco et de Fran\u00e7oise Hardy\u2026 De toutes ces choses fantastiques notamment produites depuis les ann\u00e9es soixante\u2026<\/p>\n<p style=\"text-align: justify\"><strong>ANR\u00a0: Fran\u00e7oise Hardy est bien malade d\u00e9sormais. Elle souffre d\u2019une grave maladie depuis des ann\u00e9es\u2026<\/strong><\/p>\n<p style=\"text-align: justify\"><strong>DV\u00a0:<\/strong> Elle doit \u00eatre \u00e2g\u00e9e d\u00e9sormais. Elle a quel \u00e2ge\u00a0?<\/p>\n<p style=\"text-align: justify\"><strong>ANR\u00a0: Autour de quatre-vingt (NDA\u00a0: soixante-dix-neuf depuis janvier 2023)<\/strong><\/p>\n<p style=\"text-align: justify\"><strong>DV\u00a0:<\/strong> Oui.<\/p>\n<p style=\"text-align: justify\"><strong>ANR\u00a0: Elle veut mourir. Elle a demand\u00e9 au pr\u00e9sident Macron de l\u00e9galiser l\u2019euthanasie\u2026 <\/strong><\/p>\n<p style=\"text-align: justify\"><strong>DV\u00a0:<\/strong> Oui.<\/p>\n<p style=\"text-align: justify\"><strong>ANR\u00a0: C\u2019est attristant.<\/strong><\/p>\n<p style=\"text-align: justify\"><strong>DV\u00a0:<\/strong> Oui. Je suis parvenu \u00e0 un point de mon existence o\u00f9 je vois tout le monde autour de moi tomber petit \u00e0 petit. Chaque jour ou presque, j\u2019apprends la maladie ou le d\u00e9c\u00e8s de quelqu\u2019un que je connais. Cela arrive \u00e0 chaque \u00eatre, et cela te donne la conscience du temps. J\u2019ai parfois l\u2019impression que je serais le dernier\u2026 Un jour on partira.<\/p>\n<p style=\"text-align: justify\"><strong>ANR\u00a0: Merci.<\/strong><\/p>\n<p style=\"text-align: justify\"><strong>DV\u00a0:<\/strong> Je vais picorer quelque chose <strong>(NDA : se l\u00e8ve et se dirige vers l\u2019abondant buffet dress\u00e9 \u00e0 son attention, fromages, g\u00e2teaux, jus de fruits, vin\u2026 Puis porte son d\u00e9volu sur un petit g\u00e2teau sec au chocolat) <\/strong>Il est t\u00f4t pour moi, il est midi, je n\u2019ai pas l\u2019habitude <strong>(Sourire)<\/strong><\/p>\n<p style=\"text-align: justify\"><strong>ANR\u00a0: A demain\u00a0au Cabaret Sauvage !<\/strong><\/p>\n<p style=\"text-align: justify\"><strong>DV\u00a0: <\/strong>A demain\u00a0!<\/p>\n<p>&nbsp;<\/p>\n<p style=\"text-align: justify\"><em>Pour un compte-rendu dudit concert, suivez ce lien\u00a0: <\/em><\/p>\n<p style=\"text-align: justify\"><a href=\"https:\/\/www.artnroll.net\/home\/?p=27015\">https:\/\/www.artnroll.net\/home\/?p=27015<\/a><\/p>\n<p style=\"text-align: justify\"><em>Un grand merci \u00e0 Arnaud Dionisio pour les photos.<\/em><\/p>\n","protected":false},"excerpt":{"rendered":"<p>\u00ab Dave Vanian creusait des tombes dans un cimeti\u00e8re tout en fredonnant ses airs favoris\u2026 Maintenant ce sont les dinosaures du rock que celui-ci s\u2019appr\u00eate \u00e0 enterrer !!! \u00bb. Ma premi\u00e8re appr\u00e9hension visuelle de l\u2019interview\u00e9 de ce jeudi 2 mars 2023 f\u00fbt le scopitone de \u00ab New Rose \u00bb avec \u00e0 la voix-off Alain Gardinier et ses mots, ce en cl\u00f4ture d\u2019un num\u00e9ro de Culture Rock sur M6 narrant \u00e0 la jeunesse de l\u2019hiver 1993 comment l\u2019ann\u00e9e 1976 f\u00eet brusquement passer la sienne des Wings, Genesis et autres Rolling Stones aux Damned. Sorti le 22 octobre de cette berge charni\u00e8re [&hellip;]<\/p>\n","protected":false},"author":23,"featured_media":27648,"comment_status":"open","ping_status":"closed","sticky":false,"template":"","format":"standard","meta":{"_mi_skip_tracking":false,"_monsterinsights_sitenote_active":false,"_monsterinsights_sitenote_note":"","_monsterinsights_sitenote_category":0,"footnotes":""},"categories":[1480,3],"tags":[2272,244,247],"class_list":["post-27647","post","type-post","status-publish","format-standard","has-post-thumbnail","hentry","category-a-la-une","category-interviews","tag-angleterre","tag-punk","tag-rock"],"yoast_head":"<!-- This site is optimized with the Yoast SEO plugin v23.9 - https:\/\/yoast.com\/wordpress\/plugins\/seo\/ -->\n<title>Interview de Dave Vanian des Damned - Art&#039;n&#039;Roll Webzine<\/title>\n<meta name=\"description\" content=\"Interview avec Dave Vanian le chanteur des Damned \u00e0 l&#039;occasion de la parution de \u00ab\u00a0Darkadelic\u00a0\u00bb\u00a0le vendredi 28 avril 2023.\" \/>\n<meta name=\"robots\" content=\"index, follow, max-snippet:-1, max-image-preview:large, max-video-preview:-1\" \/>\n<link rel=\"canonical\" href=\"https:\/\/www.artnroll.net\/home\/?p=27647\" \/>\n<meta property=\"og:locale\" content=\"fr_FR\" \/>\n<meta property=\"og:type\" content=\"article\" \/>\n<meta property=\"og:title\" content=\"Interview de Dave Vanian des Damned - Art&#039;n&#039;Roll Webzine\" \/>\n<meta property=\"og:description\" content=\"Interview avec Dave Vanian le chanteur des Damned \u00e0 l&#039;occasion de la parution de \u00ab\u00a0Darkadelic\u00a0\u00bb\u00a0le vendredi 28 avril 2023.\" \/>\n<meta property=\"og:url\" content=\"https:\/\/www.artnroll.net\/home\/?p=27647\" \/>\n<meta property=\"og:site_name\" content=\"Art&#039;n&#039;Roll Webzine\" \/>\n<meta property=\"article:publisher\" content=\"https:\/\/www.facebook.com\/artnroll.net\/\" \/>\n<meta property=\"article:published_time\" content=\"2023-04-19T14:56:50+00:00\" \/>\n<meta property=\"article:modified_time\" content=\"2023-04-21T08:36:59+00:00\" \/>\n<meta property=\"og:image\" content=\"https:\/\/www.artnroll.net\/home\/wp-content\/uploads\/2023\/04\/Damned_10.jpg\" \/>\n\t<meta property=\"og:image:width\" content=\"1500\" \/>\n\t<meta property=\"og:image:height\" content=\"1000\" \/>\n\t<meta property=\"og:image:type\" content=\"image\/jpeg\" \/>\n<meta name=\"author\" content=\"Romain\" \/>\n<meta name=\"twitter:label1\" content=\"\u00c9crit par\" \/>\n\t<meta name=\"twitter:data1\" content=\"Romain\" \/>\n\t<meta name=\"twitter:label2\" content=\"Dur\u00e9e de lecture estim\u00e9e\" \/>\n\t<meta name=\"twitter:data2\" content=\"20 minutes\" \/>\n<script type=\"application\/ld+json\" class=\"yoast-schema-graph\">{\"@context\":\"https:\/\/schema.org\",\"@graph\":[{\"@type\":\"WebPage\",\"@id\":\"https:\/\/www.artnroll.net\/home\/?p=27647\",\"url\":\"https:\/\/www.artnroll.net\/home\/?p=27647\",\"name\":\"Interview de Dave Vanian des Damned - Art&#039;n&#039;Roll Webzine\",\"isPartOf\":{\"@id\":\"https:\/\/www.artnroll.net\/home\/#website\"},\"primaryImageOfPage\":{\"@id\":\"https:\/\/www.artnroll.net\/home\/?p=27647#primaryimage\"},\"image\":{\"@id\":\"https:\/\/www.artnroll.net\/home\/?p=27647#primaryimage\"},\"thumbnailUrl\":\"https:\/\/www.artnroll.net\/home\/wp-content\/uploads\/2023\/04\/Damned_10.jpg\",\"datePublished\":\"2023-04-19T14:56:50+00:00\",\"dateModified\":\"2023-04-21T08:36:59+00:00\",\"author\":{\"@id\":\"https:\/\/www.artnroll.net\/home\/#\/schema\/person\/dd31a92f656d4d0d87cc55b8d497c6a2\"},\"description\":\"Interview avec Dave Vanian le chanteur des Damned \u00e0 l'occasion de la parution de \u00ab\u00a0Darkadelic\u00a0\u00bb\u00a0le vendredi 28 avril 2023.\",\"inLanguage\":\"fr-FR\",\"potentialAction\":[{\"@type\":\"ReadAction\",\"target\":[\"https:\/\/www.artnroll.net\/home\/?p=27647\"]}]},{\"@type\":\"ImageObject\",\"inLanguage\":\"fr-FR\",\"@id\":\"https:\/\/www.artnroll.net\/home\/?p=27647#primaryimage\",\"url\":\"https:\/\/www.artnroll.net\/home\/wp-content\/uploads\/2023\/04\/Damned_10.jpg\",\"contentUrl\":\"https:\/\/www.artnroll.net\/home\/wp-content\/uploads\/2023\/04\/Damned_10.jpg\",\"width\":1500,\"height\":1000,\"caption\":\"Interview The Damned avec Romain de Art N Roll \u00e0 l'H\u00f4tel Alba Op\u00e9ra\"},{\"@type\":\"WebSite\",\"@id\":\"https:\/\/www.artnroll.net\/home\/#website\",\"url\":\"https:\/\/www.artnroll.net\/home\/\",\"name\":\"Art&#039;n&#039;Roll Webzine\",\"description\":\"Webzine on the Rocks\",\"potentialAction\":[{\"@type\":\"SearchAction\",\"target\":{\"@type\":\"EntryPoint\",\"urlTemplate\":\"https:\/\/www.artnroll.net\/home\/?s={search_term_string}\"},\"query-input\":{\"@type\":\"PropertyValueSpecification\",\"valueRequired\":true,\"valueName\":\"search_term_string\"}}],\"inLanguage\":\"fr-FR\"},{\"@type\":\"Person\",\"@id\":\"https:\/\/www.artnroll.net\/home\/#\/schema\/person\/dd31a92f656d4d0d87cc55b8d497c6a2\",\"name\":\"Romain\",\"image\":{\"@type\":\"ImageObject\",\"inLanguage\":\"fr-FR\",\"@id\":\"https:\/\/www.artnroll.net\/home\/#\/schema\/person\/image\/\",\"url\":\"https:\/\/secure.gravatar.com\/avatar\/6994d129a9c6c36ee5e2a2183d81eabab0eabc04aa41aed280c11d1754b4855e?s=96&d=mm&r=g\",\"contentUrl\":\"https:\/\/secure.gravatar.com\/avatar\/6994d129a9c6c36ee5e2a2183d81eabab0eabc04aa41aed280c11d1754b4855e?s=96&d=mm&r=g\",\"caption\":\"Romain\"},\"url\":\"https:\/\/www.artnroll.net\/home\/?author=23\"}]}<\/script>\n<!-- \/ Yoast SEO plugin. -->","yoast_head_json":{"title":"Interview de Dave Vanian des Damned - Art&#039;n&#039;Roll Webzine","description":"Interview avec Dave Vanian le chanteur des Damned \u00e0 l'occasion de la parution de \u00ab\u00a0Darkadelic\u00a0\u00bb\u00a0le vendredi 28 avril 2023.","robots":{"index":"index","follow":"follow","max-snippet":"max-snippet:-1","max-image-preview":"max-image-preview:large","max-video-preview":"max-video-preview:-1"},"canonical":"https:\/\/www.artnroll.net\/home\/?p=27647","og_locale":"fr_FR","og_type":"article","og_title":"Interview de Dave Vanian des Damned - Art&#039;n&#039;Roll Webzine","og_description":"Interview avec Dave Vanian le chanteur des Damned \u00e0 l'occasion de la parution de \u00ab\u00a0Darkadelic\u00a0\u00bb\u00a0le vendredi 28 avril 2023.","og_url":"https:\/\/www.artnroll.net\/home\/?p=27647","og_site_name":"Art&#039;n&#039;Roll Webzine","article_publisher":"https:\/\/www.facebook.com\/artnroll.net\/","article_published_time":"2023-04-19T14:56:50+00:00","article_modified_time":"2023-04-21T08:36:59+00:00","og_image":[{"width":1500,"height":1000,"url":"https:\/\/www.artnroll.net\/home\/wp-content\/uploads\/2023\/04\/Damned_10.jpg","type":"image\/jpeg"}],"author":"Romain","twitter_misc":{"\u00c9crit par":"Romain","Dur\u00e9e de lecture estim\u00e9e":"20 minutes"},"schema":{"@context":"https:\/\/schema.org","@graph":[{"@type":"WebPage","@id":"https:\/\/www.artnroll.net\/home\/?p=27647","url":"https:\/\/www.artnroll.net\/home\/?p=27647","name":"Interview de Dave Vanian des Damned - Art&#039;n&#039;Roll Webzine","isPartOf":{"@id":"https:\/\/www.artnroll.net\/home\/#website"},"primaryImageOfPage":{"@id":"https:\/\/www.artnroll.net\/home\/?p=27647#primaryimage"},"image":{"@id":"https:\/\/www.artnroll.net\/home\/?p=27647#primaryimage"},"thumbnailUrl":"https:\/\/www.artnroll.net\/home\/wp-content\/uploads\/2023\/04\/Damned_10.jpg","datePublished":"2023-04-19T14:56:50+00:00","dateModified":"2023-04-21T08:36:59+00:00","author":{"@id":"https:\/\/www.artnroll.net\/home\/#\/schema\/person\/dd31a92f656d4d0d87cc55b8d497c6a2"},"description":"Interview avec Dave Vanian le chanteur des Damned \u00e0 l'occasion de la parution de \u00ab\u00a0Darkadelic\u00a0\u00bb\u00a0le vendredi 28 avril 2023.","inLanguage":"fr-FR","potentialAction":[{"@type":"ReadAction","target":["https:\/\/www.artnroll.net\/home\/?p=27647"]}]},{"@type":"ImageObject","inLanguage":"fr-FR","@id":"https:\/\/www.artnroll.net\/home\/?p=27647#primaryimage","url":"https:\/\/www.artnroll.net\/home\/wp-content\/uploads\/2023\/04\/Damned_10.jpg","contentUrl":"https:\/\/www.artnroll.net\/home\/wp-content\/uploads\/2023\/04\/Damned_10.jpg","width":1500,"height":1000,"caption":"Interview The Damned avec Romain de Art N Roll \u00e0 l'H\u00f4tel Alba Op\u00e9ra"},{"@type":"WebSite","@id":"https:\/\/www.artnroll.net\/home\/#website","url":"https:\/\/www.artnroll.net\/home\/","name":"Art&#039;n&#039;Roll Webzine","description":"Webzine on the Rocks","potentialAction":[{"@type":"SearchAction","target":{"@type":"EntryPoint","urlTemplate":"https:\/\/www.artnroll.net\/home\/?s={search_term_string}"},"query-input":{"@type":"PropertyValueSpecification","valueRequired":true,"valueName":"search_term_string"}}],"inLanguage":"fr-FR"},{"@type":"Person","@id":"https:\/\/www.artnroll.net\/home\/#\/schema\/person\/dd31a92f656d4d0d87cc55b8d497c6a2","name":"Romain","image":{"@type":"ImageObject","inLanguage":"fr-FR","@id":"https:\/\/www.artnroll.net\/home\/#\/schema\/person\/image\/","url":"https:\/\/secure.gravatar.com\/avatar\/6994d129a9c6c36ee5e2a2183d81eabab0eabc04aa41aed280c11d1754b4855e?s=96&d=mm&r=g","contentUrl":"https:\/\/secure.gravatar.com\/avatar\/6994d129a9c6c36ee5e2a2183d81eabab0eabc04aa41aed280c11d1754b4855e?s=96&d=mm&r=g","caption":"Romain"},"url":"https:\/\/www.artnroll.net\/home\/?author=23"}]}},"_links":{"self":[{"href":"https:\/\/www.artnroll.net\/home\/index.php?rest_route=\/wp\/v2\/posts\/27647","targetHints":{"allow":["GET"]}}],"collection":[{"href":"https:\/\/www.artnroll.net\/home\/index.php?rest_route=\/wp\/v2\/posts"}],"about":[{"href":"https:\/\/www.artnroll.net\/home\/index.php?rest_route=\/wp\/v2\/types\/post"}],"author":[{"embeddable":true,"href":"https:\/\/www.artnroll.net\/home\/index.php?rest_route=\/wp\/v2\/users\/23"}],"replies":[{"embeddable":true,"href":"https:\/\/www.artnroll.net\/home\/index.php?rest_route=%2Fwp%2Fv2%2Fcomments&post=27647"}],"version-history":[{"count":77,"href":"https:\/\/www.artnroll.net\/home\/index.php?rest_route=\/wp\/v2\/posts\/27647\/revisions"}],"predecessor-version":[{"id":27734,"href":"https:\/\/www.artnroll.net\/home\/index.php?rest_route=\/wp\/v2\/posts\/27647\/revisions\/27734"}],"wp:featuredmedia":[{"embeddable":true,"href":"https:\/\/www.artnroll.net\/home\/index.php?rest_route=\/wp\/v2\/media\/27648"}],"wp:attachment":[{"href":"https:\/\/www.artnroll.net\/home\/index.php?rest_route=%2Fwp%2Fv2%2Fmedia&parent=27647"}],"wp:term":[{"taxonomy":"category","embeddable":true,"href":"https:\/\/www.artnroll.net\/home\/index.php?rest_route=%2Fwp%2Fv2%2Fcategories&post=27647"},{"taxonomy":"post_tag","embeddable":true,"href":"https:\/\/www.artnroll.net\/home\/index.php?rest_route=%2Fwp%2Fv2%2Ftags&post=27647"}],"curies":[{"name":"wp","href":"https:\/\/api.w.org\/{rel}","templated":true}]}}