{"id":2437,"date":"2013-07-01T13:19:49","date_gmt":"2013-07-01T11:19:49","guid":{"rendered":"http:\/\/www.artnroll.net\/home\/?p=2437"},"modified":"2013-07-01T13:24:00","modified_gmt":"2013-07-01T11:24:00","slug":"escape-the-fate-le-17062013-au-bataclan","status":"publish","type":"post","link":"https:\/\/www.artnroll.net\/home\/?p=2437","title":{"rendered":"ESCAPE THE FATE, le 17\/06\/2013 au Bataclan"},"content":{"rendered":"<p>Arriv\u00e9e au Bataclan un peu tard, je rate le premier groupe,\u00a0Our Theory, bon d&rsquo;apr\u00e8s le coll\u00e8gue photographe arriv\u00e9 \u00e0 l&rsquo;heure.<\/p>\n<p><img loading=\"lazy\" decoding=\"async\" class=\"aligncenter size-large wp-image-2441\" alt=\"Our Theory\" src=\"http:\/\/www.artnroll.net\/home\/wp-content\/uploads\/2013\/07\/2013-06-17-MID-1_Our_Theory-02-400x600.jpg\" width=\"400\" height=\"600\" srcset=\"https:\/\/www.artnroll.net\/home\/wp-content\/uploads\/2013\/07\/2013-06-17-MID-1_Our_Theory-02-400x600.jpg 400w, https:\/\/www.artnroll.net\/home\/wp-content\/uploads\/2013\/07\/2013-06-17-MID-1_Our_Theory-02-200x300.jpg 200w, https:\/\/www.artnroll.net\/home\/wp-content\/uploads\/2013\/07\/2013-06-17-MID-1_Our_Theory-02.jpg 1024w\" sizes=\"auto, (max-width: 400px) 100vw, 400px\" \/><\/p>\n<p>Le public est tr\u00e8s jeune, \u00e0 se demander s&rsquo;ils ont bien eu l&rsquo;autorisation parentale de sortir en cette p\u00e9riode de passage de baccalaur\u00e9at.<\/p>\n<p><img loading=\"lazy\" decoding=\"async\" class=\"aligncenter size-large wp-image-2442\" alt=\"Our Theory\" src=\"http:\/\/www.artnroll.net\/home\/wp-content\/uploads\/2013\/07\/2013-06-17-MID-1_Our_Theory-03-600x399.jpg\" width=\"600\" height=\"399\" srcset=\"https:\/\/www.artnroll.net\/home\/wp-content\/uploads\/2013\/07\/2013-06-17-MID-1_Our_Theory-03-600x399.jpg 600w, https:\/\/www.artnroll.net\/home\/wp-content\/uploads\/2013\/07\/2013-06-17-MID-1_Our_Theory-03-300x199.jpg 300w, https:\/\/www.artnroll.net\/home\/wp-content\/uploads\/2013\/07\/2013-06-17-MID-1_Our_Theory-03-420x280.jpg 420w, https:\/\/www.artnroll.net\/home\/wp-content\/uploads\/2013\/07\/2013-06-17-MID-1_Our_Theory-03.jpg 2048w\" sizes=\"auto, (max-width: 600px) 100vw, 600px\" \/><\/p>\n<p>Le deuxi\u00e8me groupe, Fallester, entre en piste : ils sont 3, la batterie n&rsquo;est pas en retrait mais au centre de la sc\u00e8ne.<\/p>\n<p><img loading=\"lazy\" decoding=\"async\" class=\"aligncenter size-large wp-image-2450\" alt=\"Fallaster\" src=\"http:\/\/www.artnroll.net\/home\/wp-content\/uploads\/2013\/07\/2013-06-17-MID-2_Fallaster-03-600x399.jpg\" width=\"600\" height=\"399\" srcset=\"https:\/\/www.artnroll.net\/home\/wp-content\/uploads\/2013\/07\/2013-06-17-MID-2_Fallaster-03-600x399.jpg 600w, https:\/\/www.artnroll.net\/home\/wp-content\/uploads\/2013\/07\/2013-06-17-MID-2_Fallaster-03-300x199.jpg 300w, https:\/\/www.artnroll.net\/home\/wp-content\/uploads\/2013\/07\/2013-06-17-MID-2_Fallaster-03-420x280.jpg 420w, https:\/\/www.artnroll.net\/home\/wp-content\/uploads\/2013\/07\/2013-06-17-MID-2_Fallaster-03.jpg 2048w\" sizes=\"auto, (max-width: 600px) 100vw, 600px\" \/><\/p>\n<p>Premi\u00e8re impression\u00a0: le son est trop m\u00e9tallique. Cette impression se confirmera tout au long de la soir\u00e9e\u00a0: le son n&rsquo;est pas digne d&rsquo;une salle de la notori\u00e9t\u00e9 du Bataclan.<\/p>\n<p>&nbsp;<\/p>\n<p>Le coll\u00e8gue photographe se plaint lui du jeu de lumi\u00e8res\u00a0: \u00e9trange de vouloir illuminer le public&#8230;\u00a0 L&rsquo;impression de flou qui en r\u00e9sulte n&rsquo;est pas du meilleur effet. On se prendra m\u00eame un spot aveuglant en pleine r\u00e9tine vers la fin du set de Fallester.<\/p>\n<p><img loading=\"lazy\" decoding=\"async\" class=\"aligncenter size-large wp-image-2447\" alt=\"Our Theory\" src=\"http:\/\/www.artnroll.net\/home\/wp-content\/uploads\/2013\/07\/2013-06-17-MID-1_Our_Theory-08-600x399.jpg\" width=\"600\" height=\"399\" srcset=\"https:\/\/www.artnroll.net\/home\/wp-content\/uploads\/2013\/07\/2013-06-17-MID-1_Our_Theory-08-600x399.jpg 600w, https:\/\/www.artnroll.net\/home\/wp-content\/uploads\/2013\/07\/2013-06-17-MID-1_Our_Theory-08-300x199.jpg 300w, https:\/\/www.artnroll.net\/home\/wp-content\/uploads\/2013\/07\/2013-06-17-MID-1_Our_Theory-08-420x280.jpg 420w, https:\/\/www.artnroll.net\/home\/wp-content\/uploads\/2013\/07\/2013-06-17-MID-1_Our_Theory-08.jpg 2048w\" sizes=\"auto, (max-width: 600px) 100vw, 600px\" \/><\/p>\n<p>On recommande d\u00e9j\u00e0 les protections auditives, peut-\u00eatre faudra-t-il pr\u00e9voir aussi les lunettes noires pour les concerts&#8230;<\/p>\n<p>&nbsp;<\/p>\n<p>Et le groupe\u00a0? Et bien, pas vraiment ma tasse de th\u00e9 (mais je ne savais pas encore ce qui m&rsquo;attendait par la suite!)\u00a0: du n\u00e9o-m\u00e9tal hurl\u00e9 par un chanteur \u00e0 la limite de la rupture de corde vocale. Dans le public se forme un mosh pit incroyablement lent\u00a0: moi qui croyais que le public \u00e9tait form\u00e9 de petits jeunes&#8230; on dirait plut\u00f4t des retrait\u00e9s\u00a0!<\/p>\n<p>Quelques-uns montent sur sc\u00e8ne, dont un, torse nu, qui enlacera le chanteur sur un slow. Instant tendresse\u00a0!<\/p>\n<p>Et voici Tracer\u00a0! Ca nous changera un peu de l&rsquo;ambiance MJC\u00a0! Avant que les trois membres australiens arrivent sur sc\u00e8ne, une bande son digne des films des fr\u00e8res Coen retentit.<\/p>\n<p>&nbsp;<\/p>\n<p><img loading=\"lazy\" decoding=\"async\" class=\"aligncenter size-large wp-image-2455\" alt=\"Tracer\" src=\"http:\/\/www.artnroll.net\/home\/wp-content\/uploads\/2013\/07\/2013-06-17-MID-3_Tracer-03-600x463.jpg\" width=\"600\" height=\"463\" srcset=\"https:\/\/www.artnroll.net\/home\/wp-content\/uploads\/2013\/07\/2013-06-17-MID-3_Tracer-03-600x463.jpg 600w, https:\/\/www.artnroll.net\/home\/wp-content\/uploads\/2013\/07\/2013-06-17-MID-3_Tracer-03-300x231.jpg 300w, https:\/\/www.artnroll.net\/home\/wp-content\/uploads\/2013\/07\/2013-06-17-MID-3_Tracer-03.jpg 1988w\" sizes=\"auto, (max-width: 600px) 100vw, 600px\" \/><\/p>\n<p>Encore une fois, le son n&rsquo;est pas bon. Les musiciens \u00e9changent des signes avec la r\u00e9gie son pour essayer de rectifier le tir pour \u00ab\u00a0Pistolero\u00a0\u00bb. Ca s&rsquo;am\u00e9liore pour le deuxi\u00e8me titre. Le chanteur Michael Brown, et son fr\u00e8re, Leigh, bassiste, \u00e9changent leur place r\u00e9guli\u00e8rement, et le bassiste nous gratifie d&rsquo;une petite danse bien \u00e0 lui, entre calypso chaloup\u00e9e et headbang.<\/p>\n<p>Ils nous ass\u00e8nent titres anciens et nouveaux avec le m\u00eame talent.<\/p>\n<p>&nbsp;<\/p>\n<p><img loading=\"lazy\" decoding=\"async\" class=\"aligncenter size-large wp-image-2458\" alt=\"Tracer\" src=\"http:\/\/www.artnroll.net\/home\/wp-content\/uploads\/2013\/07\/2013-06-17-MID-3_Tracer-06-600x399.jpg\" width=\"600\" height=\"399\" srcset=\"https:\/\/www.artnroll.net\/home\/wp-content\/uploads\/2013\/07\/2013-06-17-MID-3_Tracer-06-600x399.jpg 600w, https:\/\/www.artnroll.net\/home\/wp-content\/uploads\/2013\/07\/2013-06-17-MID-3_Tracer-06-300x199.jpg 300w, https:\/\/www.artnroll.net\/home\/wp-content\/uploads\/2013\/07\/2013-06-17-MID-3_Tracer-06-420x280.jpg 420w, https:\/\/www.artnroll.net\/home\/wp-content\/uploads\/2013\/07\/2013-06-17-MID-3_Tracer-06.jpg 2048w\" sizes=\"auto, (max-width: 600px) 100vw, 600px\" \/><\/p>\n<p>Le public, m\u00eame s&rsquo;il n&rsquo;y a pas foule ce soir, est sous le charme et reprend un refrain sous la direction\u00a0\u00a0 du beau chanteur. <b><br \/>\n<\/b>Sur \u00ab\u00a0Dead Garden\u00a0\u00bb<b> <\/b>la lumi\u00e8re vire au rouge et argent, fa\u00e7on coucher de soleil dans le d\u00e9sert., parfait pour un groupe dont le style est parfois d\u00e9crit comme du Desert Rock.<\/p>\n<p>Quelques solos de guitare brillants et le set de Tracer s&rsquo;ach\u00e8ve.<\/p>\n<p>&nbsp;<\/p>\n<p>Place au groupe qu&rsquo;attend le public qui s&rsquo;est bien densifi\u00e9\u00a0: Escape the Fate\u00a0! Je me croirais dans un \u00e9pisode de One Tree Hill\u00a0! Jeunes filles en fleur et jeunes bad boys tatou\u00e9s jusque sous les mandibules se c\u00f4toient sans heurts.<\/p>\n<p>Le son, les lyrics et l&rsquo;imagerie de Escape de Fate sont tr\u00e8s, tr\u00e8s inspir\u00e9s du glam rock des ann\u00e9es 80-90. On rajoute quelques morceaux de hurleur et un brin d&rsquo;influence Placebo et le tour est jou\u00e9.<\/p>\n<p>Le chanteur y va de son petit mot au public\u00a0: \u00ab\u00a0la vie est courte alors ne sois pas un douchebag\u00a0\u00bb\u00a0.<\/p>\n<p>&nbsp;<\/p>\n<p><img loading=\"lazy\" decoding=\"async\" class=\"aligncenter size-large wp-image-2460\" alt=\"Escape The Fate\" src=\"http:\/\/www.artnroll.net\/home\/wp-content\/uploads\/2013\/07\/2013-06-17-MID-4_Escape_The_Fate-02-400x600.jpg\" width=\"400\" height=\"600\" srcset=\"https:\/\/www.artnroll.net\/home\/wp-content\/uploads\/2013\/07\/2013-06-17-MID-4_Escape_The_Fate-02-400x600.jpg 400w, https:\/\/www.artnroll.net\/home\/wp-content\/uploads\/2013\/07\/2013-06-17-MID-4_Escape_The_Fate-02-200x300.jpg 200w, https:\/\/www.artnroll.net\/home\/wp-content\/uploads\/2013\/07\/2013-06-17-MID-4_Escape_The_Fate-02.jpg 1024w\" sizes=\"auto, (max-width: 400px) 100vw, 400px\" \/><\/p>\n<p>&nbsp;<\/p>\n<p>Ok&#8230; Il demande ensuite un circle pit. Il l&rsquo;a demand\u00e9 gentiment, l&rsquo;audience obtemp\u00e8re\u00a0: circle pit de 2 minutes.<\/p>\n<p>&nbsp;<\/p>\n<p>Tout \u00e7a me semble beaucoup trop commercial, mais le public (qui remplit \u00e0 peine la moiti\u00e9 de la salle) semble aimer. Le groupe partage la sc\u00e8ne avec ses fans\u00a0: une jeune fille \u00e0 cr\u00eate reprend un refrain en ch\u0153ur avec le chanteur, une jeune et jolie blonde s&rsquo;agenouille devant lui&#8230;<\/p>\n<p><img loading=\"lazy\" decoding=\"async\" class=\"aligncenter size-large wp-image-2464\" alt=\"Escape The Fate\" src=\"http:\/\/www.artnroll.net\/home\/wp-content\/uploads\/2013\/07\/2013-06-17-MID-4_Escape_The_Fate-06-600x399.jpg\" width=\"600\" height=\"399\" srcset=\"https:\/\/www.artnroll.net\/home\/wp-content\/uploads\/2013\/07\/2013-06-17-MID-4_Escape_The_Fate-06-600x399.jpg 600w, https:\/\/www.artnroll.net\/home\/wp-content\/uploads\/2013\/07\/2013-06-17-MID-4_Escape_The_Fate-06-300x199.jpg 300w, https:\/\/www.artnroll.net\/home\/wp-content\/uploads\/2013\/07\/2013-06-17-MID-4_Escape_The_Fate-06-420x280.jpg 420w, https:\/\/www.artnroll.net\/home\/wp-content\/uploads\/2013\/07\/2013-06-17-MID-4_Escape_The_Fate-06.jpg 2048w\" sizes=\"auto, (max-width: 600px) 100vw, 600px\" \/><\/p>\n<p>Au vu du nombre de smartphones lev\u00e9s, tout le set doit \u00eatre sur Youtube depuis belle lurette, alors si tu aimes Escape The Fate, n&rsquo;h\u00e9site pas \u00e0 aller voir \u00e0 quoi ressemble ces h\u00e9rauts du scream-core\u00a0!<\/p>\n<p><img loading=\"lazy\" decoding=\"async\" class=\"aligncenter size-large wp-image-2445\" alt=\"Our Theory\" src=\"http:\/\/www.artnroll.net\/home\/wp-content\/uploads\/2013\/07\/2013-06-17-MID-1_Our_Theory-06-600x399.jpg\" width=\"600\" height=\"399\" srcset=\"https:\/\/www.artnroll.net\/home\/wp-content\/uploads\/2013\/07\/2013-06-17-MID-1_Our_Theory-06-600x399.jpg 600w, https:\/\/www.artnroll.net\/home\/wp-content\/uploads\/2013\/07\/2013-06-17-MID-1_Our_Theory-06-300x199.jpg 300w, https:\/\/www.artnroll.net\/home\/wp-content\/uploads\/2013\/07\/2013-06-17-MID-1_Our_Theory-06-420x280.jpg 420w, https:\/\/www.artnroll.net\/home\/wp-content\/uploads\/2013\/07\/2013-06-17-MID-1_Our_Theory-06.jpg 2048w\" sizes=\"auto, (max-width: 600px) 100vw, 600px\" \/><\/p>\n<p>[simpleviewer gallery_id=\u00a0\u00bb40&Prime;]<\/p>\n","protected":false},"excerpt":{"rendered":"<p>Arriv\u00e9e au Bataclan un peu tard, je rate le premier groupe,\u00a0Our Theory, bon d&rsquo;apr\u00e8s le coll\u00e8gue photographe arriv\u00e9 \u00e0 l&rsquo;heure. Le public est tr\u00e8s jeune, \u00e0 se demander s&rsquo;ils ont bien eu l&rsquo;autorisation parentale de sortir en cette p\u00e9riode de passage de baccalaur\u00e9at. Le deuxi\u00e8me groupe, Fallester, entre en piste : ils sont 3, la batterie n&rsquo;est pas en retrait mais au centre de la sc\u00e8ne. Premi\u00e8re impression\u00a0: le son est trop m\u00e9tallique. Cette impression se confirmera tout au long de la soir\u00e9e\u00a0: le son n&rsquo;est pas digne d&rsquo;une salle de la notori\u00e9t\u00e9 du Bataclan. &nbsp; Le coll\u00e8gue photographe se [&hellip;]<\/p>\n","protected":false},"author":2,"featured_media":2464,"comment_status":"open","ping_status":"open","sticky":false,"template":"","format":"standard","meta":{"_mi_skip_tracking":false,"_monsterinsights_sitenote_active":false,"_monsterinsights_sitenote_note":"","_monsterinsights_sitenote_category":0,"footnotes":""},"categories":[2],"tags":[378,614,240],"class_list":["post-2437","post","type-post","status-publish","format-standard","has-post-thumbnail","hentry","category-live-reports","tag-bataclan","tag-escape-the-fate","tag-tracer"],"yoast_head":"<!-- This site is optimized with the Yoast SEO plugin v23.9 - https:\/\/yoast.com\/wordpress\/plugins\/seo\/ -->\n<title>ESCAPE THE FATE, le 17\/06\/2013 au Bataclan - Art&#039;n&#039;Roll Webzine<\/title>\n<meta name=\"description\" content=\"Live report du concert d&#039;escape the face et tracer au bataclan le 17\/06\/2013\" \/>\n<meta name=\"robots\" content=\"index, follow, max-snippet:-1, max-image-preview:large, max-video-preview:-1\" \/>\n<link rel=\"canonical\" href=\"https:\/\/www.artnroll.net\/home\/?p=2437\" \/>\n<meta property=\"og:locale\" content=\"fr_FR\" \/>\n<meta property=\"og:type\" content=\"article\" \/>\n<meta property=\"og:title\" content=\"ESCAPE THE FATE, le 17\/06\/2013 au Bataclan - Art&#039;n&#039;Roll Webzine\" \/>\n<meta property=\"og:description\" content=\"Live report du concert d&#039;escape the face et tracer au bataclan le 17\/06\/2013\" \/>\n<meta property=\"og:url\" content=\"https:\/\/www.artnroll.net\/home\/?p=2437\" \/>\n<meta property=\"og:site_name\" content=\"Art&#039;n&#039;Roll Webzine\" \/>\n<meta property=\"article:publisher\" content=\"https:\/\/www.facebook.com\/artnroll.net\/\" \/>\n<meta property=\"article:published_time\" content=\"2013-07-01T11:19:49+00:00\" \/>\n<meta property=\"article:modified_time\" content=\"2013-07-01T11:24:00+00:00\" \/>\n<meta property=\"og:image\" content=\"https:\/\/www.artnroll.net\/home\/wp-content\/uploads\/2013\/07\/2013-06-17-MID-4_Escape_The_Fate-06.jpg\" \/>\n\t<meta property=\"og:image:width\" content=\"2048\" \/>\n\t<meta property=\"og:image:height\" content=\"1365\" \/>\n\t<meta property=\"og:image:type\" content=\"image\/jpeg\" \/>\n<meta name=\"author\" content=\"The Kat\" \/>\n<meta name=\"twitter:label1\" content=\"\u00c9crit par\" \/>\n\t<meta name=\"twitter:data1\" content=\"The Kat\" \/>\n\t<meta name=\"twitter:label2\" content=\"Dur\u00e9e de lecture estim\u00e9e\" \/>\n\t<meta name=\"twitter:data2\" content=\"3 minutes\" \/>\n<script type=\"application\/ld+json\" class=\"yoast-schema-graph\">{\"@context\":\"https:\/\/schema.org\",\"@graph\":[{\"@type\":\"WebPage\",\"@id\":\"https:\/\/www.artnroll.net\/home\/?p=2437\",\"url\":\"https:\/\/www.artnroll.net\/home\/?p=2437\",\"name\":\"ESCAPE THE FATE, le 17\/06\/2013 au Bataclan - Art&#039;n&#039;Roll Webzine\",\"isPartOf\":{\"@id\":\"https:\/\/www.artnroll.net\/home\/#website\"},\"primaryImageOfPage\":{\"@id\":\"https:\/\/www.artnroll.net\/home\/?p=2437#primaryimage\"},\"image\":{\"@id\":\"https:\/\/www.artnroll.net\/home\/?p=2437#primaryimage\"},\"thumbnailUrl\":\"https:\/\/www.artnroll.net\/home\/wp-content\/uploads\/2013\/07\/2013-06-17-MID-4_Escape_The_Fate-06.jpg\",\"datePublished\":\"2013-07-01T11:19:49+00:00\",\"dateModified\":\"2013-07-01T11:24:00+00:00\",\"author\":{\"@id\":\"https:\/\/www.artnroll.net\/home\/#\/schema\/person\/5555e2c6c972d701b459a37ebcf7a33e\"},\"description\":\"Live report du concert d'escape the face et tracer au bataclan le 17\/06\/2013\",\"inLanguage\":\"fr-FR\",\"potentialAction\":[{\"@type\":\"ReadAction\",\"target\":[\"https:\/\/www.artnroll.net\/home\/?p=2437\"]}]},{\"@type\":\"ImageObject\",\"inLanguage\":\"fr-FR\",\"@id\":\"https:\/\/www.artnroll.net\/home\/?p=2437#primaryimage\",\"url\":\"https:\/\/www.artnroll.net\/home\/wp-content\/uploads\/2013\/07\/2013-06-17-MID-4_Escape_The_Fate-06.jpg\",\"contentUrl\":\"https:\/\/www.artnroll.net\/home\/wp-content\/uploads\/2013\/07\/2013-06-17-MID-4_Escape_The_Fate-06.jpg\",\"width\":2048,\"height\":1365},{\"@type\":\"WebSite\",\"@id\":\"https:\/\/www.artnroll.net\/home\/#website\",\"url\":\"https:\/\/www.artnroll.net\/home\/\",\"name\":\"Art&#039;n&#039;Roll Webzine\",\"description\":\"Webzine on the Rocks\",\"potentialAction\":[{\"@type\":\"SearchAction\",\"target\":{\"@type\":\"EntryPoint\",\"urlTemplate\":\"https:\/\/www.artnroll.net\/home\/?s={search_term_string}\"},\"query-input\":{\"@type\":\"PropertyValueSpecification\",\"valueRequired\":true,\"valueName\":\"search_term_string\"}}],\"inLanguage\":\"fr-FR\"},{\"@type\":\"Person\",\"@id\":\"https:\/\/www.artnroll.net\/home\/#\/schema\/person\/5555e2c6c972d701b459a37ebcf7a33e\",\"name\":\"The Kat\",\"image\":{\"@type\":\"ImageObject\",\"inLanguage\":\"fr-FR\",\"@id\":\"https:\/\/www.artnroll.net\/home\/#\/schema\/person\/image\/\",\"url\":\"https:\/\/secure.gravatar.com\/avatar\/fc9013b409f9b4c05d15552e6144748ba58ea8e8d42af2026c6ba0eccd5a2bcc?s=96&d=mm&r=g\",\"contentUrl\":\"https:\/\/secure.gravatar.com\/avatar\/fc9013b409f9b4c05d15552e6144748ba58ea8e8d42af2026c6ba0eccd5a2bcc?s=96&d=mm&r=g\",\"caption\":\"The Kat\"},\"url\":\"https:\/\/www.artnroll.net\/home\/?author=2\"}]}<\/script>\n<!-- \/ Yoast SEO plugin. -->","yoast_head_json":{"title":"ESCAPE THE FATE, le 17\/06\/2013 au Bataclan - Art&#039;n&#039;Roll Webzine","description":"Live report du concert d'escape the face et tracer au bataclan le 17\/06\/2013","robots":{"index":"index","follow":"follow","max-snippet":"max-snippet:-1","max-image-preview":"max-image-preview:large","max-video-preview":"max-video-preview:-1"},"canonical":"https:\/\/www.artnroll.net\/home\/?p=2437","og_locale":"fr_FR","og_type":"article","og_title":"ESCAPE THE FATE, le 17\/06\/2013 au Bataclan - Art&#039;n&#039;Roll Webzine","og_description":"Live report du concert d'escape the face et tracer au bataclan le 17\/06\/2013","og_url":"https:\/\/www.artnroll.net\/home\/?p=2437","og_site_name":"Art&#039;n&#039;Roll Webzine","article_publisher":"https:\/\/www.facebook.com\/artnroll.net\/","article_published_time":"2013-07-01T11:19:49+00:00","article_modified_time":"2013-07-01T11:24:00+00:00","og_image":[{"width":2048,"height":1365,"url":"https:\/\/www.artnroll.net\/home\/wp-content\/uploads\/2013\/07\/2013-06-17-MID-4_Escape_The_Fate-06.jpg","type":"image\/jpeg"}],"author":"The Kat","twitter_misc":{"\u00c9crit par":"The Kat","Dur\u00e9e de lecture estim\u00e9e":"3 minutes"},"schema":{"@context":"https:\/\/schema.org","@graph":[{"@type":"WebPage","@id":"https:\/\/www.artnroll.net\/home\/?p=2437","url":"https:\/\/www.artnroll.net\/home\/?p=2437","name":"ESCAPE THE FATE, le 17\/06\/2013 au Bataclan - Art&#039;n&#039;Roll Webzine","isPartOf":{"@id":"https:\/\/www.artnroll.net\/home\/#website"},"primaryImageOfPage":{"@id":"https:\/\/www.artnroll.net\/home\/?p=2437#primaryimage"},"image":{"@id":"https:\/\/www.artnroll.net\/home\/?p=2437#primaryimage"},"thumbnailUrl":"https:\/\/www.artnroll.net\/home\/wp-content\/uploads\/2013\/07\/2013-06-17-MID-4_Escape_The_Fate-06.jpg","datePublished":"2013-07-01T11:19:49+00:00","dateModified":"2013-07-01T11:24:00+00:00","author":{"@id":"https:\/\/www.artnroll.net\/home\/#\/schema\/person\/5555e2c6c972d701b459a37ebcf7a33e"},"description":"Live report du concert d'escape the face et tracer au bataclan le 17\/06\/2013","inLanguage":"fr-FR","potentialAction":[{"@type":"ReadAction","target":["https:\/\/www.artnroll.net\/home\/?p=2437"]}]},{"@type":"ImageObject","inLanguage":"fr-FR","@id":"https:\/\/www.artnroll.net\/home\/?p=2437#primaryimage","url":"https:\/\/www.artnroll.net\/home\/wp-content\/uploads\/2013\/07\/2013-06-17-MID-4_Escape_The_Fate-06.jpg","contentUrl":"https:\/\/www.artnroll.net\/home\/wp-content\/uploads\/2013\/07\/2013-06-17-MID-4_Escape_The_Fate-06.jpg","width":2048,"height":1365},{"@type":"WebSite","@id":"https:\/\/www.artnroll.net\/home\/#website","url":"https:\/\/www.artnroll.net\/home\/","name":"Art&#039;n&#039;Roll Webzine","description":"Webzine on the Rocks","potentialAction":[{"@type":"SearchAction","target":{"@type":"EntryPoint","urlTemplate":"https:\/\/www.artnroll.net\/home\/?s={search_term_string}"},"query-input":{"@type":"PropertyValueSpecification","valueRequired":true,"valueName":"search_term_string"}}],"inLanguage":"fr-FR"},{"@type":"Person","@id":"https:\/\/www.artnroll.net\/home\/#\/schema\/person\/5555e2c6c972d701b459a37ebcf7a33e","name":"The Kat","image":{"@type":"ImageObject","inLanguage":"fr-FR","@id":"https:\/\/www.artnroll.net\/home\/#\/schema\/person\/image\/","url":"https:\/\/secure.gravatar.com\/avatar\/fc9013b409f9b4c05d15552e6144748ba58ea8e8d42af2026c6ba0eccd5a2bcc?s=96&d=mm&r=g","contentUrl":"https:\/\/secure.gravatar.com\/avatar\/fc9013b409f9b4c05d15552e6144748ba58ea8e8d42af2026c6ba0eccd5a2bcc?s=96&d=mm&r=g","caption":"The Kat"},"url":"https:\/\/www.artnroll.net\/home\/?author=2"}]}},"_links":{"self":[{"href":"https:\/\/www.artnroll.net\/home\/index.php?rest_route=\/wp\/v2\/posts\/2437","targetHints":{"allow":["GET"]}}],"collection":[{"href":"https:\/\/www.artnroll.net\/home\/index.php?rest_route=\/wp\/v2\/posts"}],"about":[{"href":"https:\/\/www.artnroll.net\/home\/index.php?rest_route=\/wp\/v2\/types\/post"}],"author":[{"embeddable":true,"href":"https:\/\/www.artnroll.net\/home\/index.php?rest_route=\/wp\/v2\/users\/2"}],"replies":[{"embeddable":true,"href":"https:\/\/www.artnroll.net\/home\/index.php?rest_route=%2Fwp%2Fv2%2Fcomments&post=2437"}],"version-history":[{"count":3,"href":"https:\/\/www.artnroll.net\/home\/index.php?rest_route=\/wp\/v2\/posts\/2437\/revisions"}],"predecessor-version":[{"id":2467,"href":"https:\/\/www.artnroll.net\/home\/index.php?rest_route=\/wp\/v2\/posts\/2437\/revisions\/2467"}],"wp:featuredmedia":[{"embeddable":true,"href":"https:\/\/www.artnroll.net\/home\/index.php?rest_route=\/wp\/v2\/media\/2464"}],"wp:attachment":[{"href":"https:\/\/www.artnroll.net\/home\/index.php?rest_route=%2Fwp%2Fv2%2Fmedia&parent=2437"}],"wp:term":[{"taxonomy":"category","embeddable":true,"href":"https:\/\/www.artnroll.net\/home\/index.php?rest_route=%2Fwp%2Fv2%2Fcategories&post=2437"},{"taxonomy":"post_tag","embeddable":true,"href":"https:\/\/www.artnroll.net\/home\/index.php?rest_route=%2Fwp%2Fv2%2Ftags&post=2437"}],"curies":[{"name":"wp","href":"https:\/\/api.w.org\/{rel}","templated":true}]}}