{"id":20764,"date":"2020-05-21T13:26:45","date_gmt":"2020-05-21T11:26:45","guid":{"rendered":"http:\/\/www.artnroll.net\/home\/?p=20764"},"modified":"2020-05-21T13:26:45","modified_gmt":"2020-05-21T11:26:45","slug":"interview-avec-vincent-de-theraphosa","status":"publish","type":"post","link":"https:\/\/www.artnroll.net\/home\/?p=20764","title":{"rendered":"Interview avec Vincent de Theraphosa"},"content":{"rendered":"<p style=\"text-align: justify\"><em>Ayant adopt\u00e9 celui d\u2019un arachnide comme nom, Theraphosa est une formation francilienne appliqu\u00e9e et prometteuse, compos\u00e9e de deux fr\u00e8res et de leur symbiote (Vincent, Matthieu et Martin). Les nouveaux-venus ont publi\u00e9 leur premier album le 24 avril 2020 chez<\/em><em> Season of Mist<\/em><em>, \u00ab\u00a0Transcendence\u00a0\u00bb\u00a0: un remarquable concentr\u00e9 de metal sombre, c\u00e9r\u00e9bral et d\u00e9termin\u00e9. Entretien t\u00e9l\u00e9phonique du 11 mai 2020 avec Vincent, le fr\u00e8re chanteur et guitariste\u2026<\/em><\/p>\n<p style=\"text-align: justify\"><strong>Art\u2019N\u2019Roll <\/strong><strong>: Salut\u00a0! Tout va bien\u00a0? <\/strong><\/p>\n<p style=\"text-align: justify\"><strong>Vincent (chant et guitare) :<\/strong> Tout va bien\u00a0!<\/p>\n<p style=\"text-align: justify\"><strong>ANR\u00a0: Commen\u00e7ons, en \u00e9voquant votre figure de proue\u00a0: la theraphosa est la plus grande des araign\u00e9es vivantes\u2026 Lequel de vous a eu l\u2019id\u00e9e de ce nom\u00a0?<\/strong><\/p>\n<p style=\"text-align: justify\"><strong>V : <\/strong>C\u2019est moi\u00a0! Les araign\u00e9es sont ma passion depuis tout petit, notamment les mygales.<\/p>\n<p style=\"text-align: justify\"><strong>ANR\u00a0: Avez-vous pens\u00e9 \u00e0 d\u2019autres symboles, au moment de choisir le nom\u00a0?<\/strong><\/p>\n<p style=\"text-align: justify\"><strong>V : <\/strong>Non pas vraiment, c\u2019est venu tr\u00e8s naturellement et unanimement.<\/p>\n<p style=\"text-align: justify\"><strong>ANR\u00a0: Quels sont vos \u00e2ges respectifs\u00a0?<\/strong><\/p>\n<p style=\"text-align: justify\"><strong>V : <\/strong>J\u2019ai trente ans et mes deux acolytes ont vingt-cinq ans.<\/p>\n<p style=\"text-align: justify\"><strong>ANR\u00a0: Tes deux acolytes sont tes fr\u00e8res\u00a0?<\/strong><\/p>\n<p style=\"text-align: justify\"><strong>V : <\/strong>L\u2019un est mon fr\u00e8re biologique, l\u2019autre est mon fr\u00e8re \u00ab\u00a0de sang vers\u00e9\u00a0\u00bb, comme j\u2019aime \u00e0 le dire\u2026<\/p>\n<p style=\"text-align: justify\"><strong>ANR\u00a0: Effectivement, sur les photos, deux des trois membres se ressemblent beaucoup, et un moins, mais il y aurait quand-m\u00eame un air de famille entre vous trois\u2026<\/strong><\/p>\n<p style=\"text-align: justify\"><strong>V : <\/strong>Tu vois, faire de la musique ensemble a d\u00fb le faire muter\u2026<\/p>\n<p style=\"text-align: justify\"><strong>ANR : Votre tout d\u00e9but de parcours est marqu\u00e9 par cette collaboration avec Jan Rechberger, le batteur d\u2019Amorphis, lequel vous a \u00e9paul\u00e9 pour la conception de votre premier EP \u00e0 Helsinki en 2018, sobrement intitul\u00e9 \u00ab\u00a0Theraphosa\u00a0\u00bb\u2026 Votre dossier de presse \u00e9voque \u00e0 ce propos une \u00ab\u00a0alchimie totale\u00a0\u00bb entre vous\u2026 Comment un jeune trio francilien entre-il en contact, puis en fusion, avec un professionnel finlandais\u00a0?<\/strong><\/p>\n<p style=\"text-align: justify\"><strong>V : <\/strong>C\u2019est simple : c\u2019est par l\u2019entremise de Denis Goria, un photographe et r\u00e9alisateur de clips, qui travaille habituellement avec les groupes de la sc\u00e8ne nordique, dont Amorphis, mais \u00e9galement Nightwish, Pain\u2026 beaucoup de gens en bref ! Nous avons r\u00e9alis\u00e9 nos photos de groupe avec lui, et il a fait \u00e9couter un de nos morceaux de l\u2019\u00e9poque \u00e0 Jan, puis lui a demand\u00e9 s\u2019il \u00e9tait int\u00e9ress\u00e9 par une collaboration avec nous. Il a accept\u00e9, et nous nous sommes rendus sur place durant une p\u00e9riode impartie de cinq jours, afin d\u2019enregistrer les cinq morceaux composant cet EP. Nous avons travaill\u00e9 ensemble de mani\u00e8re intense, nous nous sommes enferm\u00e9s en studio, et nous nous sommes tr\u00e8s bien entendus, nous rigolions bien. Musicalement, Jan a appr\u00e9ci\u00e9 notre projet, et c\u2019est vrai qu\u2019il y a eu alchimie totale entre lui et nous !<\/p>\n<p style=\"text-align: justify\"><strong>ANR\u00a0: Jan Rechberger est-il toujours en contact avec vous\u00a0? A-t-il \u00e9cout\u00e9 votre nouvel album\u00a0?<\/strong><\/p>\n<p style=\"text-align: justify\"><strong>V : <\/strong>Je ne sais pas s\u2019il a \u00e9cout\u00e9 l\u2019album. En tous cas, il est toujours en contact avec nous puisque lorsque il se d\u00e9place sur Paris avec Amorphis, nous nous rencontrons. Il faudra que je lui demande ce qu\u2019il pense de notre nouveau disque\u2026<\/p>\n<p style=\"text-align: justify\"><strong>ANR\u00a0: Justement, vous venez de publier chez Season of Mist votre premier album, \u00ab\u00a0Transcendence\u00a0\u00bb\u00a0: as-tu le sentiment du devoir accompli\u00a0?<\/strong><\/p>\n<p style=\"text-align: justify\"><strong>V : <\/strong>Non, je n\u2019ai jamais le sentiment du devoir accompli, et je pense que ne l\u2019aurais jamais. Je suis content, vraiment tr\u00e8s content de cet album, pour autant je n\u2019ai pas l\u2019impression d\u2019avoir termin\u00e9 quoi que ce soit. Je ne suis pas m\u00eame certain qu\u2019un jour dans ma vie j\u2019aurais le sentiment d\u2019accomplissement total. Je suis toujours affam\u00e9.<\/p>\n<p style=\"text-align: justify\"><strong>ANR\u00a0: \u00ab\u00a0Transcendence\u00a0\u00bb a \u00e9t\u00e9 enregistr\u00e9 sous la houlette du producteur Francis Caste, vous avez d\u00e9clar\u00e9 \u00e0 ce propos qu\u2019il avait \u00ab\u00a0instantan\u00e9ment compris le concept du groupe\u00a0\u00bb\u2026 Certes, mais quel est le concept du groupe\u00a0?<\/strong><\/p>\n<p style=\"text-align: justify\"><strong>V : <\/strong>De parvenir \u00e0 \u00e9laborer une musique\u2026 Comment dire\u00a0? <strong>(NDA\u00a0: longue concentration) <\/strong>Quelque part \u00e9l\u00e9gante, m\u00eame si le terme peut para\u00eetre \u00e9trange, puisque il est difficile de qualifier d\u2019\u00ab \u00e9l\u00e9gante \u00bb une musique, le ressenti \u00e9tant quelque chose de subjectif\u2026 Et avec une petite touche fran\u00e7aise\u2026 Francis Caste a \u00e9t\u00e9 tr\u00e8s sensible \u00e0 cela\u2026. Quelque chose de bien construit\u2026 Dans un esprit de transcendance, un peu \u00e9pique, qui \u00e9voque un sentiment d\u2019\u00e9l\u00e9vation\u2026 C\u2019est cela, en fait, l\u2019esprit du groupe.<\/p>\n<p style=\"text-align: justify\"><strong>ANR\u00a0: Ce serait quoi, la \u00ab\u00a0touche fran\u00e7aise\u00a0\u00bb\u00a0?<\/strong><\/p>\n<p style=\"text-align: justify\"><strong>V : <\/strong>C\u2019est le grand d\u00e9bat que nous avons eu ensemble. Je ne suis pas s\u00fbr que celle-ci ne soit tout \u00e0 fait encore d\u00e9finie. Je pense qu\u2019elle consiste en une r\u00e9flexion, une fa\u00e7on de concevoir la musique. Il suffit d\u2019\u00e9couter Gojira, on ressent quelque chose d\u2019unique. C\u2019est particulier, on sent qu\u2019ils sont dans leur univers, et que cet univers est \u00e0 eux, et \u00e0 eux seuls. La touche fran\u00e7aise serait une r\u00e9flexion men\u00e9e en amont quant \u00e0 la conception de la musique. Il y aurait aussi un aspect visuel, quelque chose de sobre et d\u2019\u00e9l\u00e9gant, un aspect que l\u2019on retrouve parfois dans la haute couture. C\u2019est enfin un savoir-faire en voie de maturation.<\/p>\n<p style=\"text-align: justify\"><strong>ANR\u00a0: C\u2019est aussi mon avis. A ce titre, les ann\u00e9es 2010-2020 ne constituent-elles pas la p\u00e9riode la plus propice de l\u2019histoire du metal fran\u00e7ais \u00e0 l\u2019\u00e9closion d\u2019un groupe comme le v\u00f4tre\u00a0?<\/strong><\/p>\n<p style=\"text-align: justify\"><strong>V : <\/strong>Je le pense aussi. Ceci dit, je ne suis pas un sp\u00e9cialiste de la sc\u00e8ne fran\u00e7aise. J\u2019ai n\u00e9anmoins le sentiment que celle-ci n\u2019a pas \u00e9t\u00e9 des plus pr\u00e9sentes dans l\u2019histoire de la musique metal, et que Gojira a au contraire d\u00e9montr\u00e9 que nous pouvions produire quelque chose d\u2019unique, de qualit\u00e9, qui ne se borne pas \u00e0 une simple reproduction de ce qui se fait ailleurs.<\/p>\n<p style=\"text-align: justify\"><strong>ANR\u00a0: Vous avez enregistr\u00e9 au studio Sainte-Marthe, situ\u00e9 \u00e0 la fronti\u00e8re des dixi\u00e8me et dix-neuvi\u00e8me arrondissement de Paris, entre les stations Belleville et Colonel Fabien\u2026 Penses-tu que les lieux au sens large du terme, c\u2019est-\u00e0-dire le studio mais aussi la localisation de celui-ci, la ville, peuvent influer sur le r\u00e9sultat final d\u2019un disque\u00a0? <\/strong><\/p>\n<p style=\"text-align: justify\"><strong>V : <\/strong>J\u2019ai envie de dire oui, et j\u2019ai envie de dire non en m\u00eame temps. Tout d&rsquo;abord le non : parce que, pour ce qui nous concerne, au moment o\u00f9 nous sommes arriv\u00e9s en studio, nos musiques \u00e9taient d\u00e9j\u00e0 pr\u00eates \u00e0 \u00eatre enregistr\u00e9es, donc l\u2019influence que peut avoir le lieu s\u2019en retrouve amoindrie. Ensuite le oui : il faut quand-m\u00eame le reconna\u00eetre, l\u2019environnement du studio Sainte-Marthe est un quartier de psychopathes ! Nous nous sommes marr\u00e9s tous les jours ! Des situations dingues ! D\u00e9j\u00e0, il y a \u00e9norm\u00e9ment de monde, cela fait \u00ab fourmili\u00e8re \u00bb, cela ne s\u2019arr\u00eate jamais. De plus, il n\u2019est pas rare d\u2019y croiser des gens qui ont l\u2019air tout droit sorti des urgences psychiatriques, c\u2019est assez amusant ! J\u2019ai plein d\u2019anecdotes : lorsque nous arrivions le matin, il y avait toujours le m\u00eame mec qui jouait du tuba dans la rue, et qui en jouait toute la journ\u00e9e durant ; ou alors, nous nous faisions syst\u00e9matiquement alpaguer par une dame qui nous racontait \u00e0 chaque fois des histoires sans queue ni t\u00eate\u2026 Plus les putes qui nous alpaguaient quand on sortait manger, c\u2019\u00e9tait rock\u2019n\u2019roll ! <strong>(RIres) <\/strong>Au d\u00e9but c\u2019est un peu perturbant, puis cela forme au fil des jours comme une sorte de r\u00e9confort, car tu as pris les marques et les rep\u00e8res du lieu, de ce qui s\u2019y passe quotidiennement. Dans une certaine mesure, ce quotidien peut influer sur ta cr\u00e9ation, c\u2019est marrant.<\/p>\n<p style=\"text-align: justify\"><strong>ANR : En tant que guitariste, et en plus du chant, tu alternes rythmiques lourdes et fioritures plus l\u00e9g\u00e8res\u00a0: quelles sont tes influences guitaristiques\u00a0?<\/strong><\/p>\n<p style=\"text-align: justify\"><strong>\u00a0<\/strong><strong>V : <\/strong>Beaucoup de choses. Pour ce qui est de la rythmique, je dirai le metal au sens large, que cela soit du thrash ou du death. Le dernier truc, m\u00eame s\u2019il n\u2019est pas si nouveau que cela, qui a impact\u00e9 et enrichi mon jeu, c\u2019est Meshuggah, une recherche de rythmiques un peu plus extr\u00eames\u2026 Pour tout ce qui est m\u00e9lodique, je pense que des guitaristes comme Slash ou Zakk Wylde font partie de mes influences. C\u2019est un m\u00e9lange de tout cela.<\/p>\n<p style=\"text-align: justify\"><strong>ANR\u00a0: Vous n\u2019avez jamais song\u00e9 \u00e0 t\u2019adjoindre un second guitariste\u00a0?<\/strong><\/p>\n<p style=\"text-align: justify\"><strong>V : <\/strong>Nous nous sommes d\u00e9j\u00e0 fait la r\u00e9flexion, car il est vrai qu\u2019un second guitariste permettrait de mieux restituer sur sc\u00e8ne ce que nous faisons sur disque. Mais la r\u00e9ponse est non, pour la bonne et simple raison que nous tenons \u00e0 maintenir cette alchimie d\u00e9velopp\u00e9e \u00e0 trois. Nous ne voulons prendre aucun risque en impl\u00e9mentant un autre membre au groupe. Aussi, parce qu\u2019en douze ans d\u2019existence, le temps et les \u00e9preuves, nous poss\u00e9dons un pass\u00e9 commun.<\/p>\n<p style=\"text-align: justify\"><strong>ANR\u00a0: Quels sentiments ou sensations souhaitez-vous communiquer \u00e0 l\u2019auditeur\u00a0?<\/strong><\/p>\n<p style=\"text-align: justify\"><strong>V : <\/strong>Une sensation de puissance d\u00e9j\u00e0. D\u2019essayer par la musique de faire prendre conscience \u00e0 l\u2019auditeur qu\u2019il rec\u00e8le en lui tout le potentiel, afin de pouvoir \u00eatre ce qu\u2019il a envie d\u2019\u00eatre. Une volont\u00e9 de r\u00e9flexion aussi : l\u2019inciter \u00e0 se poser des questions \u00e0 propos de tout ce qui nous entoure. Une envie de se remettre en question enfin, quant \u00e0 nos propres certitudes et convictions.<\/p>\n<p style=\"text-align: justify\"><strong>ANR\u00a0: Peut-on d\u00e9finir Theraphosa par le terme \u00ab\u00a0\u00e9quilibre\u00a0\u00bb\u00a0?<\/strong><\/p>\n<p style=\"text-align: justify\"><strong>V : <\/strong>Je pense que c\u2019est coh\u00e9rent. Parce que c\u2019est ce qui est contenu dans notre album. Parce que l\u2019univers est fait de choses qui s\u2019affrontent, et pour autant qui collaborent mutuellement. Et que l\u2019\u00e9quilibre transpara\u00eet \u00e9galement dans la composition de notre groupe : mon fr\u00e8re et moi sommes oppos\u00e9s sur bon nombre de points, et Martin le troisi\u00e8me membre, forme le pont entre nous deux.<\/p>\n<p style=\"text-align: justify\"><strong>ANR\u00a0: \u00ab\u00a0Transcendance\u00a0\u00bb\u2026 Pourquoi ce titre\u00a0?<\/strong><\/p>\n<p style=\"text-align: justify\"><strong>V : <\/strong>La volont\u00e9 de d\u00e9passer, de surmonter, ce qui fait la m\u00e9diocrit\u00e9 de la race humaine. D\u2019essayer de devenir un \u00eatre sup\u00e9rieur \u00e0 celui qu\u2019on \u00e9tait la vieille. De pouvoir puiser au plus profond de soi ce qu\u2019il y a de plus secret et de plus sombre, afin d\u2019affronter la r\u00e9alit\u00e9. Tout cela participe du concept de transcendance, d\u2019o\u00f9 le nom de l\u2019album.<\/p>\n<p style=\"text-align: justify\"><strong>ANR\u00a0: Theraphosa pratique un metal d\u2019aujourd\u2019hui\u2026 Aurais-tu n\u00e9anmoins voulu vivre dans une p\u00e9riode musicale ant\u00e9rieure, et laquelle\u00a0?<\/strong><\/p>\n<p style=\"text-align: justify\"><strong>V : <\/strong>Il y en a plusieurs. Celle de la musique romantique, avec Beethoven et Chopin. Celle des ann\u00e9es soixante-dix, cela me fascine, j\u2019aurais vraiment aim\u00e9 voir ce c\u00f4t\u00e9 extr\u00eamement rock\u2019n\u2019roll de mes propres yeux.<\/p>\n<p style=\"text-align: justify\"><strong>ANR\u00a0: La musique des ann\u00e9es soixante-dix en r\u00e8gle g\u00e9n\u00e9rale, ou une sous-cat\u00e9gorie, un sous-genre\u00a0?<\/strong><\/p>\n<p style=\"text-align: justify\"><strong>V : <\/strong>Tout ce qui est rock, quand m\u00eame\u2026<\/p>\n<p style=\"text-align: justify\"><strong>ANR\u00a0: Rock d\u2019accord, mais quel sous-genre, c\u2019est large non\u00a0? Aurais-tu gravit\u00e9 dans la mouvance de Black Sabbath\u00a0?<\/strong><\/p>\n<p style=\"text-align: justify\"><strong>V : <\/strong>Pas n\u00e9cessairement Black Sabbath, plut\u00f4t Aerosmith. Ce genre de hard rock, un peu excentrique, un peu glam\u00a0!<\/p>\n<p style=\"text-align: justify\"><strong>ANR\u00a0: Dans quel autre groupe aurais-tu aim\u00e9 jouer\u00a0?<\/strong><\/p>\n<p style=\"text-align: justify\"><strong>V : <\/strong>Il en a plein\u00a0! J\u2019aurais bien aim\u00e9 jouer dans Ghost\u2026<\/p>\n<p style=\"text-align: justify\"><strong>ANR\u00a0: En tant que suppl\u00e9ant masqu\u00e9 ou en tant que Papa Emeritus\u00a0?<\/strong><\/p>\n<p style=\"text-align: justify\"><strong>V : <\/strong>En tant que suppl\u00e9ant masqu\u00e9, cela me va tr\u00e8s bien, \u00e0 la guitare. Meshuggah, j\u2019aurais ador\u00e9. Mayhem, j\u2019aurais ador\u00e9. Rammstein aussi, cela doit \u00eatre bien sympa\u00a0!<\/p>\n<p style=\"text-align: justify\"><strong>ANR\u00a0: Tu cites beaucoup de groupes diff\u00e9rents\u2026 Justement\u00a0: \u00e0 quel public Theraphosa\u00a0veut-il s\u2019adresser ?<\/strong><\/p>\n<p style=\"text-align: justify\"><strong>V : <\/strong>Honn\u00eatement, nous ne visons personne en particulier. Tant qu\u2019un individu trouve quelque chose dans notre musique, surtout s\u2019il est diff\u00e9rent de nous, cela nous ravit.<\/p>\n<p style=\"text-align: justify\"><strong>ANR\u00a0: Avez-vous d\u00e9j\u00e0 la suite \u00e0 l\u2019esprit\u00a0?<\/strong><\/p>\n<p style=\"text-align: justify\"><strong>V : <\/strong>J\u2019ai commenc\u00e9 \u00e0 r\u00e9fl\u00e9chir. Mais, pas de l\u00e0 \u00e0 avoir en t\u00eate le concept du prochain album.<\/p>\n<p style=\"text-align: justify\"><strong>ANR\u00a0: Comment te vois-tu ainsi que Theraphosa, id\u00e9alement, dans dix ans\u00a0?<\/strong><\/p>\n<p style=\"text-align: justify\"><strong>V : <\/strong>Id\u00e9alement\u00a0? Je r\u00eaverais de pouvoir jouer au Z\u00e9nith de Paris, c\u2019est mon r\u00eave absolu. Plus simplement, de pouvoir vivre de ma musique, mes acolytes et moi. Je souhaiterais \u00e9galement pouvoir composer pour le cin\u00e9ma, pour le jeu vid\u00e9o.<\/p>\n<p style=\"text-align: justify\"><strong>ANR\u00a0: A ce stade, quels enseignements retires-tu de cette exp\u00e9rience\u00a0?<\/strong><\/p>\n<p style=\"text-align: justify\"><strong>V : <\/strong>La premi\u00e8re chose, m\u00eame si cela peut para\u00eetre \u00ab bateau \u00bb, c\u2019est de ne jamais renoncer, de ne jamais l\u00e2cher l\u2019affaire, m\u00eame si c\u2019est extr\u00eamement difficile. La seconde, c\u2019est de s\u2019autoriser l\u2019\u00e9chec, car je trouve que notre soci\u00e9t\u00e9 stigmatise tr\u00e8s dangereusement l\u2019\u00e9chec et que c\u2019est contre-productif : au contraire l\u2019\u00e9chec, justement, nous aide \u00e0 devenir quelqu\u2019un de sup\u00e9rieur. Il faut savoir prendre des le\u00e7ons afin de pouvoir avancer. J\u2019ai retir\u00e9 de mes \u00e9checs un mental de guerrier.<\/p>\n<p style=\"text-align: justify\"><strong>ANR : Merci Vincent, je te souhaite le meilleur pour la suite, et \u00e0 bient\u00f4t j\u2019esp\u00e8re !<\/strong><\/p>\n","protected":false},"excerpt":{"rendered":"<p>Ayant adopt\u00e9 celui d\u2019un arachnide comme nom, Theraphosa est une formation francilienne appliqu\u00e9e et prometteuse, compos\u00e9e de deux fr\u00e8res et de leur symbiote (Vincent, Matthieu et Martin). Les nouveaux-venus ont publi\u00e9 leur premier album le 24 avril 2020 chez Season of Mist, \u00ab\u00a0Transcendence\u00a0\u00bb\u00a0: un remarquable concentr\u00e9 de metal sombre, c\u00e9r\u00e9bral et d\u00e9termin\u00e9. Entretien t\u00e9l\u00e9phonique du 11 mai 2020 avec Vincent, le fr\u00e8re chanteur et guitariste\u2026 Art\u2019N\u2019Roll : Salut\u00a0! Tout va bien\u00a0? Vincent (chant et guitare) : Tout va bien\u00a0! ANR\u00a0: Commen\u00e7ons, en \u00e9voquant votre figure de proue\u00a0: la theraphosa est la plus grande des araign\u00e9es vivantes\u2026 Lequel de vous a [&hellip;]<\/p>\n","protected":false},"author":23,"featured_media":20768,"comment_status":"open","ping_status":"closed","sticky":false,"template":"","format":"standard","meta":{"_mi_skip_tracking":false,"_monsterinsights_sitenote_active":false,"_monsterinsights_sitenote_note":"","_monsterinsights_sitenote_category":0,"footnotes":""},"categories":[3],"tags":[340],"class_list":["post-20764","post","type-post","status-publish","format-standard","has-post-thumbnail","hentry","category-interviews","tag-french-metal"],"yoast_head":"<!-- This site is optimized with the Yoast SEO plugin v23.9 - https:\/\/yoast.com\/wordpress\/plugins\/seo\/ -->\n<title>Interview avec Vincent de Theraphosa - Art&#039;n&#039;Roll Webzine<\/title>\n<meta name=\"description\" content=\"Theraphosa est une formation francilienne compos\u00e9e de deux fr\u00e8res et de leur symbiote (Vincent, Matthieu et Martin) qui a publi\u00e9 son premier album le 24 avril 2020, intitul\u00e9 \u00ab\u00a0Transcendence\u00a0\u00bb. Entretien avec Vincent, le chanteur et guitariste.\" \/>\n<meta name=\"robots\" content=\"index, follow, max-snippet:-1, max-image-preview:large, max-video-preview:-1\" \/>\n<link rel=\"canonical\" href=\"https:\/\/www.artnroll.net\/home\/?p=20764\" \/>\n<meta property=\"og:locale\" content=\"fr_FR\" \/>\n<meta property=\"og:type\" content=\"article\" \/>\n<meta property=\"og:title\" content=\"Interview avec Vincent de Theraphosa - Art&#039;n&#039;Roll Webzine\" \/>\n<meta property=\"og:description\" content=\"Theraphosa est une formation francilienne compos\u00e9e de deux fr\u00e8res et de leur symbiote (Vincent, Matthieu et Martin) qui a publi\u00e9 son premier album le 24 avril 2020, intitul\u00e9 \u00ab\u00a0Transcendence\u00a0\u00bb. Entretien avec Vincent, le chanteur et guitariste.\" \/>\n<meta property=\"og:url\" content=\"https:\/\/www.artnroll.net\/home\/?p=20764\" \/>\n<meta property=\"og:site_name\" content=\"Art&#039;n&#039;Roll Webzine\" \/>\n<meta property=\"article:publisher\" content=\"https:\/\/www.facebook.com\/artnroll.net\/\" \/>\n<meta property=\"article:published_time\" content=\"2020-05-21T11:26:45+00:00\" \/>\n<meta property=\"og:image\" content=\"https:\/\/www.artnroll.net\/home\/wp-content\/uploads\/2020\/05\/jj-e1590060296864.jpg\" \/>\n\t<meta property=\"og:image:width\" content=\"719\" \/>\n\t<meta property=\"og:image:height\" content=\"404\" \/>\n\t<meta property=\"og:image:type\" content=\"image\/jpeg\" \/>\n<meta name=\"author\" content=\"Romain\" \/>\n<meta name=\"twitter:label1\" content=\"\u00c9crit par\" \/>\n\t<meta name=\"twitter:data1\" content=\"Romain\" \/>\n\t<meta name=\"twitter:label2\" content=\"Dur\u00e9e de lecture estim\u00e9e\" \/>\n\t<meta name=\"twitter:data2\" content=\"11 minutes\" \/>\n<script type=\"application\/ld+json\" class=\"yoast-schema-graph\">{\"@context\":\"https:\/\/schema.org\",\"@graph\":[{\"@type\":\"WebPage\",\"@id\":\"https:\/\/www.artnroll.net\/home\/?p=20764\",\"url\":\"https:\/\/www.artnroll.net\/home\/?p=20764\",\"name\":\"Interview avec Vincent de Theraphosa - Art&#039;n&#039;Roll Webzine\",\"isPartOf\":{\"@id\":\"https:\/\/www.artnroll.net\/home\/#website\"},\"primaryImageOfPage\":{\"@id\":\"https:\/\/www.artnroll.net\/home\/?p=20764#primaryimage\"},\"image\":{\"@id\":\"https:\/\/www.artnroll.net\/home\/?p=20764#primaryimage\"},\"thumbnailUrl\":\"https:\/\/www.artnroll.net\/home\/wp-content\/uploads\/2020\/05\/jj-e1590060296864.jpg\",\"datePublished\":\"2020-05-21T11:26:45+00:00\",\"dateModified\":\"2020-05-21T11:26:45+00:00\",\"author\":{\"@id\":\"https:\/\/www.artnroll.net\/home\/#\/schema\/person\/dd31a92f656d4d0d87cc55b8d497c6a2\"},\"description\":\"Theraphosa est une formation francilienne compos\u00e9e de deux fr\u00e8res et de leur symbiote (Vincent, Matthieu et Martin) qui a publi\u00e9 son premier album le 24 avril 2020, intitul\u00e9 \u00ab\u00a0Transcendence\u00a0\u00bb. Entretien avec Vincent, le chanteur et guitariste.\",\"inLanguage\":\"fr-FR\",\"potentialAction\":[{\"@type\":\"ReadAction\",\"target\":[\"https:\/\/www.artnroll.net\/home\/?p=20764\"]}]},{\"@type\":\"ImageObject\",\"inLanguage\":\"fr-FR\",\"@id\":\"https:\/\/www.artnroll.net\/home\/?p=20764#primaryimage\",\"url\":\"https:\/\/www.artnroll.net\/home\/wp-content\/uploads\/2020\/05\/jj-e1590060296864.jpg\",\"contentUrl\":\"https:\/\/www.artnroll.net\/home\/wp-content\/uploads\/2020\/05\/jj-e1590060296864.jpg\",\"width\":719,\"height\":404},{\"@type\":\"WebSite\",\"@id\":\"https:\/\/www.artnroll.net\/home\/#website\",\"url\":\"https:\/\/www.artnroll.net\/home\/\",\"name\":\"Art&#039;n&#039;Roll Webzine\",\"description\":\"Webzine on the Rocks\",\"potentialAction\":[{\"@type\":\"SearchAction\",\"target\":{\"@type\":\"EntryPoint\",\"urlTemplate\":\"https:\/\/www.artnroll.net\/home\/?s={search_term_string}\"},\"query-input\":{\"@type\":\"PropertyValueSpecification\",\"valueRequired\":true,\"valueName\":\"search_term_string\"}}],\"inLanguage\":\"fr-FR\"},{\"@type\":\"Person\",\"@id\":\"https:\/\/www.artnroll.net\/home\/#\/schema\/person\/dd31a92f656d4d0d87cc55b8d497c6a2\",\"name\":\"Romain\",\"image\":{\"@type\":\"ImageObject\",\"inLanguage\":\"fr-FR\",\"@id\":\"https:\/\/www.artnroll.net\/home\/#\/schema\/person\/image\/\",\"url\":\"https:\/\/secure.gravatar.com\/avatar\/6994d129a9c6c36ee5e2a2183d81eabab0eabc04aa41aed280c11d1754b4855e?s=96&d=mm&r=g\",\"contentUrl\":\"https:\/\/secure.gravatar.com\/avatar\/6994d129a9c6c36ee5e2a2183d81eabab0eabc04aa41aed280c11d1754b4855e?s=96&d=mm&r=g\",\"caption\":\"Romain\"},\"url\":\"https:\/\/www.artnroll.net\/home\/?author=23\"}]}<\/script>\n<!-- \/ Yoast SEO plugin. -->","yoast_head_json":{"title":"Interview avec Vincent de Theraphosa - Art&#039;n&#039;Roll Webzine","description":"Theraphosa est une formation francilienne compos\u00e9e de deux fr\u00e8res et de leur symbiote (Vincent, Matthieu et Martin) qui a publi\u00e9 son premier album le 24 avril 2020, intitul\u00e9 \u00ab\u00a0Transcendence\u00a0\u00bb. Entretien avec Vincent, le chanteur et guitariste.","robots":{"index":"index","follow":"follow","max-snippet":"max-snippet:-1","max-image-preview":"max-image-preview:large","max-video-preview":"max-video-preview:-1"},"canonical":"https:\/\/www.artnroll.net\/home\/?p=20764","og_locale":"fr_FR","og_type":"article","og_title":"Interview avec Vincent de Theraphosa - Art&#039;n&#039;Roll Webzine","og_description":"Theraphosa est une formation francilienne compos\u00e9e de deux fr\u00e8res et de leur symbiote (Vincent, Matthieu et Martin) qui a publi\u00e9 son premier album le 24 avril 2020, intitul\u00e9 \u00ab\u00a0Transcendence\u00a0\u00bb. Entretien avec Vincent, le chanteur et guitariste.","og_url":"https:\/\/www.artnroll.net\/home\/?p=20764","og_site_name":"Art&#039;n&#039;Roll Webzine","article_publisher":"https:\/\/www.facebook.com\/artnroll.net\/","article_published_time":"2020-05-21T11:26:45+00:00","og_image":[{"width":719,"height":404,"url":"https:\/\/www.artnroll.net\/home\/wp-content\/uploads\/2020\/05\/jj-e1590060296864.jpg","type":"image\/jpeg"}],"author":"Romain","twitter_misc":{"\u00c9crit par":"Romain","Dur\u00e9e de lecture estim\u00e9e":"11 minutes"},"schema":{"@context":"https:\/\/schema.org","@graph":[{"@type":"WebPage","@id":"https:\/\/www.artnroll.net\/home\/?p=20764","url":"https:\/\/www.artnroll.net\/home\/?p=20764","name":"Interview avec Vincent de Theraphosa - Art&#039;n&#039;Roll Webzine","isPartOf":{"@id":"https:\/\/www.artnroll.net\/home\/#website"},"primaryImageOfPage":{"@id":"https:\/\/www.artnroll.net\/home\/?p=20764#primaryimage"},"image":{"@id":"https:\/\/www.artnroll.net\/home\/?p=20764#primaryimage"},"thumbnailUrl":"https:\/\/www.artnroll.net\/home\/wp-content\/uploads\/2020\/05\/jj-e1590060296864.jpg","datePublished":"2020-05-21T11:26:45+00:00","dateModified":"2020-05-21T11:26:45+00:00","author":{"@id":"https:\/\/www.artnroll.net\/home\/#\/schema\/person\/dd31a92f656d4d0d87cc55b8d497c6a2"},"description":"Theraphosa est une formation francilienne compos\u00e9e de deux fr\u00e8res et de leur symbiote (Vincent, Matthieu et Martin) qui a publi\u00e9 son premier album le 24 avril 2020, intitul\u00e9 \u00ab\u00a0Transcendence\u00a0\u00bb. Entretien avec Vincent, le chanteur et guitariste.","inLanguage":"fr-FR","potentialAction":[{"@type":"ReadAction","target":["https:\/\/www.artnroll.net\/home\/?p=20764"]}]},{"@type":"ImageObject","inLanguage":"fr-FR","@id":"https:\/\/www.artnroll.net\/home\/?p=20764#primaryimage","url":"https:\/\/www.artnroll.net\/home\/wp-content\/uploads\/2020\/05\/jj-e1590060296864.jpg","contentUrl":"https:\/\/www.artnroll.net\/home\/wp-content\/uploads\/2020\/05\/jj-e1590060296864.jpg","width":719,"height":404},{"@type":"WebSite","@id":"https:\/\/www.artnroll.net\/home\/#website","url":"https:\/\/www.artnroll.net\/home\/","name":"Art&#039;n&#039;Roll Webzine","description":"Webzine on the Rocks","potentialAction":[{"@type":"SearchAction","target":{"@type":"EntryPoint","urlTemplate":"https:\/\/www.artnroll.net\/home\/?s={search_term_string}"},"query-input":{"@type":"PropertyValueSpecification","valueRequired":true,"valueName":"search_term_string"}}],"inLanguage":"fr-FR"},{"@type":"Person","@id":"https:\/\/www.artnroll.net\/home\/#\/schema\/person\/dd31a92f656d4d0d87cc55b8d497c6a2","name":"Romain","image":{"@type":"ImageObject","inLanguage":"fr-FR","@id":"https:\/\/www.artnroll.net\/home\/#\/schema\/person\/image\/","url":"https:\/\/secure.gravatar.com\/avatar\/6994d129a9c6c36ee5e2a2183d81eabab0eabc04aa41aed280c11d1754b4855e?s=96&d=mm&r=g","contentUrl":"https:\/\/secure.gravatar.com\/avatar\/6994d129a9c6c36ee5e2a2183d81eabab0eabc04aa41aed280c11d1754b4855e?s=96&d=mm&r=g","caption":"Romain"},"url":"https:\/\/www.artnroll.net\/home\/?author=23"}]}},"_links":{"self":[{"href":"https:\/\/www.artnroll.net\/home\/index.php?rest_route=\/wp\/v2\/posts\/20764","targetHints":{"allow":["GET"]}}],"collection":[{"href":"https:\/\/www.artnroll.net\/home\/index.php?rest_route=\/wp\/v2\/posts"}],"about":[{"href":"https:\/\/www.artnroll.net\/home\/index.php?rest_route=\/wp\/v2\/types\/post"}],"author":[{"embeddable":true,"href":"https:\/\/www.artnroll.net\/home\/index.php?rest_route=\/wp\/v2\/users\/23"}],"replies":[{"embeddable":true,"href":"https:\/\/www.artnroll.net\/home\/index.php?rest_route=%2Fwp%2Fv2%2Fcomments&post=20764"}],"version-history":[{"count":1,"href":"https:\/\/www.artnroll.net\/home\/index.php?rest_route=\/wp\/v2\/posts\/20764\/revisions"}],"predecessor-version":[{"id":20767,"href":"https:\/\/www.artnroll.net\/home\/index.php?rest_route=\/wp\/v2\/posts\/20764\/revisions\/20767"}],"wp:featuredmedia":[{"embeddable":true,"href":"https:\/\/www.artnroll.net\/home\/index.php?rest_route=\/wp\/v2\/media\/20768"}],"wp:attachment":[{"href":"https:\/\/www.artnroll.net\/home\/index.php?rest_route=%2Fwp%2Fv2%2Fmedia&parent=20764"}],"wp:term":[{"taxonomy":"category","embeddable":true,"href":"https:\/\/www.artnroll.net\/home\/index.php?rest_route=%2Fwp%2Fv2%2Fcategories&post=20764"},{"taxonomy":"post_tag","embeddable":true,"href":"https:\/\/www.artnroll.net\/home\/index.php?rest_route=%2Fwp%2Fv2%2Ftags&post=20764"}],"curies":[{"name":"wp","href":"https:\/\/api.w.org\/{rel}","templated":true}]}}