{"id":19922,"date":"2020-01-10T13:49:28","date_gmt":"2020-01-10T12:49:28","guid":{"rendered":"http:\/\/www.artnroll.net\/home\/?p=19922"},"modified":"2020-01-28T18:16:18","modified_gmt":"2020-01-28T17:16:18","slug":"interview-avec-mikko-siren-dapocalyptica","status":"publish","type":"post","link":"https:\/\/www.artnroll.net\/home\/?p=19922","title":{"rendered":"Interview avec Mikko Sir\u00e9n d\u2019Apocalyptica"},"content":{"rendered":"<p style=\"text-align: justify;\">Il y a cinq ans d\u00e9j\u00e0, Art\u2019n\u2019Roll avait eu le plaisir de <a href=\"http:\/\/www.artnroll.net\/home\/?p=5813\">s\u2019entretenir avec Eicca Toppinen<\/a>, un des violoncellistes d\u2019<a href=\"https:\/\/www.apocalyptica.com\/\">Apocalyptica<\/a>, pour un ITW m\u00e9morable r\u00e9alis\u00e9 lors de la sortie de leur pr\u00e9c\u00e9dent enregistrement studio, \u00ab Shadowmaker \u00bb. Cette fois, c\u2019est avec le batteur Mikko Sir\u00e9n que les compteurs ont \u00e9t\u00e9 relev\u00e9s, en vue de la sortie le 10 janvier 2020 de \u00ab\u00a0Cell \u2013 0\u00a0\u00bb, le neuvi\u00e8me album des virtuoses Finlandais, un retour \u00e0 leurs sources artistiques\u2026 Et peut-\u00eatre le meilleur disque d&rsquo;Apocalyptica \u00e0 ce jour.<\/p>\n<p style=\"text-align: justify;\"><strong>\u00a0<\/strong><\/p>\n<p style=\"text-align: justify;\"><strong>Mikko Sir\u00e9n (Regardant le dossard \u00ab\u00a0Sabotage\u00a0\u00bb de Black Sabbath cousu sur la veste en jean de l\u2019interviewer)\u00a0: <\/strong>Wow\u00a0! Regarde-moi-\u00e7a\u00a0!!!<\/p>\n<p style=\"text-align: justify;\"><strong>Art\u2019N\u2019Roll\u00a0: Oui, j\u2019aime ce disque r\u00e9alis\u00e9 en 1975, tout comme moi\u2026<\/strong><\/p>\n<p style=\"text-align: justify;\"><strong>MS\u00a0: (Rires) <\/strong>Et tout comme moi-aussi\u00a0!<\/p>\n<p style=\"text-align: justify;\"><strong>ANR\u00a0: Commen\u00e7ons par votre actu\u2026 Vous avez jou\u00e9 chez vous \u00e0 Helsinki samedi dernier <\/strong><strong>(NDA\u00a0: entretien r\u00e9alis\u00e9 le 27 novembre 2019)<\/strong><strong>, en ultime date de votre tourn\u00e9e europ\u00e9enne, et en compagnie de Sabaton et d\u2019Amaranthe, dont un duo avec Elyze Ryd (NDA\u00a0: la chanteuse d\u2019Amaranthe) sur votre composition \u00ab\u00a0I Don\u2019t Care\u00a0\u00bb\u00a0: quel est votre ressenti\u00a0quatre jours apr\u00e8s ?<\/strong><\/p>\n<p style=\"text-align: justify;\"><strong>MS\u00a0: <\/strong>A mon avis c\u2019\u00e9tait parfait. C\u2019\u00e9tait complet et nous avons ressenti de bonnes vibrations \u00e9manant de tout le monde, du public comme des artistes. Cet \u00e9v\u00e9nement nous a permis de rompre la routine des concerts habituels, en compagnie de deux groupes de qualit\u00e9 en premi\u00e8re partie, puis Elyze est effectivement revenue sur sc\u00e8ne chanter avec nous pendant notre concert. Les liens avec ces deux formations sont forts\u00a0: nous allons d\u2019ailleurs repartir en tourn\u00e9e, en premi\u00e8re partie de Sabaton cette fois, en janvier 2020.<\/p>\n<p style=\"text-align: justify;\"><strong>ANR\u00a0: Comme vous pouvez le constater, il fait moche ici \u00e0 Paris\u2026 Quel temps fait-il \u00e0 Helsinki\u00a0?<\/strong><\/p>\n<p style=\"text-align: justify;\"><strong>MS\u00a0: <\/strong>Il fait noir sur la partie Sud du pays et nous avons de la neige. J\u2019appr\u00e9cie vraiment.<\/p>\n<p style=\"text-align: justify;\"><strong>ANR\u00a0: Autre consid\u00e9ration d\u2019actualit\u00e9\u00a0: hier soir, pendant le concert de Sepultura organis\u00e9 sp\u00e9cialement \u00e0 Paris pour cette annonce, le Hellfest a d\u00e9voil\u00e9 la liste des groupes et artistes qui participent \u00e0 l\u2019\u00e9dition 2020\u2026 Et il n\u2019y aura pas Apocalyptica\u2026<\/strong><\/p>\n<p style=\"text-align: justify;\"><strong>MS\u00a0: <\/strong>Doux J\u00e9sus<strong> (Rires) <\/strong>! Nous serons n\u00e9anmoins \u00e0 l\u2019affiche de plusieurs festivals au printemps, notamment en France, puis cet \u00e9t\u00e9. Mais nous nous concentrerons cette ann\u00e9e sur des repr\u00e9sentations donn\u00e9es principalement dans des clubs. Nous sortons d\u2019une tourn\u00e9e assez importante en termes d\u2019affluence, nous avons \u00e0 cette occasion enregistr\u00e9 un album Live <strong>(NDA\u00a0: \u00ab Plays Metallica by Four Cellos \u2013 A Live Performance \u00bb)<\/strong>, et il nous est apparu tr\u00e8s important d\u2019alterner entre la taille des sc\u00e8nes sur lesquelles nous jouons. Nous ferons la promotion de notre nouvel album en festivals \u00e0 l\u2019\u00e9t\u00e9 2021. Sinon, je garde un excellent souvenir de notre passage au Hellfest en juin 2017, il faisait tr\u00e8s chaud.<\/p>\n<p style=\"text-align: justify;\"><strong>ANR\u00a0: Votre pr\u00e9c\u00e9dent disque, \u00ab Shadowmaker \u00bb, avait pour sujet <\/strong><strong>les manipulateurs de tous poils qui pompent nos \u00e9nergies positives au quotidien\u00a0: A<\/strong><strong>pocalyptica sort son nouvel album le 10 janvier 2020, le neuvi\u00e8me en plus de vingt-quatre ans de carri\u00e8re, plus sobrement intitul\u00e9 \u00ab Cell \u2013 0 \u00bb, de quoi parle-t-il ?<\/strong><\/p>\n<p style=\"text-align: justify;\"><strong>MS\u00a0: <\/strong>D\u2019un retour vers l\u2019int\u00e9rieur, notamment vers le noyau de notre musique, le monde est fait de particules \u00e0 l\u2019image des rochers. La musique elle-aussi est constitu\u00e9e de petites choses, qui sont assembl\u00e9es et cr\u00e9ent alors des m\u00e9lodies. Nous \u00e9voquons \u00e9galement la compassion et l\u2019empathie, ces autres petites choses qui sont constitutives de la race humaine et de ses talents complexes. Selon nous, car le monde s\u2019emballe de plus en plus et devient fou, la violence est partout, la plan\u00e8te est en cours de destruction, et peu de personnes font vraiment quelque chose afin d\u2019y rem\u00e9dier. Le Monde a besoin de l\u2019empathie requise. Et f\u00e2cheusement, la race humaine d\u00e9pense beaucoup d\u2019\u00e9nergie pour casser cet \u00e9quilibre\u00a0: plus d\u2019argent, plus d\u2019innovations n\u00e9gatives alors qu\u2019elles devraient \u00eatre utiles.<\/p>\n<p style=\"text-align: justify;\"><strong>ANR : Ce retour \u00e0 la puret\u00e9 serait attest\u00e9e par le fait que \u00ab\u00a0Cell \u2013 0\u00a0\u00bb est un instrumental, contrairement \u00e0 \u00ab\u00a0Shadowmaker\u00a0\u00bb\u2026<\/strong><\/p>\n<p style=\"text-align: justify;\"><strong>MS : <\/strong>Effectivement, il n\u2019y a pas de chanteur cette fois. Cela provient du fait que nous avons tourn\u00e9 au cours des ann\u00e9es 2018 et 2019 \u00e0 travers le globe afin de jouer \u00ab Plays Metallica by Four Cellos \u00bb, qui est notre classique, et qui a f\u00eat\u00e9 ses vingt ans. Cela a constitu\u00e9 le point de d\u00e9part de ce retour aux sources conceptuelles. Surtout, nous avons constat\u00e9 avec plaisir \u00e0 quel point le public respectait cet album totalement instrumental, qui est la quintessence de notre style musical. De plus, cela faisait dix-sept ans que nous n\u2019avions pas enregistr\u00e9 de disque instrumental\u2026<\/p>\n<p style=\"text-align: justify;\"><strong>ANR : \u2026 La simplicit\u00e9 de la pochette de \u00ab Cell \u2013 0 \u00bb symbolise ce retour aux sources\u2026<\/strong><\/p>\n<p style=\"text-align: justify;\"><strong>MS\u00a0: <\/strong>\u2026 Forts de ces constats, nous nous sommes dit : enregistrons un disque sans chant avec, en effet, une pochette sombre ne montrant qu\u2019un unique violoncelle.<\/p>\n<p style=\"text-align: justify;\"><strong>ANR : \u00ab\u00a0Cell \u2013 0\u00a0\u00bb est produit par Apocalyptica, contrairement \u00e0 \u00ab\u00a0Shadowmaker\u00a0\u00bb qui \u00e9tait produit par Nick Raskulinecz\u2026<\/strong><\/p>\n<p style=\"text-align: justify;\"><strong>MS : <\/strong>Oui. Cette d\u00e9cision a \u00e9t\u00e9 tr\u00e8s importante pour nous\u00a0: le faire nous-m\u00eames, tel le groupe uni que nous sommes. Ce travail r\u00e9alis\u00e9 \u00e0 l\u2019unisson et sans producteur ext\u00e9rieur a notamment \u00e9t\u00e9 facilit\u00e9 par le caract\u00e8re instrumental de \u00ab\u00a0Cell \u2013 0\u00a0\u00bb. Apr\u00e8s toutes ces ann\u00e9es, pass\u00e9es \u00e0 apprendre et \u00e0 observer les divers intervenants en studio, nous savons d\u00e9sormais EXACTEMENT comment produire un disque. Nous ne souhaitions donc pas \u00eatre influenc\u00e9s dans la r\u00e9alisation de celui-ci par autrui\u00a0: le meilleur producteur de cet album ne pouvait \u00eatre qu\u2019Apocalyptica. Cela ne signifie pas que nous ne ferons plus jamais appel \u00e0 un producteur pour la suite, mais juste qu\u2019\u00e0 cet instant de notre carri\u00e8re et apr\u00e8s cette tourn\u00e9e mondiale, nous \u00e9tions tr\u00e8s forts mentalement, l\u2019\u00e9nergie \u00e0 l\u2019int\u00e9rieur du groupe \u00e9tait \u00e0 son pinacle.<\/p>\n<p style=\"text-align: justify;\"><strong>ANR\u00a0: Le Mix est sign\u00e9 par Andrew Scheps, lequel affiche un tableau de collaborations impressionnant (NDA\u00a0: Red Hot Chili Peppers, Jay-Z, Lana Del Rey, Metallica, Black Sabbath\u2026), peux-tu nous en dire plus\u00a0?<\/strong><\/p>\n<p style=\"text-align: justify;\"><strong>MS : <\/strong>Andrew Scheps a remport\u00e9 plusieurs Grammy Awards avec des artistes qui sont \u00e0 mille lieues de notre musique, cela nous a int\u00e9ress\u00e9, et nous nous \u00e9tions dit qu\u2019un jour nous devions collaborer avec lui. Son apport en tant qu\u2019ing\u00e9nieur du son a constitu\u00e9 une ind\u00e9niable valeur ajout\u00e9e \u00e0 \u00ab\u00a0Cell \u2013 0\u00a0\u00bb. Il a parfaitement saisi ce que nous voulions et s\u2019est int\u00e9gr\u00e9 \u00e0 l\u2019entreprise. La relation entre lui et nous lors de la phase de mixage du disque \u00e9tait brillante et synergique.<\/p>\n<p style=\"text-align: justify;\"><strong>ANR\u00a0: Comment l\u2019avez-vous rencontr\u00e9\u00a0?<\/strong><\/p>\n<p style=\"text-align: justify;\"><strong>MS\u00a0: <\/strong>Par courriels puis par Skype\u00a0: nous avons tout r\u00e9alis\u00e9 par Skype. Nous n\u2019avons pas pass\u00e9 un instant en studio avec lui pendant qu\u2019il proc\u00e9dait au mixage. Il habite \u00e0 Los Angeles, et \u00e0 cause du d\u00e9calage horaire, nous \u00e9coutions ses avanc\u00e9es vers trois heures du matin en Finlande, lui donnant en retour nos instructions afin qu\u2019il effectue les changements <strong>(Rires)<\/strong><\/p>\n<p style=\"text-align: justify;\"><strong>ANR\u00a0: Votre son est excellent\u2026<\/strong><\/p>\n<p style=\"text-align: justify;\"><strong>MS\u00a0: <\/strong>Oui\u2026 Oui\u2026 La technologie a ses bons c\u00f4t\u00e9s. Nous sommes heureux de ce qu\u2019Andrew Scheps nous a apport\u00e9\u2026 Un son brut anime \u00ab Cell \u2013 0 \u00bb.<\/p>\n<p style=\"text-align: justify;\"><strong>ANR\u00a0: La batterie est complexe, mais tr\u00e8s l\u00e9g\u00e8re, la caisse claire est omnipr\u00e9sente\u2026 Un peu comme la batterie de Danny Carey sur le dernier Tool\u2026<\/strong><\/p>\n<p style=\"text-align: justify;\"><strong>MS\u00a0: <\/strong>Ouais, ouais\u00a0! L\u2019id\u00e9e directrice pour ma part \u00e9tait de porter diff\u00e9rentes ambiances, souvent tr\u00e8s sombres, tr\u00e8s agressives. Les arrangements \u00e0 la batterie servent \u00e0 souligner chaque \u00e9motion\u00a0: quand le groupe joue de mani\u00e8re extr\u00eame, ma batterie est tout aussi extr\u00eame, lorsqu\u2019il joue de mani\u00e8re tendre, ma batterie est tout aussi tendre. Les violoncelles sont mis en avant et ma batterie doit les accompagner de mani\u00e8re organique.<\/p>\n<p style=\"text-align: justify;\"><strong>ANR\u00a0: Tu parles d\u2019agressivit\u00e9\u00a0: par moments, notamment sur \u00ab\u00a0Ashes of the Modern World\u00a0\u00bb\u00a0\u00bb, on ressent vaguement comme une ambiance black metal\u2026 <\/strong><\/p>\n<p style=\"text-align: justify;\"><strong>MS\u00a0: <\/strong>OUI, je vois ce que tu veux dire. Notamment sur son Outro. Je crois m\u00eame que le titre de travail de ce morceau \u00e9tait \u00ab\u00a0Norv\u00e8ge\u00a0\u00bb ou quelque chose du genre, tout simplement parce que la Norv\u00e8ge est le pays d\u2019origine du black metal. J\u2019aime beaucoup ce morceau parce qu\u2019il est compos\u00e9 de beaucoup d\u2019\u00e9l\u00e9ments diff\u00e9rents, notamment black metal, il est assez majestueux \u00e9galement\u2026<\/p>\n<p style=\"text-align: justify;\"><strong>ANR : \u2026 Ce morceau est fascinant\u00a0: il sonne comme une bande originale de film\u2026<\/strong><\/p>\n<p style=\"text-align: justify;\"><strong>MS\u00a0: <\/strong>L\u2019aspect visuel dans notre processus de cr\u00e9ation musicale est pr\u00e9dominant\u00a0: nous nous inspirons de films, mais aussi de peintures\u2026<\/p>\n<p style=\"text-align: justify;\"><strong>ANR\u00a0: Et il y a un morceau dont le titre est \u00e0 moiti\u00e9 en Fran\u00e7ais\u00a0: \u00ab\u00a0En route to Mayhem\u00a0\u00bb\u2026 Que cela signifie-t-il\u00a0? Il y aurait un rapport avec le c\u00e9l\u00e8bre groupe de Black Metal\u00a0?<\/strong><\/p>\n<p style=\"text-align: justify;\"><strong>MS\u00a0: (Rires) <\/strong>Non, il fait litt\u00e9ralement r\u00e9f\u00e9rence au mot \u00ab\u00a0Mayhem\u00a0\u00bb\u00a0: le d\u00e9sordre, le chaos\u2026 Nous nous sommes dit que le m\u00e9lange avec le Fran\u00e7ais \u00e9tait amusant. Ce morceau sonne comme une explosion, port\u00e9 par une v\u00e9ritable performance technique des violoncellistes, je pense que c\u2019est la partie la plus \u00ab\u00a0Metal\u00a0\u00bb de tout l\u2019album. Bombastic\u00a0!<\/p>\n<p style=\"text-align: justify;\"><strong>ANR\u00a0: Black metal toujours\u2026 Tu as vu le r\u00e9cent film \u00ab\u00a0Lords of Chaos\u00a0\u00bb\u00a0?<\/strong><\/p>\n<p style=\"text-align: justify;\"><strong>MS\u00a0:<\/strong> Heuuuuuuuuu\u2026.<\/p>\n<p style=\"text-align: justify;\"><strong>ANR\u00a0: Sur la vie d\u2019Euronymous, le guitariste de Mayhem\u2026.<\/strong><\/p>\n<p style=\"text-align: justify;\"><strong>MS\u00a0: <\/strong>D\u2019accord\u00a0!<\/p>\n<p style=\"text-align: justify;\"><strong>ANR\u00a0: \u2026 Et son assassinat par Varg Vikernes en 1993\u2026<\/strong><\/p>\n<p style=\"text-align: justify;\"><strong>MS\u00a0: <\/strong>D\u2019accord\u00a0!<\/p>\n<p style=\"text-align: justify;\"><strong>ANR\u00a0: Cela collerait, selon moi, avec votre morceau \u00ab\u00a0En route to Mayhem\u00a0\u00bb dont l\u2019ambiance est \u00e0 moiti\u00e9 cin\u00e9matographique, \u00e0 moiti\u00e9 black metal, et qui \u00e9voquerait le groupe Mayhem de surcro\u00eet\u2026<\/strong><\/p>\n<p style=\"text-align: justify;\"><strong>MS\u00a0: <\/strong>Non, je ne l\u2019ai pas vu. Mais justement et peut-\u00eatre \u00e0 cause de la sortie de ce Biopic, il y a eu r\u00e9cemment toute une avalanche de papiers sur le groupe Mayhem dans la presse Nordique, surtout \u00e0 propos de son pass\u00e9. Le Metal en r\u00e8gle g\u00e9n\u00e9rale, et le Black Metal en particulier, poss\u00e8dent une mythologie tr\u00e8s connect\u00e9e \u00e0 la nature, ce qui est tr\u00e8s familier au peuple Finlandais, c\u2019est un ph\u00e9nom\u00e8ne tr\u00e8s int\u00e9ressant.<\/p>\n<p style=\"text-align: justify;\"><strong>ANR\u00a0: Votre pr\u00e9c\u00e9dent disque, \u00ab Shadowmaker \u00bb, \u00e9tait \u00e9galement sorti en version \u00ab Track by Track Commentary \u00bb, avec des explications audios donn\u00e9es par les membres du groupe \u00e0 propos de chaque morceau\u00a0: allez-vous faire pareil pour \u00ab Cell \u2013 0 \u00bb ?<\/strong><\/p>\n<p style=\"text-align: justify;\"><strong>MS\u00a0: <\/strong>Nous avons \u00e9t\u00e9 film\u00e9s durant son enregistrement, afin de montrer son processus de r\u00e9alisation, et nous faisons effectivement des commentaires sur tel ou tel aspect ou d\u00e9tail de notre travail \u00e0 tel ou tel moment.<\/p>\n<p style=\"text-align: justify;\"><strong>ANR\u00a0: C\u2019est important pour Apocalyptica de transmettre et d\u2019apprendre \u00e0 son public\u00a0?<\/strong><\/p>\n<p style=\"text-align: justify;\"><strong>MS\u00a0: (Rires)<\/strong> Tu peux dire cela, oui\u00a0!<\/p>\n<p style=\"text-align: justify;\"><strong>ANR\u00a0: Depeche Mode a sorti \u00ab\u00a0Music for the Masses\u00a0\u00bb, vous ce serait plut\u00f4t \u00ab\u00a0Haute musique pour les masses\u00a0\u00bb\u2026<\/strong><\/p>\n<p style=\"text-align: justify;\"><strong>MS\u00a0: (Rires) <\/strong>Il est important pour nous de conserver le contact avec nos auditeurs.<\/p>\n<p style=\"text-align: justify;\"><strong>ANR : \u00ab\u00a0Cell \u2013 0\u00a0\u00bb va sortir en 33 tours\u2026 Vous qui avez d\u00e9but\u00e9 dans les ann\u00e9es 1990, \u00e0 une \u00e9poque o\u00f9 aucun disque ne sortait plus sous ce format, que pense Apocalyptica de ce grand retour du vinyle\u00a0?<\/strong><\/p>\n<p style=\"text-align: justify;\"><strong>MS : <\/strong>Je suis moi-m\u00eame un grand fan du son vinyle, donc je ne peux que me r\u00e9jouir de cette r\u00e9surgence. Comme on l\u2019a dit tout \u00e0 l\u2019heure, je suis n\u00e9 en 1975, donc c\u2019est avec cela que j\u2019ai grandi musicalement, ma m\u00e8re poss\u00e9dait une \u00e9norme collection de disques vinyles. J\u2019aime vraiment tout dans ce format, notamment le c\u00e9r\u00e9monial consistant \u00e0 sortir le disque de sa pochette, de poser le diamant dessus, de r\u00e9gler le son du tourne-disque, c\u2019est la meilleure fa\u00e7on d\u2019\u00e9couter une \u0153uvre musicale. Le compact-disque sonne mieux, bien s\u00fbr qu\u2019il sonne mieux, mais il ne poss\u00e8de pas l\u2019atmosph\u00e8re unique, la dimension physique et \u00e9motionnelle, d\u2019une \u00e9coute sur format vinyle. Comme je t\u2019ai dit, lorsque nous avons compos\u00e9 \u00ab\u00a0Cell \u2013 0\u00a0\u00bb nous avons privil\u00e9gi\u00e9 l\u2019aspect visuel de nos id\u00e9es, chaque chanson devant correspondre \u00e0 un tableau, ce qui ressort d\u2019autant mieux sur 33 tours.<\/p>\n<p style=\"text-align: justify;\"><strong>ANR : Si tu avais \u00e0 r\u00e9sumer \u00ab Cell \u2013 0 \u00bb en trois mots seulement, tu choisirais lesquels ?<\/strong><\/p>\n<p style=\"text-align: justify;\"><strong>MS : <\/strong>Oh J\u00e9sus Christ\u2026 <strong>(Rires)<\/strong> Je peux avoir droit \u00e0 cinq\u00a0?<\/p>\n<p style=\"text-align: justify;\"><strong>ANR\u00a0: Oui\u00a0!<\/strong><\/p>\n<p style=\"text-align: justify;\"><strong>MS\u00a0: <\/strong>Ce \u2013 qu\u2019Apocalyptica \u2013 est \u2013 en \u2013 2020.<\/p>\n<p style=\"text-align: justify;\"><strong>ANR : Et le 17 janvier 2020, \u00e0 Zurich, vous reprenez la route en compagnie des Su\u00e9dois de Sabaton, pour vingt-trois concerts dans quinze pays d\u2019Europe\u2026 En tourn\u00e9e, vous sacrifiez dor\u00e9navant \u00e0 l\u2019exercice du \u00ab\u00a0Meet &amp; Greet\u00a0\u00bb, la pratique g\u00e9n\u00e9ralis\u00e9e chez les groupes de Metal, qui consiste \u00e0 faire payer aux fans les plus motiv\u00e9s un suppl\u00e9ment afin de vous rencontrer avant le concert\u2026 <\/strong><\/p>\n<p style=\"text-align: justify;\"><strong>MS\u00a0: (Extr\u00eamement g\u00ean\u00e9)<\/strong><\/p>\n<p style=\"text-align: justify;\"><strong>ANR\u00a0: \u2026 Ce n\u2019est pas une question pol\u00e9mique\u00a0: connaissant la traditionnelle humilit\u00e9 nordique, que penses-tu du fait que des fans sont pr\u00eats \u00e0 verser de l\u2019argent uniquement pour te serrer la main et faire un selfie avec toi\u00a0?<\/strong><\/p>\n<p style=\"text-align: justify;\"><strong>MS\u00a0: <\/strong>J\u2019ai des sentiments contrast\u00e9s \u00e0 propos du Meet &amp; Greet. Parce que je sais que la possibilit\u00e9 de nous rencontrer avant le concert de l\u2019autre c\u00f4t\u00e9 du rideau est extr\u00eamement importante aux yeux de certaines personnes, la pratique me g\u00eane un peu, mais j\u2019ai conscience qu\u2019en serrant des mains et en leur disant quelques paroles, je sers mes fans. Certains, de plus, n\u2019auront pas l\u2019occasion de nous rencontrer d\u2019une autre mani\u00e8re. Je suis batteur, j\u2019aime \u00eatre en retrait derri\u00e8re mes f\u00fbts, je ne suis pas une Rock Star. C\u2019est n\u00e9anmoins une grande opportunit\u00e9 pour certains de nos fans de passer un excellent moment avec nous.<\/p>\n<p style=\"text-align: justify;\"><strong>ANR : Un avis sur la sc\u00e8ne Metal Finlandaise et son incroyable \u00e9volution depuis vingt-cinq ans, sc\u00e8ne dont vous \u00eates les pr\u00e9curseurs avec Nightwish ?<\/strong><\/p>\n<p style=\"text-align: justify;\"><strong>MS\u00a0<\/strong>: Nous n\u2019en sommes pas les pr\u00e9curseurs, il y en avait plusieurs bien avant nous, ils n\u2019ont toutefois pas connu de r\u00e9ussite \u00e0 l\u2019international. Amorphis, aussi, \u00e9tait l\u00e0 avant nous. La sc\u00e8ne Finlandaise est tr\u00e8s familiale, tout le monde se connait personnellement, notamment parce que nous r\u00e9p\u00e9tons dans les m\u00eames locaux. Cela cr\u00e9\u00e9 un esprit convivial et cr\u00e9atif. Cela me fait un peu penser \u00e0 la Bay Area de San Francisco dans les ann\u00e9es 1980. R\u00e9cemment, par exemple, j\u2019ai pr\u00eat\u00e9 mon mat\u00e9riel de batterie \u00e0 un jeune groupe qui allait enregistrer, ils jouent du Skate Punk.<\/p>\n<p style=\"text-align: justify;\"><strong>ANR\u00a0: Tu viens de parler de la Bay Area\u00a0: <\/strong><strong>ce n\u2019est un secret pour personne, Apocalyptica est le petit-fr\u00e8re \u00ab\u00a0classique\u00a0\u00bb de Metallica\u2026 <\/strong><strong>Avez-vous vu Metallica sur leur tourn\u00e9e europ\u00e9enne de 2019\u00a0?<\/strong><\/p>\n<p style=\"text-align: justify;\"><strong>MS\u00a0: <\/strong>Et non\u00a0! Pas sur cette tourn\u00e9e pour ma part. Mais Eicca les a vu. Et m\u2019a dit que c\u2019\u00e9tait super. Il les a \u00e9galement vu \u00e0 l\u2019occasion de leur concert symphonique \u00ab\u00a0S&amp;M 2\u00a0\u00bb, il s\u2019est rendu \u00e0 San Francisco en septembre dernier.<\/p>\n<p style=\"text-align: justify;\"><strong>ANR\u00a0: Avec \u00e9norm\u00e9ment de difficult\u00e9, lors de notre entretien d\u2019il y a cinq ans, Eicca nous avait finalement conc\u00e9d\u00e9 qu\u2019\u00ab Orion\u00a0\u00bb, l\u2019instrumental de Metallica paru en 1986 sur \u00ab\u00a0Master of Puppets\u00a0\u00bb, \u00e9tait son morceau pr\u00e9f\u00e9r\u00e9 du groupe\u2026 M\u00eame question difficile, afin de comparer\u00a0: et pour toi, ce serait lequel\u00a0?<\/strong><\/p>\n<p style=\"text-align: justify;\"><strong>MS\u00a0: <\/strong>Difficile\u00a0! \u00c9galement difficile pour moi\u00a0! Il y a une v\u00e9ritable diversit\u00e9 dans la production de Metallica, de \u00ab\u00a0Blackened\u00a0\u00bb \u00e0 \u00ab\u00a0Mama Said\u00a0\u00bb\u00a0! Cela d\u00e9pend de mon humeur\u00a0: tel jour, je privil\u00e9gierais tel morceau, tel autre le lendemain. C\u2019est ce qui fait la beaut\u00e9 ainsi que l\u2019exceptionnelle qualit\u00e9 de ce groupe. Ce sont d\u2019\u00e9poustouflants compositeurs et m\u00e9lodistes, avec des riffs merveilleux \u00e0 chaque album. Metallica poss\u00e8de une \u00e2me qui fait d\u00e9faut \u00e0 nombre de groupes de Metal.<\/p>\n<p style=\"text-align: justify;\"><strong>ANR\u00a0: Tu vois, c\u2019est ce qu\u2019Eicca m\u2019avait r\u00e9pondu il y a cinq ans\u2026<\/strong><\/p>\n<p style=\"text-align: justify;\"><strong>MS\u00a0: (Rires) <\/strong>Nous parlons ensemble de musique en continu depuis des ann\u00e9es, que nous en venons \u00e0 partager les m\u00eames analyses.<\/p>\n<p style=\"text-align: justify;\"><strong>ANR\u00a0: Il est midi, c\u2019est l\u2019heure du d\u00e9jeuner, je me souviens lors de notre pr\u00e9c\u00e9dente rencontre que vous d\u00e9gustiez des cr\u00e8mes glac\u00e9es vers seize heures de l\u2019apr\u00e8s-midi\u2026<\/strong><\/p>\n<p style=\"text-align: justify;\"><strong>MS\u00a0: (Rires) <\/strong>BERTHILLON\u00a0!!! Magnifique\u00a0: ce sont les meilleures glaces du Monde\u00a0!!!<\/p>\n<p style=\"text-align: justify;\"><strong>ANR\u00a0: Et aujourd\u2019hui, vous pr\u00e9voyez de manger quoi\u00a0?<\/strong><\/p>\n<p style=\"text-align: justify;\"><strong>MS\u00a0: <\/strong>Berthillon\u00a0! Je crois que nous allons nous y rendre dans la soir\u00e9e\u2026<\/p>\n<p style=\"text-align: justify;\"><strong>ANR\u00a0: Bon app\u2019 Apocalyptica\u00a0!<\/strong><\/p>\n","protected":false},"excerpt":{"rendered":"<p>Il y a cinq ans d\u00e9j\u00e0, Art\u2019n\u2019Roll avait eu le plaisir de s\u2019entretenir avec Eicca Toppinen, un des violoncellistes d\u2019Apocalyptica, pour un ITW m\u00e9morable r\u00e9alis\u00e9 lors de la sortie de leur pr\u00e9c\u00e9dent enregistrement studio, \u00ab Shadowmaker \u00bb. Cette fois, c\u2019est avec le batteur Mikko Sir\u00e9n que les compteurs ont \u00e9t\u00e9 relev\u00e9s, en vue de la sortie le 10 janvier 2020 de \u00ab\u00a0Cell \u2013 0\u00a0\u00bb, le neuvi\u00e8me album des virtuoses Finlandais, un retour \u00e0 leurs sources artistiques\u2026 Et peut-\u00eatre le meilleur disque d&rsquo;Apocalyptica \u00e0 ce jour. \u00a0 Mikko Sir\u00e9n (Regardant le dossard \u00ab\u00a0Sabotage\u00a0\u00bb de Black Sabbath cousu sur la veste en [&hellip;]<\/p>\n","protected":false},"author":23,"featured_media":19925,"comment_status":"open","ping_status":"closed","sticky":false,"template":"","format":"standard","meta":{"_mi_skip_tracking":false,"_monsterinsights_sitenote_active":false,"_monsterinsights_sitenote_note":"","_monsterinsights_sitenote_category":0,"footnotes":""},"categories":[3],"tags":[678],"class_list":["post-19922","post","type-post","status-publish","format-standard","has-post-thumbnail","hentry","category-interviews","tag-apocalyptica"],"yoast_head":"<!-- This site is optimized with the Yoast SEO plugin v23.9 - https:\/\/yoast.com\/wordpress\/plugins\/seo\/ -->\n<title>Interview avec Mikko Sir\u00e9n d\u2019Apocalyptica - Art&#039;n&#039;Roll Webzine<\/title>\n<meta name=\"description\" content=\"Art&#039;n Roll a rencontr\u00e9 Mikko Sir\u00e9n d\u2019Apocalyptica lors de leur passage \u00e0 Paris pour la promo de leur nouvel album \u00ab\u00a0Cell \u2013 0\u00a0\u00bb\" \/>\n<meta name=\"robots\" content=\"index, follow, max-snippet:-1, max-image-preview:large, max-video-preview:-1\" \/>\n<link rel=\"canonical\" href=\"https:\/\/www.artnroll.net\/home\/?p=19922\" \/>\n<meta property=\"og:locale\" content=\"fr_FR\" \/>\n<meta property=\"og:type\" content=\"article\" \/>\n<meta property=\"og:title\" content=\"Interview avec Mikko Sir\u00e9n d\u2019Apocalyptica - Art&#039;n&#039;Roll Webzine\" \/>\n<meta property=\"og:description\" content=\"Art&#039;n Roll a rencontr\u00e9 Mikko Sir\u00e9n d\u2019Apocalyptica lors de leur passage \u00e0 Paris pour la promo de leur nouvel album \u00ab\u00a0Cell \u2013 0\u00a0\u00bb\" \/>\n<meta property=\"og:url\" content=\"https:\/\/www.artnroll.net\/home\/?p=19922\" \/>\n<meta property=\"og:site_name\" content=\"Art&#039;n&#039;Roll Webzine\" \/>\n<meta property=\"article:publisher\" content=\"https:\/\/www.facebook.com\/artnroll.net\/\" \/>\n<meta property=\"article:published_time\" content=\"2020-01-10T12:49:28+00:00\" \/>\n<meta property=\"article:modified_time\" content=\"2020-01-28T17:16:18+00:00\" \/>\n<meta property=\"og:image\" content=\"https:\/\/www.artnroll.net\/home\/wp-content\/uploads\/2020\/01\/image0_47300200_1574337456-600x401.jpg\" \/>\n\t<meta property=\"og:image:width\" content=\"600\" \/>\n\t<meta property=\"og:image:height\" content=\"401\" \/>\n\t<meta property=\"og:image:type\" content=\"image\/jpeg\" \/>\n<meta name=\"author\" content=\"Romain\" \/>\n<meta name=\"twitter:label1\" content=\"\u00c9crit par\" \/>\n\t<meta name=\"twitter:data1\" content=\"Romain\" \/>\n\t<meta name=\"twitter:label2\" content=\"Dur\u00e9e de lecture estim\u00e9e\" \/>\n\t<meta name=\"twitter:data2\" content=\"14 minutes\" \/>\n<script type=\"application\/ld+json\" class=\"yoast-schema-graph\">{\"@context\":\"https:\/\/schema.org\",\"@graph\":[{\"@type\":\"WebPage\",\"@id\":\"https:\/\/www.artnroll.net\/home\/?p=19922\",\"url\":\"https:\/\/www.artnroll.net\/home\/?p=19922\",\"name\":\"Interview avec Mikko Sir\u00e9n d\u2019Apocalyptica - Art&#039;n&#039;Roll Webzine\",\"isPartOf\":{\"@id\":\"https:\/\/www.artnroll.net\/home\/#website\"},\"primaryImageOfPage\":{\"@id\":\"https:\/\/www.artnroll.net\/home\/?p=19922#primaryimage\"},\"image\":{\"@id\":\"https:\/\/www.artnroll.net\/home\/?p=19922#primaryimage\"},\"thumbnailUrl\":\"https:\/\/www.artnroll.net\/home\/wp-content\/uploads\/2020\/01\/image0_47300200_1574337456-scaled.jpg\",\"datePublished\":\"2020-01-10T12:49:28+00:00\",\"dateModified\":\"2020-01-28T17:16:18+00:00\",\"author\":{\"@id\":\"https:\/\/www.artnroll.net\/home\/#\/schema\/person\/dd31a92f656d4d0d87cc55b8d497c6a2\"},\"description\":\"Art'n Roll a rencontr\u00e9 Mikko Sir\u00e9n d\u2019Apocalyptica lors de leur passage \u00e0 Paris pour la promo de leur nouvel album \u00ab\u00a0Cell \u2013 0\u00a0\u00bb\",\"inLanguage\":\"fr-FR\",\"potentialAction\":[{\"@type\":\"ReadAction\",\"target\":[\"https:\/\/www.artnroll.net\/home\/?p=19922\"]}]},{\"@type\":\"ImageObject\",\"inLanguage\":\"fr-FR\",\"@id\":\"https:\/\/www.artnroll.net\/home\/?p=19922#primaryimage\",\"url\":\"https:\/\/www.artnroll.net\/home\/wp-content\/uploads\/2020\/01\/image0_47300200_1574337456-scaled.jpg\",\"contentUrl\":\"https:\/\/www.artnroll.net\/home\/wp-content\/uploads\/2020\/01\/image0_47300200_1574337456-scaled.jpg\",\"width\":2560,\"height\":1710},{\"@type\":\"WebSite\",\"@id\":\"https:\/\/www.artnroll.net\/home\/#website\",\"url\":\"https:\/\/www.artnroll.net\/home\/\",\"name\":\"Art&#039;n&#039;Roll Webzine\",\"description\":\"Webzine on the Rocks\",\"potentialAction\":[{\"@type\":\"SearchAction\",\"target\":{\"@type\":\"EntryPoint\",\"urlTemplate\":\"https:\/\/www.artnroll.net\/home\/?s={search_term_string}\"},\"query-input\":{\"@type\":\"PropertyValueSpecification\",\"valueRequired\":true,\"valueName\":\"search_term_string\"}}],\"inLanguage\":\"fr-FR\"},{\"@type\":\"Person\",\"@id\":\"https:\/\/www.artnroll.net\/home\/#\/schema\/person\/dd31a92f656d4d0d87cc55b8d497c6a2\",\"name\":\"Romain\",\"image\":{\"@type\":\"ImageObject\",\"inLanguage\":\"fr-FR\",\"@id\":\"https:\/\/www.artnroll.net\/home\/#\/schema\/person\/image\/\",\"url\":\"https:\/\/secure.gravatar.com\/avatar\/6994d129a9c6c36ee5e2a2183d81eabab0eabc04aa41aed280c11d1754b4855e?s=96&d=mm&r=g\",\"contentUrl\":\"https:\/\/secure.gravatar.com\/avatar\/6994d129a9c6c36ee5e2a2183d81eabab0eabc04aa41aed280c11d1754b4855e?s=96&d=mm&r=g\",\"caption\":\"Romain\"},\"url\":\"https:\/\/www.artnroll.net\/home\/?author=23\"}]}<\/script>\n<!-- \/ Yoast SEO plugin. -->","yoast_head_json":{"title":"Interview avec Mikko Sir\u00e9n d\u2019Apocalyptica - Art&#039;n&#039;Roll Webzine","description":"Art'n Roll a rencontr\u00e9 Mikko Sir\u00e9n d\u2019Apocalyptica lors de leur passage \u00e0 Paris pour la promo de leur nouvel album \u00ab\u00a0Cell \u2013 0\u00a0\u00bb","robots":{"index":"index","follow":"follow","max-snippet":"max-snippet:-1","max-image-preview":"max-image-preview:large","max-video-preview":"max-video-preview:-1"},"canonical":"https:\/\/www.artnroll.net\/home\/?p=19922","og_locale":"fr_FR","og_type":"article","og_title":"Interview avec Mikko Sir\u00e9n d\u2019Apocalyptica - Art&#039;n&#039;Roll Webzine","og_description":"Art'n Roll a rencontr\u00e9 Mikko Sir\u00e9n d\u2019Apocalyptica lors de leur passage \u00e0 Paris pour la promo de leur nouvel album \u00ab\u00a0Cell \u2013 0\u00a0\u00bb","og_url":"https:\/\/www.artnroll.net\/home\/?p=19922","og_site_name":"Art&#039;n&#039;Roll Webzine","article_publisher":"https:\/\/www.facebook.com\/artnroll.net\/","article_published_time":"2020-01-10T12:49:28+00:00","article_modified_time":"2020-01-28T17:16:18+00:00","og_image":[{"width":600,"height":401,"url":"https:\/\/www.artnroll.net\/home\/wp-content\/uploads\/2020\/01\/image0_47300200_1574337456-600x401.jpg","type":"image\/jpeg"}],"author":"Romain","twitter_misc":{"\u00c9crit par":"Romain","Dur\u00e9e de lecture estim\u00e9e":"14 minutes"},"schema":{"@context":"https:\/\/schema.org","@graph":[{"@type":"WebPage","@id":"https:\/\/www.artnroll.net\/home\/?p=19922","url":"https:\/\/www.artnroll.net\/home\/?p=19922","name":"Interview avec Mikko Sir\u00e9n d\u2019Apocalyptica - Art&#039;n&#039;Roll Webzine","isPartOf":{"@id":"https:\/\/www.artnroll.net\/home\/#website"},"primaryImageOfPage":{"@id":"https:\/\/www.artnroll.net\/home\/?p=19922#primaryimage"},"image":{"@id":"https:\/\/www.artnroll.net\/home\/?p=19922#primaryimage"},"thumbnailUrl":"https:\/\/www.artnroll.net\/home\/wp-content\/uploads\/2020\/01\/image0_47300200_1574337456-scaled.jpg","datePublished":"2020-01-10T12:49:28+00:00","dateModified":"2020-01-28T17:16:18+00:00","author":{"@id":"https:\/\/www.artnroll.net\/home\/#\/schema\/person\/dd31a92f656d4d0d87cc55b8d497c6a2"},"description":"Art'n Roll a rencontr\u00e9 Mikko Sir\u00e9n d\u2019Apocalyptica lors de leur passage \u00e0 Paris pour la promo de leur nouvel album \u00ab\u00a0Cell \u2013 0\u00a0\u00bb","inLanguage":"fr-FR","potentialAction":[{"@type":"ReadAction","target":["https:\/\/www.artnroll.net\/home\/?p=19922"]}]},{"@type":"ImageObject","inLanguage":"fr-FR","@id":"https:\/\/www.artnroll.net\/home\/?p=19922#primaryimage","url":"https:\/\/www.artnroll.net\/home\/wp-content\/uploads\/2020\/01\/image0_47300200_1574337456-scaled.jpg","contentUrl":"https:\/\/www.artnroll.net\/home\/wp-content\/uploads\/2020\/01\/image0_47300200_1574337456-scaled.jpg","width":2560,"height":1710},{"@type":"WebSite","@id":"https:\/\/www.artnroll.net\/home\/#website","url":"https:\/\/www.artnroll.net\/home\/","name":"Art&#039;n&#039;Roll Webzine","description":"Webzine on the Rocks","potentialAction":[{"@type":"SearchAction","target":{"@type":"EntryPoint","urlTemplate":"https:\/\/www.artnroll.net\/home\/?s={search_term_string}"},"query-input":{"@type":"PropertyValueSpecification","valueRequired":true,"valueName":"search_term_string"}}],"inLanguage":"fr-FR"},{"@type":"Person","@id":"https:\/\/www.artnroll.net\/home\/#\/schema\/person\/dd31a92f656d4d0d87cc55b8d497c6a2","name":"Romain","image":{"@type":"ImageObject","inLanguage":"fr-FR","@id":"https:\/\/www.artnroll.net\/home\/#\/schema\/person\/image\/","url":"https:\/\/secure.gravatar.com\/avatar\/6994d129a9c6c36ee5e2a2183d81eabab0eabc04aa41aed280c11d1754b4855e?s=96&d=mm&r=g","contentUrl":"https:\/\/secure.gravatar.com\/avatar\/6994d129a9c6c36ee5e2a2183d81eabab0eabc04aa41aed280c11d1754b4855e?s=96&d=mm&r=g","caption":"Romain"},"url":"https:\/\/www.artnroll.net\/home\/?author=23"}]}},"_links":{"self":[{"href":"https:\/\/www.artnroll.net\/home\/index.php?rest_route=\/wp\/v2\/posts\/19922","targetHints":{"allow":["GET"]}}],"collection":[{"href":"https:\/\/www.artnroll.net\/home\/index.php?rest_route=\/wp\/v2\/posts"}],"about":[{"href":"https:\/\/www.artnroll.net\/home\/index.php?rest_route=\/wp\/v2\/types\/post"}],"author":[{"embeddable":true,"href":"https:\/\/www.artnroll.net\/home\/index.php?rest_route=\/wp\/v2\/users\/23"}],"replies":[{"embeddable":true,"href":"https:\/\/www.artnroll.net\/home\/index.php?rest_route=%2Fwp%2Fv2%2Fcomments&post=19922"}],"version-history":[{"count":3,"href":"https:\/\/www.artnroll.net\/home\/index.php?rest_route=\/wp\/v2\/posts\/19922\/revisions"}],"predecessor-version":[{"id":19992,"href":"https:\/\/www.artnroll.net\/home\/index.php?rest_route=\/wp\/v2\/posts\/19922\/revisions\/19992"}],"wp:featuredmedia":[{"embeddable":true,"href":"https:\/\/www.artnroll.net\/home\/index.php?rest_route=\/wp\/v2\/media\/19925"}],"wp:attachment":[{"href":"https:\/\/www.artnroll.net\/home\/index.php?rest_route=%2Fwp%2Fv2%2Fmedia&parent=19922"}],"wp:term":[{"taxonomy":"category","embeddable":true,"href":"https:\/\/www.artnroll.net\/home\/index.php?rest_route=%2Fwp%2Fv2%2Fcategories&post=19922"},{"taxonomy":"post_tag","embeddable":true,"href":"https:\/\/www.artnroll.net\/home\/index.php?rest_route=%2Fwp%2Fv2%2Ftags&post=19922"}],"curies":[{"name":"wp","href":"https:\/\/api.w.org\/{rel}","templated":true}]}}