{"id":18673,"date":"2019-08-26T11:23:31","date_gmt":"2019-08-26T09:23:31","guid":{"rendered":"http:\/\/www.artnroll.net\/home\/?p=18673"},"modified":"2019-08-27T22:56:42","modified_gmt":"2019-08-27T20:56:42","slug":"motocultor-2019-jour-1","status":"publish","type":"post","link":"https:\/\/www.artnroll.net\/home\/?p=18673","title":{"rendered":"Motocultor 2019 Jour 1"},"content":{"rendered":"<p>[vc_row][vc_column][vc_column_text]Cette ann\u00e9e Art N Roll a d\u00e9p\u00each\u00e9 pas moins de 4 journalistes et photographe sur les terres bretonnes pour te faire revivre cette \u00e9dition 2019 du Motocultor.<\/p>\n<p>Pour la premi\u00e8re fois dans l\u2019histoire du festival, nous avons droit \u00e0 une journ\u00e9e suppl\u00e9mentaire le jeudi. Il faut dire que ce jour f\u00e9ri\u00e9 de l\u2019Assomption tombe bien. L\u2019ouverture des portes vers 16 heures permet de profiter du petit festival m\u00e9di\u00e9val qui fait la particularit\u00e9 de cette \u00e9dition du festival.<\/p>\n<p>L\u2019ouverture se fait comme il se doit avec le n\u00e9ofolk dynamique des Allemands de <strong>Corvus Corax<\/strong>, qui captive rapidement le public sur la Massey Ferguscene.<\/p>\n<p><img loading=\"lazy\" decoding=\"async\" class=\"size-large wp-image-18716 aligncenter\" src=\"http:\/\/www.artnroll.net\/home\/wp-content\/uploads\/2019\/08\/Motocultor2019_Jeudi_Corvus-Corax-7245-600x400.jpg\" alt=\"\" width=\"600\" height=\"400\" srcset=\"https:\/\/www.artnroll.net\/home\/wp-content\/uploads\/2019\/08\/Motocultor2019_Jeudi_Corvus-Corax-7245-600x400.jpg 600w, https:\/\/www.artnroll.net\/home\/wp-content\/uploads\/2019\/08\/Motocultor2019_Jeudi_Corvus-Corax-7245-300x200.jpg 300w, https:\/\/www.artnroll.net\/home\/wp-content\/uploads\/2019\/08\/Motocultor2019_Jeudi_Corvus-Corax-7245-768x512.jpg 768w, https:\/\/www.artnroll.net\/home\/wp-content\/uploads\/2019\/08\/Motocultor2019_Jeudi_Corvus-Corax-7245.jpg 1200w\" sizes=\"auto, (max-width: 600px) 100vw, 600px\" \/>Sous l\u2019autre chapiteau abritant la <em>main stage<\/em>, une immense avanc\u00e9e laisse penser que nous aurons bient\u00f4t droit \u00e0 l\u2019op\u00e9ra rock Excalibur. Dommage pour <strong>Stille Volk<\/strong>, qui doivent s\u2019arranger avec une grande piste, qui les \u00e9loigne du public. Peu importe, le groupe, qui n\u2019a plus foul\u00e9 la sc\u00e8ne du Motocultor depuis 2012, offre un show carr\u00e9 et le dernier album Milharis fra\u00eechement sorti cet \u00e9t\u00e9 et son titre \u00e9ponyme ainsi que le tr\u00e8s beau \u00ab Parmi les Monts oubli\u00e9s \u00bb d\u00e9montre la ma\u00eetrise de ces troubadours modernes.<\/p>\n<p><img loading=\"lazy\" decoding=\"async\" class=\"size-large wp-image-18723 aligncenter\" src=\"http:\/\/www.artnroll.net\/home\/wp-content\/uploads\/2019\/08\/Motocultor2019_Jeudi_Stille-Volk-7317-600x400.jpg\" alt=\"\" width=\"600\" height=\"400\" srcset=\"https:\/\/www.artnroll.net\/home\/wp-content\/uploads\/2019\/08\/Motocultor2019_Jeudi_Stille-Volk-7317-600x400.jpg 600w, https:\/\/www.artnroll.net\/home\/wp-content\/uploads\/2019\/08\/Motocultor2019_Jeudi_Stille-Volk-7317-300x200.jpg 300w, https:\/\/www.artnroll.net\/home\/wp-content\/uploads\/2019\/08\/Motocultor2019_Jeudi_Stille-Volk-7317-768x512.jpg 768w, https:\/\/www.artnroll.net\/home\/wp-content\/uploads\/2019\/08\/Motocultor2019_Jeudi_Stille-Volk-7317.jpg 1200w\" sizes=\"auto, (max-width: 600px) 100vw, 600px\" \/>Une des sp\u00e9cificit\u00e9s du festival Breton est de toujours proposer une affiche \u00e9clectique et forc\u00e9ment surprenante. Pouvoir assister \u00e0 un show d\u2019<strong>Alan Stivell<\/strong>, le p\u00e8re du renouveau de la musique celtique fran\u00e7aise, est d\u00e9j\u00e0 une chance en soi. En effet, avec ses 75 ans, l\u2019entendre entonner le c\u00e9l\u00e8bre \u00ab\u00a0Tri martolod\u00a0\u00bb et bien d\u2019autres grands classiques est un \u00e9v\u00e9nement rare qui m\u00e9rite le respect. Le show de ce soir d\u00e9montre que la musique conserve la vigueur de la jeunesse\u00a0!<\/p>\n<p><img loading=\"lazy\" decoding=\"async\" class=\"size-large wp-image-18714 aligncenter\" src=\"http:\/\/www.artnroll.net\/home\/wp-content\/uploads\/2019\/08\/Motocultor2019_Jeudi_Alan-Stivell-7408-600x400.jpg\" alt=\"\" width=\"600\" height=\"400\" srcset=\"https:\/\/www.artnroll.net\/home\/wp-content\/uploads\/2019\/08\/Motocultor2019_Jeudi_Alan-Stivell-7408-600x400.jpg 600w, https:\/\/www.artnroll.net\/home\/wp-content\/uploads\/2019\/08\/Motocultor2019_Jeudi_Alan-Stivell-7408-300x200.jpg 300w, https:\/\/www.artnroll.net\/home\/wp-content\/uploads\/2019\/08\/Motocultor2019_Jeudi_Alan-Stivell-7408-768x512.jpg 768w, https:\/\/www.artnroll.net\/home\/wp-content\/uploads\/2019\/08\/Motocultor2019_Jeudi_Alan-Stivell-7408.jpg 1200w\" sizes=\"auto, (max-width: 600px) 100vw, 600px\" \/>Le choix de programmer un op\u00e9ra rock qui f\u00eate ses vingt ans en direct, avec deux bretonnes apportant le g\u00e2teau traditionnel pendant que le biniou et la foule entament l\u2019air c\u00e9l\u00e8bre de \u00ab\u00a0joyeux anniversaire\u00a0\u00bb honore l\u2019ouverture d\u2019esprit du Motocultor. Des remerciements officiels sont d\u2019ailleurs adress\u00e9s \u00e0 <strong>Yann Le Baraillec<\/strong>, le fondateur et dirigeant du festival, qui monte sur sc\u00e8ne.<\/p>\n<p><img loading=\"lazy\" decoding=\"async\" class=\"size-large wp-image-18720 aligncenter\" src=\"http:\/\/www.artnroll.net\/home\/wp-content\/uploads\/2019\/08\/Motocultor2019_Jeudi_Excalibur-7422-600x400.jpg\" alt=\"\" width=\"600\" height=\"400\" srcset=\"https:\/\/www.artnroll.net\/home\/wp-content\/uploads\/2019\/08\/Motocultor2019_Jeudi_Excalibur-7422-600x400.jpg 600w, https:\/\/www.artnroll.net\/home\/wp-content\/uploads\/2019\/08\/Motocultor2019_Jeudi_Excalibur-7422-300x200.jpg 300w, https:\/\/www.artnroll.net\/home\/wp-content\/uploads\/2019\/08\/Motocultor2019_Jeudi_Excalibur-7422-768x512.jpg 768w, https:\/\/www.artnroll.net\/home\/wp-content\/uploads\/2019\/08\/Motocultor2019_Jeudi_Excalibur-7422.jpg 1200w\" sizes=\"auto, (max-width: 600px) 100vw, 600px\" \/>Ce show sp\u00e9cial anniversaire d\u2019<strong>Excalibur<\/strong> draine un certain public captiv\u00e9 par le spectacle digne d\u2019une grande production, avec du feu, de multiples interpr\u00e8tes et bon nombre d\u2019invit\u00e9s. Que dire si ce n\u2019est qu\u2019un tel spectacle reste unique, avec une seconde partie revenant aux origines. Les nombreuses d\u00e9clamations entre les parties musicales plairont aux amateurs. Quoiqu\u2019il en soit, il faut avouer que les moyens ont \u00e9t\u00e9 mis pour que la soir\u00e9e soit une parfaite r\u00e9ussite.<\/p>\n<p><img loading=\"lazy\" decoding=\"async\" class=\"size-large wp-image-18721 aligncenter\" src=\"http:\/\/www.artnroll.net\/home\/wp-content\/uploads\/2019\/08\/Motocultor2019_Jeudi_Excalibur-7433-600x573.jpg\" alt=\"\" width=\"600\" height=\"573\" srcset=\"https:\/\/www.artnroll.net\/home\/wp-content\/uploads\/2019\/08\/Motocultor2019_Jeudi_Excalibur-7433-600x573.jpg 600w, https:\/\/www.artnroll.net\/home\/wp-content\/uploads\/2019\/08\/Motocultor2019_Jeudi_Excalibur-7433-300x286.jpg 300w, https:\/\/www.artnroll.net\/home\/wp-content\/uploads\/2019\/08\/Motocultor2019_Jeudi_Excalibur-7433-768x733.jpg 768w, https:\/\/www.artnroll.net\/home\/wp-content\/uploads\/2019\/08\/Motocultor2019_Jeudi_Excalibur-7433.jpg 1048w\" sizes=\"auto, (max-width: 600px) 100vw, 600px\" \/>Pour les plus metalleux des festivaliers, il y a en parall\u00e8le bon nombre de concerts sur la sc\u00e8ne du camping dont par exemple <strong>Mars Red Sky<\/strong> qui joueront \u00e9galement le lendemain sur la grande sc\u00e8ne, apr\u00e8s une courte nuit.<\/p>\n<p>Pour conclure cette premi\u00e8re journ\u00e9e in\u00e9dite, <strong>Eluveitie <\/strong>viendra pour mettre tout le monde d\u2019accord. Une parfaite transition en le folk, le celtique et le rock, vers le monde du metal.<\/p>\n<p><img loading=\"lazy\" decoding=\"async\" class=\"size-large wp-image-18719 aligncenter\" src=\"http:\/\/www.artnroll.net\/home\/wp-content\/uploads\/2019\/08\/Motocultor2019_Jeudi_Eluveitie-7565-600x390.jpg\" alt=\"\" width=\"600\" height=\"390\" srcset=\"https:\/\/www.artnroll.net\/home\/wp-content\/uploads\/2019\/08\/Motocultor2019_Jeudi_Eluveitie-7565-600x390.jpg 600w, https:\/\/www.artnroll.net\/home\/wp-content\/uploads\/2019\/08\/Motocultor2019_Jeudi_Eluveitie-7565-300x195.jpg 300w, https:\/\/www.artnroll.net\/home\/wp-content\/uploads\/2019\/08\/Motocultor2019_Jeudi_Eluveitie-7565-768x499.jpg 768w, https:\/\/www.artnroll.net\/home\/wp-content\/uploads\/2019\/08\/Motocultor2019_Jeudi_Eluveitie-7565.jpg 1199w\" sizes=\"auto, (max-width: 600px) 100vw, 600px\" \/>Ce groupe, grand habitu\u00e9 de Saint Nolff pour y venir quasiment chaque ann\u00e9e, a un show r\u00f4d\u00e9, efficace, p\u00eachu, d\u00e9monstratif, flamboyant\u00a0! <strong>Eluveitie<\/strong> forme une machine digne de l\u2019horlogerie suisse. On peut ne pas appr\u00e9cier leur c\u00f4t\u00e9 trop parfait, certains diront trop commercial, mais on ne peut pas s\u2019emp\u00eacher d\u2019\u00eatre admiratif devant le show. Et avouons-le, pouvoir entendre le m\u00eame soir \u00ab Tri martolod \u00bb en V.O. par <strong>Alan Stivell<\/strong> et terminer quelques heures plus tard sur sa superbe reprise en mode folk metal \u00ab\u00a0Inis Mona\u00a0\u00bb m\u00e9ritait d\u00e9j\u00e0 de venir sur place en ce jeudi d\u2019exception\u00a0![\/vc_column_text][\/vc_column][\/vc_row][vc_row][vc_column][masterslider_pb title=\u00a0\u00bbMotocultor 2019 Jour 1&Prime; id=\u00a0\u00bb44&Prime;][\/vc_column][\/vc_row]<\/p>\n","protected":false},"excerpt":{"rendered":"<p>[vc_row][vc_column][vc_column_text]Cette ann\u00e9e Art N Roll a d\u00e9p\u00each\u00e9 pas moins de 4 journalistes et photographe sur les terres bretonnes pour te faire revivre cette \u00e9dition 2019 du Motocultor. Pour la premi\u00e8re fois dans l\u2019histoire du festival, nous avons droit \u00e0 une journ\u00e9e suppl\u00e9mentaire le jeudi. Il faut dire que ce jour f\u00e9ri\u00e9 de l\u2019Assomption tombe bien. L\u2019ouverture des portes vers 16 heures permet de profiter du petit festival m\u00e9di\u00e9val qui fait la particularit\u00e9 de cette \u00e9dition du festival. L\u2019ouverture se fait comme il se doit avec le n\u00e9ofolk dynamique des Allemands de Corvus Corax, qui captive rapidement le public sur la [&hellip;]<\/p>\n","protected":false},"author":1,"featured_media":18670,"comment_status":"open","ping_status":"closed","sticky":false,"template":"","format":"standard","meta":{"_mi_skip_tracking":false,"_monsterinsights_sitenote_active":false,"_monsterinsights_sitenote_note":"","_monsterinsights_sitenote_category":0,"footnotes":""},"categories":[861,2],"tags":[2104,2108,2106,2105,1348,2107],"class_list":["post-18673","post","type-post","status-publish","format-standard","has-post-thumbnail","hentry","category-festival","category-live-reports","tag-alan-stivell","tag-corvus-corax","tag-eluveitie","tag-excalibur","tag-motocultor","tag-stille-volk"],"yoast_head":"<!-- This site is optimized with the Yoast SEO plugin v23.9 - https:\/\/yoast.com\/wordpress\/plugins\/seo\/ -->\n<title>Motocultor 2019 Jour 1 - Art&#039;n&#039;Roll Webzine<\/title>\n<meta name=\"description\" content=\"Cette ann\u00e9e Art N Roll a d\u00e9p\u00each\u00e9 pas moins de 4 journalistes et photographe sur les terres bretonnes pour te faire revivre cette \u00e9dition 2019 du Motocultor.\" \/>\n<meta name=\"robots\" content=\"index, follow, max-snippet:-1, max-image-preview:large, max-video-preview:-1\" \/>\n<link rel=\"canonical\" href=\"https:\/\/www.artnroll.net\/home\/?p=18673\" \/>\n<meta property=\"og:locale\" content=\"fr_FR\" \/>\n<meta property=\"og:type\" content=\"article\" \/>\n<meta property=\"og:title\" content=\"Motocultor 2019 Jour 1 - Art&#039;n&#039;Roll Webzine\" \/>\n<meta property=\"og:description\" content=\"Cette ann\u00e9e Art N Roll a d\u00e9p\u00each\u00e9 pas moins de 4 journalistes et photographe sur les terres bretonnes pour te faire revivre cette \u00e9dition 2019 du Motocultor.\" \/>\n<meta property=\"og:url\" content=\"https:\/\/www.artnroll.net\/home\/?p=18673\" \/>\n<meta property=\"og:site_name\" content=\"Art&#039;n&#039;Roll Webzine\" \/>\n<meta property=\"article:publisher\" content=\"https:\/\/www.facebook.com\/artnroll.net\/\" \/>\n<meta property=\"article:published_time\" content=\"2019-08-26T09:23:31+00:00\" \/>\n<meta property=\"article:modified_time\" content=\"2019-08-27T20:56:42+00:00\" \/>\n<meta property=\"og:image\" content=\"https:\/\/www.artnroll.net\/home\/wp-content\/uploads\/2019\/08\/Motocultor2019_Ambiance-7208.jpg\" \/>\n\t<meta property=\"og:image:width\" content=\"1200\" \/>\n\t<meta property=\"og:image:height\" content=\"800\" \/>\n\t<meta property=\"og:image:type\" content=\"image\/jpeg\" \/>\n<meta name=\"author\" content=\"admin\" \/>\n<meta name=\"twitter:label1\" content=\"\u00c9crit par\" \/>\n\t<meta name=\"twitter:data1\" content=\"admin\" \/>\n\t<meta name=\"twitter:label2\" content=\"Dur\u00e9e de lecture estim\u00e9e\" \/>\n\t<meta name=\"twitter:data2\" content=\"3 minutes\" \/>\n<script type=\"application\/ld+json\" class=\"yoast-schema-graph\">{\"@context\":\"https:\/\/schema.org\",\"@graph\":[{\"@type\":\"WebPage\",\"@id\":\"https:\/\/www.artnroll.net\/home\/?p=18673\",\"url\":\"https:\/\/www.artnroll.net\/home\/?p=18673\",\"name\":\"Motocultor 2019 Jour 1 - Art&#039;n&#039;Roll Webzine\",\"isPartOf\":{\"@id\":\"https:\/\/www.artnroll.net\/home\/#website\"},\"primaryImageOfPage\":{\"@id\":\"https:\/\/www.artnroll.net\/home\/?p=18673#primaryimage\"},\"image\":{\"@id\":\"https:\/\/www.artnroll.net\/home\/?p=18673#primaryimage\"},\"thumbnailUrl\":\"https:\/\/www.artnroll.net\/home\/wp-content\/uploads\/2019\/08\/Motocultor2019_Ambiance-7208.jpg\",\"datePublished\":\"2019-08-26T09:23:31+00:00\",\"dateModified\":\"2019-08-27T20:56:42+00:00\",\"author\":{\"@id\":\"https:\/\/www.artnroll.net\/home\/#\/schema\/person\/d43605ef0d5681c1b27a4ba1fede1cf4\"},\"description\":\"Cette ann\u00e9e Art N Roll a d\u00e9p\u00each\u00e9 pas moins de 4 journalistes et photographe sur les terres bretonnes pour te faire revivre cette \u00e9dition 2019 du Motocultor.\",\"inLanguage\":\"fr-FR\",\"potentialAction\":[{\"@type\":\"ReadAction\",\"target\":[\"https:\/\/www.artnroll.net\/home\/?p=18673\"]}]},{\"@type\":\"ImageObject\",\"inLanguage\":\"fr-FR\",\"@id\":\"https:\/\/www.artnroll.net\/home\/?p=18673#primaryimage\",\"url\":\"https:\/\/www.artnroll.net\/home\/wp-content\/uploads\/2019\/08\/Motocultor2019_Ambiance-7208.jpg\",\"contentUrl\":\"https:\/\/www.artnroll.net\/home\/wp-content\/uploads\/2019\/08\/Motocultor2019_Ambiance-7208.jpg\",\"width\":1200,\"height\":800},{\"@type\":\"WebSite\",\"@id\":\"https:\/\/www.artnroll.net\/home\/#website\",\"url\":\"https:\/\/www.artnroll.net\/home\/\",\"name\":\"Art&#039;n&#039;Roll Webzine\",\"description\":\"Webzine on the Rocks\",\"potentialAction\":[{\"@type\":\"SearchAction\",\"target\":{\"@type\":\"EntryPoint\",\"urlTemplate\":\"https:\/\/www.artnroll.net\/home\/?s={search_term_string}\"},\"query-input\":{\"@type\":\"PropertyValueSpecification\",\"valueRequired\":true,\"valueName\":\"search_term_string\"}}],\"inLanguage\":\"fr-FR\"},{\"@type\":\"Person\",\"@id\":\"https:\/\/www.artnroll.net\/home\/#\/schema\/person\/d43605ef0d5681c1b27a4ba1fede1cf4\",\"name\":\"admin\",\"image\":{\"@type\":\"ImageObject\",\"inLanguage\":\"fr-FR\",\"@id\":\"https:\/\/www.artnroll.net\/home\/#\/schema\/person\/image\/\",\"url\":\"https:\/\/secure.gravatar.com\/avatar\/1940c08191c3d3c9f9bbd2b239b7a32228ca537279ed8e874314399591bda60e?s=96&d=mm&r=g\",\"contentUrl\":\"https:\/\/secure.gravatar.com\/avatar\/1940c08191c3d3c9f9bbd2b239b7a32228ca537279ed8e874314399591bda60e?s=96&d=mm&r=g\",\"caption\":\"admin\"},\"url\":\"https:\/\/www.artnroll.net\/home\/?author=1\"}]}<\/script>\n<!-- \/ Yoast SEO plugin. -->","yoast_head_json":{"title":"Motocultor 2019 Jour 1 - Art&#039;n&#039;Roll Webzine","description":"Cette ann\u00e9e Art N Roll a d\u00e9p\u00each\u00e9 pas moins de 4 journalistes et photographe sur les terres bretonnes pour te faire revivre cette \u00e9dition 2019 du Motocultor.","robots":{"index":"index","follow":"follow","max-snippet":"max-snippet:-1","max-image-preview":"max-image-preview:large","max-video-preview":"max-video-preview:-1"},"canonical":"https:\/\/www.artnroll.net\/home\/?p=18673","og_locale":"fr_FR","og_type":"article","og_title":"Motocultor 2019 Jour 1 - Art&#039;n&#039;Roll Webzine","og_description":"Cette ann\u00e9e Art N Roll a d\u00e9p\u00each\u00e9 pas moins de 4 journalistes et photographe sur les terres bretonnes pour te faire revivre cette \u00e9dition 2019 du Motocultor.","og_url":"https:\/\/www.artnroll.net\/home\/?p=18673","og_site_name":"Art&#039;n&#039;Roll Webzine","article_publisher":"https:\/\/www.facebook.com\/artnroll.net\/","article_published_time":"2019-08-26T09:23:31+00:00","article_modified_time":"2019-08-27T20:56:42+00:00","og_image":[{"width":1200,"height":800,"url":"https:\/\/www.artnroll.net\/home\/wp-content\/uploads\/2019\/08\/Motocultor2019_Ambiance-7208.jpg","type":"image\/jpeg"}],"author":"admin","twitter_misc":{"\u00c9crit par":"admin","Dur\u00e9e de lecture estim\u00e9e":"3 minutes"},"schema":{"@context":"https:\/\/schema.org","@graph":[{"@type":"WebPage","@id":"https:\/\/www.artnroll.net\/home\/?p=18673","url":"https:\/\/www.artnroll.net\/home\/?p=18673","name":"Motocultor 2019 Jour 1 - Art&#039;n&#039;Roll Webzine","isPartOf":{"@id":"https:\/\/www.artnroll.net\/home\/#website"},"primaryImageOfPage":{"@id":"https:\/\/www.artnroll.net\/home\/?p=18673#primaryimage"},"image":{"@id":"https:\/\/www.artnroll.net\/home\/?p=18673#primaryimage"},"thumbnailUrl":"https:\/\/www.artnroll.net\/home\/wp-content\/uploads\/2019\/08\/Motocultor2019_Ambiance-7208.jpg","datePublished":"2019-08-26T09:23:31+00:00","dateModified":"2019-08-27T20:56:42+00:00","author":{"@id":"https:\/\/www.artnroll.net\/home\/#\/schema\/person\/d43605ef0d5681c1b27a4ba1fede1cf4"},"description":"Cette ann\u00e9e Art N Roll a d\u00e9p\u00each\u00e9 pas moins de 4 journalistes et photographe sur les terres bretonnes pour te faire revivre cette \u00e9dition 2019 du Motocultor.","inLanguage":"fr-FR","potentialAction":[{"@type":"ReadAction","target":["https:\/\/www.artnroll.net\/home\/?p=18673"]}]},{"@type":"ImageObject","inLanguage":"fr-FR","@id":"https:\/\/www.artnroll.net\/home\/?p=18673#primaryimage","url":"https:\/\/www.artnroll.net\/home\/wp-content\/uploads\/2019\/08\/Motocultor2019_Ambiance-7208.jpg","contentUrl":"https:\/\/www.artnroll.net\/home\/wp-content\/uploads\/2019\/08\/Motocultor2019_Ambiance-7208.jpg","width":1200,"height":800},{"@type":"WebSite","@id":"https:\/\/www.artnroll.net\/home\/#website","url":"https:\/\/www.artnroll.net\/home\/","name":"Art&#039;n&#039;Roll Webzine","description":"Webzine on the Rocks","potentialAction":[{"@type":"SearchAction","target":{"@type":"EntryPoint","urlTemplate":"https:\/\/www.artnroll.net\/home\/?s={search_term_string}"},"query-input":{"@type":"PropertyValueSpecification","valueRequired":true,"valueName":"search_term_string"}}],"inLanguage":"fr-FR"},{"@type":"Person","@id":"https:\/\/www.artnroll.net\/home\/#\/schema\/person\/d43605ef0d5681c1b27a4ba1fede1cf4","name":"admin","image":{"@type":"ImageObject","inLanguage":"fr-FR","@id":"https:\/\/www.artnroll.net\/home\/#\/schema\/person\/image\/","url":"https:\/\/secure.gravatar.com\/avatar\/1940c08191c3d3c9f9bbd2b239b7a32228ca537279ed8e874314399591bda60e?s=96&d=mm&r=g","contentUrl":"https:\/\/secure.gravatar.com\/avatar\/1940c08191c3d3c9f9bbd2b239b7a32228ca537279ed8e874314399591bda60e?s=96&d=mm&r=g","caption":"admin"},"url":"https:\/\/www.artnroll.net\/home\/?author=1"}]}},"_links":{"self":[{"href":"https:\/\/www.artnroll.net\/home\/index.php?rest_route=\/wp\/v2\/posts\/18673","targetHints":{"allow":["GET"]}}],"collection":[{"href":"https:\/\/www.artnroll.net\/home\/index.php?rest_route=\/wp\/v2\/posts"}],"about":[{"href":"https:\/\/www.artnroll.net\/home\/index.php?rest_route=\/wp\/v2\/types\/post"}],"author":[{"embeddable":true,"href":"https:\/\/www.artnroll.net\/home\/index.php?rest_route=\/wp\/v2\/users\/1"}],"replies":[{"embeddable":true,"href":"https:\/\/www.artnroll.net\/home\/index.php?rest_route=%2Fwp%2Fv2%2Fcomments&post=18673"}],"version-history":[{"count":2,"href":"https:\/\/www.artnroll.net\/home\/index.php?rest_route=\/wp\/v2\/posts\/18673\/revisions"}],"predecessor-version":[{"id":18785,"href":"https:\/\/www.artnroll.net\/home\/index.php?rest_route=\/wp\/v2\/posts\/18673\/revisions\/18785"}],"wp:featuredmedia":[{"embeddable":true,"href":"https:\/\/www.artnroll.net\/home\/index.php?rest_route=\/wp\/v2\/media\/18670"}],"wp:attachment":[{"href":"https:\/\/www.artnroll.net\/home\/index.php?rest_route=%2Fwp%2Fv2%2Fmedia&parent=18673"}],"wp:term":[{"taxonomy":"category","embeddable":true,"href":"https:\/\/www.artnroll.net\/home\/index.php?rest_route=%2Fwp%2Fv2%2Fcategories&post=18673"},{"taxonomy":"post_tag","embeddable":true,"href":"https:\/\/www.artnroll.net\/home\/index.php?rest_route=%2Fwp%2Fv2%2Ftags&post=18673"}],"curies":[{"name":"wp","href":"https:\/\/api.w.org\/{rel}","templated":true}]}}