{"id":18655,"date":"2019-08-26T11:16:59","date_gmt":"2019-08-26T09:16:59","guid":{"rendered":"http:\/\/www.artnroll.net\/home\/?p=18655"},"modified":"2019-08-26T11:16:59","modified_gmt":"2019-08-26T09:16:59","slug":"interview-avec-gerald-milani-president-du-label-les-acteurs-de-lombre","status":"publish","type":"post","link":"https:\/\/www.artnroll.net\/home\/?p=18655","title":{"rendered":"Interview avec G\u00e9rald Milani pr\u00e9sident du label Les Acteurs de l&rsquo;Ombre"},"content":{"rendered":"<p><strong>Art N Roll<\/strong> a profit\u00e9 de sa pr\u00e9sence au Motocultor pour \u00e9changer avec G\u00e9rald Milani, fondateur et pr\u00e9sident du label associatif <a href=\"https:\/\/lesacteursdelombre.net\/\">Les Acteurs de l\u2019ombre<\/a> (LADLO). Le label pr\u00e9pare pas moins de 9 sorties d\u2019album d&rsquo;ici la fin de l&rsquo;ann\u00e9e et organise une journ\u00e9e de concert au Petit Bain \u00e0 Paris le 14 d\u00e9cembre, <a href=\"https:\/\/lesacteursdelombre.net\/ladlo-in-paris\/\">LADLO in Paris<\/a>.<\/p>\n<p>&nbsp;<\/p>\n<p><strong><img loading=\"lazy\" decoding=\"async\" class=\"size-large wp-image-18754 alignleft\" src=\"http:\/\/www.artnroll.net\/home\/wp-content\/uploads\/2019\/08\/Motocultor2019_Vendredi_ITW-LADLO-7726-387x600.jpg\" alt=\"\" width=\"387\" height=\"600\" srcset=\"https:\/\/www.artnroll.net\/home\/wp-content\/uploads\/2019\/08\/Motocultor2019_Vendredi_ITW-LADLO-7726-387x600.jpg 387w, https:\/\/www.artnroll.net\/home\/wp-content\/uploads\/2019\/08\/Motocultor2019_Vendredi_ITW-LADLO-7726-194x300.jpg 194w, https:\/\/www.artnroll.net\/home\/wp-content\/uploads\/2019\/08\/Motocultor2019_Vendredi_ITW-LADLO-7726-768x1190.jpg 768w, https:\/\/www.artnroll.net\/home\/wp-content\/uploads\/2019\/08\/Motocultor2019_Vendredi_ITW-LADLO-7726.jpg 774w\" sizes=\"auto, (max-width: 387px) 100vw, 387px\" \/>Art N Roll\u00a0: Pourrais-tu nous en dire un peu plus sur ton parcours et ce qui t\u2019a amen\u00e9 \u00e0 cr\u00e9er ce label\u00a0?<\/strong><\/p>\n<p><strong>G\u00e9rald Milani:<\/strong> J\u2019ai d\u00e9couvert le Metal \u00e0 14 ans avec <strong>Napalm Death<\/strong>. J\u2019\u00e9tais en colo avec un coll\u00e8gue qui avait r\u00e9cup\u00e9r\u00e9 des cassettes de son grand fr\u00e8re. J\u2019\u00e9tais \u00e0 la campagne, donc je n\u2019ai pas pu faire beaucoup de concerts. Je suis all\u00e9 \u00e0 Marseille et l\u00e0 j\u2019ai mont\u00e9 un groupe de Black Metal m\u00e9di\u00e9val, puis j\u2019ai encha\u00een\u00e9 des groupes jusqu\u2019en 2007. En 2001 on a cr\u00e9\u00e9 l\u2019association Les acteurs de l\u2019ombre. C\u2019\u00e9tait un webzine. En 2003 on m\u2019a envoy\u00e9 \u00e0 Paris pour le boulot et j\u2019ai d\u00e9velopp\u00e9 l\u2019organisation de concerts en m\u00eame temps que le webzine. En 2009 j\u2019ai eu une mutation professionnelle dans le sud, je ne pouvais plus g\u00e9rer l\u2019association et j\u2019ai propos\u00e9 \u00e0 Marie de prendre le relai.\u00a0 Je lui ai propos\u00e9 de cr\u00e9er le label. C\u2019est quelque chose que j\u2019avais en t\u00eate depuis des ann\u00e9es.<\/p>\n<p>&nbsp;<\/p>\n<p><strong>ANR\u00a0: Pourquoi est-ce que tu avais cette envie forte de cr\u00e9er ce label\u00a0? Quel \u00e9tait l\u2019objectif\u00a0?<\/strong><\/p>\n<p><strong>G\u00e9rald\u00a0: <\/strong>Je ne sais pas, peut-\u00eatre parce que j\u2019\u00e9tais un musicien rat\u00e9 (rires). Je suis un passionn\u00e9, j\u2019avais envie de faire d\u00e9couvrir les choses que j\u2019aimais. Les deux premiers albums du label sont les deux premiers albums de <strong>Pens\u00e9es Nocturnes<\/strong>, et c\u2019\u00e9tait le groupe d\u2019un membre de l\u2019association. \u00c7a s\u2019est fait tr\u00e8s naturellement.<\/p>\n<p>&nbsp;<\/p>\n<p><strong>ANR\u00a0: Pour toi, comment un label doit accompagner les artistes\u00a0?<\/strong><\/p>\n<p><strong>G\u00e9rald\u00a0:<\/strong> \u00c7a d\u00e9pend des groupes et de l\u2019id\u00e9e que le groupe a de ce qu\u2019il veut. S\u2019il a pens\u00e9 son album de A \u00e0 Z d\u2019un point de vue artistique. Certains groupent arrivent avec des choses tr\u00e8s pr\u00e9cises et construites, d\u2019autres ont besoin de plus d\u2019accompagnement. On peut les conseiller sur des graphistes, des tourneurs, des studios. C\u2019est \u00e0 la carte.<\/p>\n<p>&nbsp;<\/p>\n<p><strong>ANR\u00a0: Les premiers services que tu proposes quand tu prends un groupe c\u2019est quoi\u00a0?<\/strong><\/p>\n<p><strong>G\u00e9rald\u00a0:<\/strong> Le truc de base c\u2019est presser l\u2019album, faire la promo et le distribuer.<\/p>\n<p>&nbsp;<\/p>\n<p><strong>ANR\u00a0: Comment est-ce que tu s\u00e9lectionnes les groupes pour le label\u00a0?<\/strong><\/p>\n<p><strong>G\u00e9rald\u00a0:<\/strong> Je ne s\u00e9lectionne pas les groupes, nous sommes une association et on prend les d\u00e9cisions \u00e0 la majorit\u00e9. Je re\u00e7ois des propositions de groupes tous les jours, je fais un premier filtre. Je propose ensuite au reste de l\u2019\u00e9quipe. On a des go\u00fbts hyper vari\u00e9s, chacun donne son avis. On n\u2019a jamais 100% d\u2019avis positif sur un artiste. Ce qui est important c\u2019est que les gens qui s\u2019investissent bossent sur des groupes qui leur plaisent. On est une quinzaine de b\u00e9n\u00e9voles dans l\u2019asso, chacun avec ses go\u00fbts et envies.<\/p>\n<p>&nbsp;<\/p>\n<p><strong>ANR\u00a0: Combien de temps cette activit\u00e9 b\u00e9n\u00e9vole te prend par semaine\u00a0? <\/strong><\/p>\n<p><strong>G\u00e9rald\u00a0:<\/strong> \u00c7a d\u00e9pend des p\u00e9riodes, mais \u00e7a me prend s\u00fbrement 50h par semaine. On a des imp\u00e9ratifs, on bosse avec des pros. Il y a des plannings \u00e0 respecter, tout doit s\u2019incr\u00e9menter. Entre septembre et d\u00e9cembre on fait 9 sorties, c\u2019est maintenant qu\u2019on les bosse.<\/p>\n<p>&nbsp;<\/p>\n<p><strong>ANR\u00a0: Vous cherchez d\u2019autres b\u00e9n\u00e9voles\u00a0?<\/strong><\/p>\n<p><strong>G\u00e9rald\u00a0:<\/strong> Toujours, il y a toujours des choses \u00e0 d\u00e9velopper. On aimerait bien d\u00e9velopper notre Bandcamp pro. Il y a plein d\u2019outils int\u00e9ressants de type communautaire. On recherche des graphistes. J\u2019aimerais bien trouver une personne qui peut nous aider sur la gestion. On aimerait pouvoir se projeter d\u2019une ann\u00e9e sur l\u2019autre. Actuellement on a nos sorties book\u00e9es jusqu\u2019\u00e0 octobre 2020. Tu promets des deals, des choses \u00e0 un groupe mais tu ne sais pas si tu auras la thune. Tu ne sais pas ce qu\u2019il va rentrer, si les sorties d\u2019avant vont marcher. C\u2019est un jeu d\u2019\u00e9quilibre.<\/p>\n<p>&nbsp;<\/p>\n<p><strong>ANR : Qu\u2019est-ce qui te motive personnellement pour prendre une telle charge de travail alors que tu as un boulot \u00e0 c\u00f4t\u00e9?\u00a0<\/strong><\/p>\n<p><strong>G\u00e9rald\u00a0:<\/strong> Il y a des phases o\u00f9 je me dis que je passe \u00e0 c\u00f4t\u00e9 d\u2019autres choses. Je dois avoir un petit c\u00f4t\u00e9 autiste. Quand je fais un truc je le fais \u00e0 fond. Il faut que je me sente submerg\u00e9 pour que je me sente avancer. Ce qui me motive ce sont les rencontres, le plaisir de faire d\u00e9couvrir des artistes. C\u2019est un plaisir de donner du plaisir aux gens.<\/p>\n<p>&nbsp;<\/p>\n<p><strong>ANR : On peut dire que tu es un ultra fan de musique, qui essaie de faire en sorte que tout se passe bien pour tout le monde?<\/strong><\/p>\n<p><strong>G\u00e9rald<\/strong>\u00a0: Oui on peut dire \u00e7a. Je n\u2019arrive pas \u00e0 faire les choses \u00e0 moiti\u00e9. Je veux le faire du mieux que je peux.<\/p>\n<p>&nbsp;<\/p>\n<p><strong>ANR\u00a0: Il y a une vraie harmonie dans les groupes que vous signez. \u00c7a permet d\u2019arriver \u00e0 faire une soir\u00e9e comme Ladlo in Paris avec des groupes qui sont tr\u00e8s compatibles.<\/strong><\/p>\n<p><strong>G\u00e9rald\u00a0:<\/strong> J\u2019ai l\u2019impression que l\u2019on signe des artistes vari\u00e9s, qui repr\u00e9sentent la vari\u00e9t\u00e9 des go\u00fbts de nos membres. Ce n\u2019est pas facile de faire des choix, la qualit\u00e9 des groupes a augment\u00e9. Les musiciens sont meilleurs techniquement et m\u00e9langent plein d\u2019influences. Pour Ladlo in Paris tu as du Black, du Pagan et si tu te retrouves l\u00e0-dedans c\u2019est tant mieux. Au niveau du label on nous dit souvent que nous sommes \u00e9tiquet\u00e9s Post Black, mais si tu regardes ce genre ne repr\u00e9sente qu\u2019un quart de notre roster. Regarde les hommes tomber et The Great Old Ones sont les groupes qui nous ont fait grossir, mais notre cr\u00e9neau c\u2019est les groupes de metal extr\u00eame qui ont des influences black.<\/p>\n<p><strong><img loading=\"lazy\" decoding=\"async\" class=\"size-large wp-image-18759 aligncenter\" src=\"http:\/\/www.artnroll.net\/home\/wp-content\/uploads\/2019\/08\/ladlo-in-Paris-600x327.jpg\" alt=\"\" width=\"600\" height=\"327\" srcset=\"https:\/\/www.artnroll.net\/home\/wp-content\/uploads\/2019\/08\/ladlo-in-Paris-600x327.jpg 600w, https:\/\/www.artnroll.net\/home\/wp-content\/uploads\/2019\/08\/ladlo-in-Paris-300x164.jpg 300w, https:\/\/www.artnroll.net\/home\/wp-content\/uploads\/2019\/08\/ladlo-in-Paris-768x419.jpg 768w, https:\/\/www.artnroll.net\/home\/wp-content\/uploads\/2019\/08\/ladlo-in-Paris.jpg 1220w\" sizes=\"auto, (max-width: 600px) 100vw, 600px\" \/><\/strong><\/p>\n<p><strong>ANR\u00a0: Comment se d\u00e9coupent les revenus financiers du label\u00a0?<\/strong><\/p>\n<p><strong>G\u00e9rald\u00a0:<\/strong> Ils proviennent de nos ventes de disques et de merch.\u00a0 Le digital aussi, mais c\u2019est anecdotique. Le merch aujourd\u2019hui c\u2019est ce qui rapporte le plus. C\u2019est aussi le cas pour les groupes qui tournent, ils essaient tous de d\u00e9velopper le merch. On les accompagne l\u00e0-dessus avec le label.<\/p>\n<p>&nbsp;<\/p>\n<p><strong>ANR : Pour Ladlo in Paris vous avez mis en vente des b\u00e2ches, c\u2019est la premi\u00e8re fois que je voyais \u00e7a.<\/strong><\/p>\n<p><strong>G\u00e9rald\u00a0:<\/strong> On a tent\u00e9 le coup car on a fait un festival \u00e0 Nantes sur 2 jours avec 16 groupes du label pour lequel on avait fait des b\u00e2ches. On a eu des personnes qui sont venues nous voir pour les acheter. On propose en pre order, on ne prend pas de risque.<\/p>\n<p>&nbsp;<\/p>\n<p><strong>ANR\u00a0: Pourquoi cette id\u00e9e de festival ou de m\u00e9ga concert \u00e0 Paris\u00a0?<\/strong><\/p>\n<p><strong>G\u00e9rald\u00a0:<\/strong> Il n\u2019y a pas Beltane cette ann\u00e9e, donc il me fallait un truc. (rires) Il y a plein de sorties en automne, on s\u2019est dit que c\u2019\u00e9tait une bonne occasion de les pr\u00e9senter \u00e0 Paris et de faire en sorte que les groupes se rencontrent.<\/p>\n<p>&nbsp;<\/p>\n<p><strong>ANR\u00a0: Quelle est l\u2019importance d\u2019un festival comme le Motocultor pour un label comme le v\u00f4tre\u00a0?<\/strong><\/p>\n<p><strong>G\u00e9rald\u00a0:<\/strong> Je pense qu\u2019il est n\u00e9cessaire d\u2019\u00eatre visible. On a la chance d\u2019avoir des groupes qui sont programm\u00e9s \u00e0 l\u2019affiche depuis des ann\u00e9es. C\u2019est bien d\u2019\u00eatre sur le terrain et d\u2019entretenir une certaine proximit\u00e9.<\/p>\n<p>&nbsp;<\/p>\n<p><strong>ANR\u00a0: Est-ce que les gens qui viennent \u00e0 votre rencontre se rendent compte que vous \u00eates tous b\u00e9n\u00e9voles et que derri\u00e8re ce que vous fa\u00eetes il y a un travail \u00e9norme.<\/strong><\/p>\n<p><strong>G\u00e9rald\u00a0:<\/strong> J\u2019essaie de communiquer l\u00e0-dessus mais c\u2019est vrai que certaines personnes pensent que nous sommes un gros label, que nous sommes professionnels, qu\u2019on a des bureaux. On nous appelle pour passer acheter des CDs, mais si le mec passe, il passe dans ma chambre (rires)!<\/p>\n<p>&nbsp;<\/p>\n<p><strong><img loading=\"lazy\" decoding=\"async\" class=\"size-large wp-image-18753 alignleft\" src=\"http:\/\/www.artnroll.net\/home\/wp-content\/uploads\/2019\/08\/Motocultor2019_Vendredi_ITW-LADLO-7693-400x600.jpg\" alt=\"\" width=\"400\" height=\"600\" srcset=\"https:\/\/www.artnroll.net\/home\/wp-content\/uploads\/2019\/08\/Motocultor2019_Vendredi_ITW-LADLO-7693-400x600.jpg 400w, https:\/\/www.artnroll.net\/home\/wp-content\/uploads\/2019\/08\/Motocultor2019_Vendredi_ITW-LADLO-7693-200x300.jpg 200w, https:\/\/www.artnroll.net\/home\/wp-content\/uploads\/2019\/08\/Motocultor2019_Vendredi_ITW-LADLO-7693-768x1152.jpg 768w, https:\/\/www.artnroll.net\/home\/wp-content\/uploads\/2019\/08\/Motocultor2019_Vendredi_ITW-LADLO-7693.jpg 800w\" sizes=\"auto, (max-width: 400px) 100vw, 400px\" \/>ANR\u00a0: Donc quand vous fa\u00eetes une r\u00e9union d\u2019\u00e9quipe c\u2019est dans ta chambre aussi\u00a0?<\/strong><\/p>\n<p><strong>G\u00e9rald\u00a0:<\/strong> Non (rires). On se voit assez peu car on est dispatch\u00e9 dans toute la France. On fait une AG en septembre. J\u2019aimerais en profiter pour organiser un week-end entre nous.<\/p>\n<p>&nbsp;<\/p>\n<p><strong>ANR\u00a0: Comment g\u00e9rez-vous la logistique pour le merch et les disques\u00a0?<\/strong><\/p>\n<p><strong>G\u00e9rald\u00a0:<\/strong> On faisait tout nous-m\u00eames, on avait un box chez Homebox et c\u2019\u00e9tait le cauchemar. Depuis un an c\u2019est le Grand Chic qui est aussi notre s\u00e9rigraphe qui stocke tout notre mat\u00e9riel et qui s\u2019occupe de nos exp\u00e9ditions. C\u2019est un cauchemar en moins.<\/p>\n<p>&nbsp;<\/p>\n<p><strong>ANR\u00a0: Les prochains projets\u00a0?<\/strong><\/p>\n<p><strong>G\u00e9rald\u00a0:<\/strong> On a quelques release party puis le 14 d\u00e9cembre le Ladlo In Paris. Il y a un documentaire en cours sur le Beltane. Il sortira le 30 avril. Les projets c\u2019est aussi les 9 sorties qui arrivent.<\/p>\n<p>&nbsp;<\/p>\n<p>&nbsp;<\/p>\n<p>&nbsp;<\/p>\n<p>&nbsp;<\/p>\n","protected":false},"excerpt":{"rendered":"<p>Art N Roll a profit\u00e9 de sa pr\u00e9sence au Motocultor pour \u00e9changer avec G\u00e9rald Milani, fondateur et pr\u00e9sident du label associatif Les Acteurs de l\u2019ombre (LADLO). Le label pr\u00e9pare pas moins de 9 sorties d\u2019album d&rsquo;ici la fin de l&rsquo;ann\u00e9e et organise une journ\u00e9e de concert au Petit Bain \u00e0 Paris le 14 d\u00e9cembre, LADLO in Paris. &nbsp; Art N Roll\u00a0: Pourrais-tu nous en dire un peu plus sur ton parcours et ce qui t\u2019a amen\u00e9 \u00e0 cr\u00e9er ce label\u00a0? G\u00e9rald Milani: J\u2019ai d\u00e9couvert le Metal \u00e0 14 ans avec Napalm Death. J\u2019\u00e9tais en colo avec un coll\u00e8gue qui avait [&hellip;]<\/p>\n","protected":false},"author":34,"featured_media":18752,"comment_status":"open","ping_status":"closed","sticky":false,"template":"","format":"standard","meta":{"_mi_skip_tracking":false,"_monsterinsights_sitenote_active":false,"_monsterinsights_sitenote_note":"","_monsterinsights_sitenote_category":0,"footnotes":""},"categories":[861,3],"tags":[2109,2110,1348],"class_list":["post-18655","post","type-post","status-publish","format-standard","has-post-thumbnail","hentry","category-festival","category-interviews","tag-gerald-milani","tag-les-acteurs-de-lombre","tag-motocultor"],"yoast_head":"<!-- This site is optimized with the Yoast SEO plugin v23.9 - https:\/\/yoast.com\/wordpress\/plugins\/seo\/ -->\n<title>Interview avec G\u00e9rald Milani pr\u00e9sident du label Les Acteurs de l&#039;Ombre - Art&#039;n&#039;Roll Webzine<\/title>\n<meta name=\"description\" content=\"Art N Roll a profit\u00e9 de sa pr\u00e9sence au Motocultor pour \u00e9changer avec G\u00e9rard, fondateur et pr\u00e9sident du label associatif Les Acteurs de l\u2019ombre (LADLO).\" \/>\n<meta name=\"robots\" content=\"index, follow, max-snippet:-1, max-image-preview:large, max-video-preview:-1\" \/>\n<link rel=\"canonical\" href=\"https:\/\/www.artnroll.net\/home\/?p=18655\" \/>\n<meta property=\"og:locale\" content=\"fr_FR\" \/>\n<meta property=\"og:type\" content=\"article\" \/>\n<meta property=\"og:title\" content=\"Interview avec G\u00e9rald Milani pr\u00e9sident du label Les Acteurs de l&#039;Ombre - Art&#039;n&#039;Roll Webzine\" \/>\n<meta property=\"og:description\" content=\"Art N Roll a profit\u00e9 de sa pr\u00e9sence au Motocultor pour \u00e9changer avec G\u00e9rard, fondateur et pr\u00e9sident du label associatif Les Acteurs de l\u2019ombre (LADLO).\" \/>\n<meta property=\"og:url\" content=\"https:\/\/www.artnroll.net\/home\/?p=18655\" \/>\n<meta property=\"og:site_name\" content=\"Art&#039;n&#039;Roll Webzine\" \/>\n<meta property=\"article:publisher\" content=\"https:\/\/www.facebook.com\/artnroll.net\/\" \/>\n<meta property=\"article:published_time\" content=\"2019-08-26T09:16:59+00:00\" \/>\n<meta property=\"og:image\" content=\"https:\/\/www.artnroll.net\/home\/wp-content\/uploads\/2019\/08\/Motocultor2019_Vendredi_ITW-LADLO-7690.jpg\" \/>\n\t<meta property=\"og:image:width\" content=\"1200\" \/>\n\t<meta property=\"og:image:height\" content=\"800\" \/>\n\t<meta property=\"og:image:type\" content=\"image\/jpeg\" \/>\n<meta name=\"author\" content=\"Marion D\" \/>\n<meta name=\"twitter:label1\" content=\"\u00c9crit par\" \/>\n\t<meta name=\"twitter:data1\" content=\"Marion D\" \/>\n\t<meta name=\"twitter:label2\" content=\"Dur\u00e9e de lecture estim\u00e9e\" \/>\n\t<meta name=\"twitter:data2\" content=\"8 minutes\" \/>\n<script type=\"application\/ld+json\" class=\"yoast-schema-graph\">{\"@context\":\"https:\/\/schema.org\",\"@graph\":[{\"@type\":\"WebPage\",\"@id\":\"https:\/\/www.artnroll.net\/home\/?p=18655\",\"url\":\"https:\/\/www.artnroll.net\/home\/?p=18655\",\"name\":\"Interview avec G\u00e9rald Milani pr\u00e9sident du label Les Acteurs de l'Ombre - Art&#039;n&#039;Roll Webzine\",\"isPartOf\":{\"@id\":\"https:\/\/www.artnroll.net\/home\/#website\"},\"primaryImageOfPage\":{\"@id\":\"https:\/\/www.artnroll.net\/home\/?p=18655#primaryimage\"},\"image\":{\"@id\":\"https:\/\/www.artnroll.net\/home\/?p=18655#primaryimage\"},\"thumbnailUrl\":\"https:\/\/www.artnroll.net\/home\/wp-content\/uploads\/2019\/08\/Motocultor2019_Vendredi_ITW-LADLO-7690.jpg\",\"datePublished\":\"2019-08-26T09:16:59+00:00\",\"dateModified\":\"2019-08-26T09:16:59+00:00\",\"author\":{\"@id\":\"https:\/\/www.artnroll.net\/home\/#\/schema\/person\/f400a7765b9028d1780f5d7bada1e899\"},\"description\":\"Art N Roll a profit\u00e9 de sa pr\u00e9sence au Motocultor pour \u00e9changer avec G\u00e9rard, fondateur et pr\u00e9sident du label associatif Les Acteurs de l\u2019ombre (LADLO).\",\"inLanguage\":\"fr-FR\",\"potentialAction\":[{\"@type\":\"ReadAction\",\"target\":[\"https:\/\/www.artnroll.net\/home\/?p=18655\"]}]},{\"@type\":\"ImageObject\",\"inLanguage\":\"fr-FR\",\"@id\":\"https:\/\/www.artnroll.net\/home\/?p=18655#primaryimage\",\"url\":\"https:\/\/www.artnroll.net\/home\/wp-content\/uploads\/2019\/08\/Motocultor2019_Vendredi_ITW-LADLO-7690.jpg\",\"contentUrl\":\"https:\/\/www.artnroll.net\/home\/wp-content\/uploads\/2019\/08\/Motocultor2019_Vendredi_ITW-LADLO-7690.jpg\",\"width\":1200,\"height\":800},{\"@type\":\"WebSite\",\"@id\":\"https:\/\/www.artnroll.net\/home\/#website\",\"url\":\"https:\/\/www.artnroll.net\/home\/\",\"name\":\"Art&#039;n&#039;Roll Webzine\",\"description\":\"Webzine on the Rocks\",\"potentialAction\":[{\"@type\":\"SearchAction\",\"target\":{\"@type\":\"EntryPoint\",\"urlTemplate\":\"https:\/\/www.artnroll.net\/home\/?s={search_term_string}\"},\"query-input\":{\"@type\":\"PropertyValueSpecification\",\"valueRequired\":true,\"valueName\":\"search_term_string\"}}],\"inLanguage\":\"fr-FR\"},{\"@type\":\"Person\",\"@id\":\"https:\/\/www.artnroll.net\/home\/#\/schema\/person\/f400a7765b9028d1780f5d7bada1e899\",\"name\":\"Marion D\",\"image\":{\"@type\":\"ImageObject\",\"inLanguage\":\"fr-FR\",\"@id\":\"https:\/\/www.artnroll.net\/home\/#\/schema\/person\/image\/\",\"url\":\"https:\/\/secure.gravatar.com\/avatar\/41dbdd8e82ec573b19b353e688019116a00e3212f6623e56908351006ea72ba3?s=96&d=mm&r=g\",\"contentUrl\":\"https:\/\/secure.gravatar.com\/avatar\/41dbdd8e82ec573b19b353e688019116a00e3212f6623e56908351006ea72ba3?s=96&d=mm&r=g\",\"caption\":\"Marion D\"},\"url\":\"https:\/\/www.artnroll.net\/home\/?author=34\"}]}<\/script>\n<!-- \/ Yoast SEO plugin. -->","yoast_head_json":{"title":"Interview avec G\u00e9rald Milani pr\u00e9sident du label Les Acteurs de l'Ombre - Art&#039;n&#039;Roll Webzine","description":"Art N Roll a profit\u00e9 de sa pr\u00e9sence au Motocultor pour \u00e9changer avec G\u00e9rard, fondateur et pr\u00e9sident du label associatif Les Acteurs de l\u2019ombre (LADLO).","robots":{"index":"index","follow":"follow","max-snippet":"max-snippet:-1","max-image-preview":"max-image-preview:large","max-video-preview":"max-video-preview:-1"},"canonical":"https:\/\/www.artnroll.net\/home\/?p=18655","og_locale":"fr_FR","og_type":"article","og_title":"Interview avec G\u00e9rald Milani pr\u00e9sident du label Les Acteurs de l'Ombre - Art&#039;n&#039;Roll Webzine","og_description":"Art N Roll a profit\u00e9 de sa pr\u00e9sence au Motocultor pour \u00e9changer avec G\u00e9rard, fondateur et pr\u00e9sident du label associatif Les Acteurs de l\u2019ombre (LADLO).","og_url":"https:\/\/www.artnroll.net\/home\/?p=18655","og_site_name":"Art&#039;n&#039;Roll Webzine","article_publisher":"https:\/\/www.facebook.com\/artnroll.net\/","article_published_time":"2019-08-26T09:16:59+00:00","og_image":[{"width":1200,"height":800,"url":"https:\/\/www.artnroll.net\/home\/wp-content\/uploads\/2019\/08\/Motocultor2019_Vendredi_ITW-LADLO-7690.jpg","type":"image\/jpeg"}],"author":"Marion D","twitter_misc":{"\u00c9crit par":"Marion D","Dur\u00e9e de lecture estim\u00e9e":"8 minutes"},"schema":{"@context":"https:\/\/schema.org","@graph":[{"@type":"WebPage","@id":"https:\/\/www.artnroll.net\/home\/?p=18655","url":"https:\/\/www.artnroll.net\/home\/?p=18655","name":"Interview avec G\u00e9rald Milani pr\u00e9sident du label Les Acteurs de l'Ombre - Art&#039;n&#039;Roll Webzine","isPartOf":{"@id":"https:\/\/www.artnroll.net\/home\/#website"},"primaryImageOfPage":{"@id":"https:\/\/www.artnroll.net\/home\/?p=18655#primaryimage"},"image":{"@id":"https:\/\/www.artnroll.net\/home\/?p=18655#primaryimage"},"thumbnailUrl":"https:\/\/www.artnroll.net\/home\/wp-content\/uploads\/2019\/08\/Motocultor2019_Vendredi_ITW-LADLO-7690.jpg","datePublished":"2019-08-26T09:16:59+00:00","dateModified":"2019-08-26T09:16:59+00:00","author":{"@id":"https:\/\/www.artnroll.net\/home\/#\/schema\/person\/f400a7765b9028d1780f5d7bada1e899"},"description":"Art N Roll a profit\u00e9 de sa pr\u00e9sence au Motocultor pour \u00e9changer avec G\u00e9rard, fondateur et pr\u00e9sident du label associatif Les Acteurs de l\u2019ombre (LADLO).","inLanguage":"fr-FR","potentialAction":[{"@type":"ReadAction","target":["https:\/\/www.artnroll.net\/home\/?p=18655"]}]},{"@type":"ImageObject","inLanguage":"fr-FR","@id":"https:\/\/www.artnroll.net\/home\/?p=18655#primaryimage","url":"https:\/\/www.artnroll.net\/home\/wp-content\/uploads\/2019\/08\/Motocultor2019_Vendredi_ITW-LADLO-7690.jpg","contentUrl":"https:\/\/www.artnroll.net\/home\/wp-content\/uploads\/2019\/08\/Motocultor2019_Vendredi_ITW-LADLO-7690.jpg","width":1200,"height":800},{"@type":"WebSite","@id":"https:\/\/www.artnroll.net\/home\/#website","url":"https:\/\/www.artnroll.net\/home\/","name":"Art&#039;n&#039;Roll Webzine","description":"Webzine on the Rocks","potentialAction":[{"@type":"SearchAction","target":{"@type":"EntryPoint","urlTemplate":"https:\/\/www.artnroll.net\/home\/?s={search_term_string}"},"query-input":{"@type":"PropertyValueSpecification","valueRequired":true,"valueName":"search_term_string"}}],"inLanguage":"fr-FR"},{"@type":"Person","@id":"https:\/\/www.artnroll.net\/home\/#\/schema\/person\/f400a7765b9028d1780f5d7bada1e899","name":"Marion D","image":{"@type":"ImageObject","inLanguage":"fr-FR","@id":"https:\/\/www.artnroll.net\/home\/#\/schema\/person\/image\/","url":"https:\/\/secure.gravatar.com\/avatar\/41dbdd8e82ec573b19b353e688019116a00e3212f6623e56908351006ea72ba3?s=96&d=mm&r=g","contentUrl":"https:\/\/secure.gravatar.com\/avatar\/41dbdd8e82ec573b19b353e688019116a00e3212f6623e56908351006ea72ba3?s=96&d=mm&r=g","caption":"Marion D"},"url":"https:\/\/www.artnroll.net\/home\/?author=34"}]}},"_links":{"self":[{"href":"https:\/\/www.artnroll.net\/home\/index.php?rest_route=\/wp\/v2\/posts\/18655","targetHints":{"allow":["GET"]}}],"collection":[{"href":"https:\/\/www.artnroll.net\/home\/index.php?rest_route=\/wp\/v2\/posts"}],"about":[{"href":"https:\/\/www.artnroll.net\/home\/index.php?rest_route=\/wp\/v2\/types\/post"}],"author":[{"embeddable":true,"href":"https:\/\/www.artnroll.net\/home\/index.php?rest_route=\/wp\/v2\/users\/34"}],"replies":[{"embeddable":true,"href":"https:\/\/www.artnroll.net\/home\/index.php?rest_route=%2Fwp%2Fv2%2Fcomments&post=18655"}],"version-history":[{"count":3,"href":"https:\/\/www.artnroll.net\/home\/index.php?rest_route=\/wp\/v2\/posts\/18655\/revisions"}],"predecessor-version":[{"id":18761,"href":"https:\/\/www.artnroll.net\/home\/index.php?rest_route=\/wp\/v2\/posts\/18655\/revisions\/18761"}],"wp:featuredmedia":[{"embeddable":true,"href":"https:\/\/www.artnroll.net\/home\/index.php?rest_route=\/wp\/v2\/media\/18752"}],"wp:attachment":[{"href":"https:\/\/www.artnroll.net\/home\/index.php?rest_route=%2Fwp%2Fv2%2Fmedia&parent=18655"}],"wp:term":[{"taxonomy":"category","embeddable":true,"href":"https:\/\/www.artnroll.net\/home\/index.php?rest_route=%2Fwp%2Fv2%2Fcategories&post=18655"},{"taxonomy":"post_tag","embeddable":true,"href":"https:\/\/www.artnroll.net\/home\/index.php?rest_route=%2Fwp%2Fv2%2Ftags&post=18655"}],"curies":[{"name":"wp","href":"https:\/\/api.w.org\/{rel}","templated":true}]}}