{"id":16268,"date":"2018-08-31T16:27:38","date_gmt":"2018-08-31T14:27:38","guid":{"rendered":"http:\/\/www.artnroll.net\/home\/?p=16268"},"modified":"2018-09-06T13:19:28","modified_gmt":"2018-09-06T11:19:28","slug":"interview-greg-groupe-bare-teeth","status":"publish","type":"post","link":"https:\/\/www.artnroll.net\/home\/?p=16268","title":{"rendered":"Interview avec Greg du groupe Bare Teeth"},"content":{"rendered":"<p><strong>Art\u2019N Roll\u00a0: On vous laissait au printemps dernier quelques jours apr\u00e8s la sortie de votre EP \u00ab\u00a0First The Town Then The World\u00a0\u00bb, comment \u00e7a va depuis\u00a0? <\/strong><\/p>\n<p><strong>Greg\u00a0:<\/strong> \u00c7a va super bien, on a eu une actualit\u00e9 tr\u00e8s riche depuis la sortie de l\u2019EP. On a tourn\u00e9 en France, en Angleterre, en Belgique, au Pays bas, en Allemagne ainsi qu\u2019en Italie.<br \/>\nEt en avril dernier on a tourn\u00e9 au Japon et en Chine.<br \/>\nPour des raisons que l\u2019on ignore on a plus de mal \u00e0 tourner en France donc petit message au tourneur, si vous \u00eates susceptibles d\u2019\u00eatre int\u00e9ress\u00e9s par faire tourner un groupe de punk rock, n\u2019h\u00e9sitez pas \u00e0 nous contacter.<\/p>\n<p>&nbsp;<\/p>\n<p><strong>ANR\u00a0: C\u2019est marrant que tu parles du fait que vous ne tourniez pas beaucoup en France car justement je parlais avec des copains Lillois juste avant de faire, je leur ai parl\u00e9 de vous mais ils m\u2019ont dit qu\u2019ils ne vous connaissaient pas, je trouve \u00e7a assez bizarre, comment l\u2019expliques-tu\u00a0? <\/strong><\/p>\n<p><strong>Greg\u00a0:<\/strong> Il y plusieurs choses, d\u00e9j\u00e0, nous sommes un groupe de punk rock qui est un genre musical qui n\u2019a pas n\u00e9cessairement le vent en poupe ces derniers temps et qui n\u2019est pas aussi populaire que le metal ou bien le hardcore. Peut-\u00eatre que nous n\u2019avons pas su mettre les bonnes choses en place aussi. Cela \u00e9tant dit, on a quand m\u00eame fait des belles dates \u00e0 Lille en ouvrant pour Tagada Jones et les Ramoneurs de Menhirs au Splendide, le show \u00e9tait sold out , le public est rest\u00e9 pendant notre show donc c\u2019est plut\u00f4t bon signe mais derri\u00e8re les opportunit\u00e9s ne se sont pas forc\u00e9ment pr\u00e9sent\u00e9es. Donc on fait quand m\u00eame des shows qualitatifs mais on n\u2019arrive pas encore \u00e0 mettre en place le plan de d\u00e9veloppement pour la France.<\/p>\n<p>&nbsp;<\/p>\n<p><strong>ANR\u00a0: Enfin, tous les groupes fran\u00e7ais ne peuvent pas se targuer d\u2019avoir tourn\u00e9 en Chine et au Japon, d\u2019o\u00f9 est venue cette opportunit\u00e9\u00a0? <\/strong><\/p>\n<p><strong>Greg\u00a0:<\/strong> J\u2019ai un tr\u00e8s bon r\u00e9seau au Japon puisque j\u2019y suis all\u00e9 plusieurs fois, j\u2019avais d\u00e9j\u00e0 tourn\u00e9 l\u00e0-bas par le pass\u00e9 avec mon ancien groupe mais aussi en solo en acoustique. Sur la Chine c\u2019est un peu diff\u00e9rent car on ne peut pas travailler en Chine si on ne connait pas quelqu\u2019un l\u00e0-bas. Donc on a une structure de management en Chine qui s\u2019appelle \u00ab\u00a0Music\u00a0Dish \u00bb qui est op\u00e9r\u00e9e par une personne qui a grandi au Canada et qui a la chance de parler fran\u00e7ais, anglais et chinois, il est bas\u00e9 \u00e0 pleins temps \u00e0 P\u00e9kin. On a m\u00eame des opportunit\u00e9s pour y retourner afin de jouer dans un festival (il jouait dans ce festival il y a quelques jours justement).<\/p>\n<p>&nbsp;<\/p>\n<p><strong>ANR\u00a0: Comment vous financez ces d\u00e9placements\u00a0? <\/strong><\/p>\n<p><strong>Greg\u00a0:<\/strong> On finance ces voyages dans leur int\u00e9gralit\u00e9, autant te dire qu\u2019on a plus trop d\u2019\u00e9conomies (rires)<\/p>\n<p>&nbsp;<\/p>\n<p><strong>ANR\u00a0: L\u2019EP c\u2019\u00e9tait d\u00e9j\u00e0 il y a un an, vous avez quand m\u00eame fait une belle tourn\u00e9e, quels sont vos projets\u00a0? <\/strong><\/p>\n<p><strong>\u00a0<\/strong><strong>Greg\u00a0:<\/strong> Actuellement on pr\u00e9pare un split \u00e0 quatre groupes qui devrait normalement sortir en mars 2019. Il y aura un groupe australien, un groupe japonais et un groupe canadien qui seront de la partie avec nous. L\u2019id\u00e9e c\u2019est de faire jouer les synergies entre les diff\u00e9rents labels, les diff\u00e9rents public et les diff\u00e9rentes sc\u00e8nes et surtout aussi de faire d\u00e9couvrir des groupes et d\u2019amener de la nouveaut\u00e9. C\u2019est aussi un bon moyen de patienter en attendant le prochain album. Nous sommes en cours de composition mais pour tout un tas de raison \u00e7a prend du retard, mais d\u2019un autre cot\u00e9 on ne se met pas la pression car nous ne nous sommes pas fix\u00e9s d\u2019objectif de sortie.<\/p>\n<p>&nbsp;<\/p>\n<p><strong>ANR\u00a0: Tu viens de parler d\u2019album, il s\u2019agira bien d\u2019un album et pas d\u2019un EP\u00a0? <\/strong><\/p>\n<p><strong>Greg\u00a0:<\/strong> Tout \u00e0 fait, \u00e7a sera un album. Tu as l\u2019exclu\u00a0!<\/p>\n<p>&nbsp;<\/p>\n<p><strong>ANR\u00a0: Et donc, comment se passe la composition\u00a0? <\/strong><\/p>\n<p><strong>Greg\u00a0:<\/strong> Sur le dernier EP \u00ab\u00a0First The Town Then The World\u201d les compos venaient principalement de moi et ensuite r\u00e9arrang\u00e9es par le groupe. Mais l\u00e0, nous sommes dans un mode de fonctionnement un peu diff\u00e9rent o\u00f9 la composition est plus collective. Titouan le guitariste apporte beaucoup d\u2019id\u00e9es ainsi que de Tom le bassiste.<\/p>\n<p>La diff\u00e9rence aussi vient du fait qu\u2019avant j\u2019\u00e9tais le seul \u00e0 \u00e9crire des paroles alors que l\u00e0, les deux acolytes s\u2019y collent aussi donc \u00e7a sera un travail plus collectif pour l\u2019album \u00e0 venir. Je pense que sur l\u2019album il y aura une touche Trash beaucoup plus marqu\u00e9e qu\u2019avant. On va rester sur un punk rock\/ punk hardcore assez m\u00e9lodique mais dans les rythmiques on sera surement plus speed, on va mettre des bonnes tartines de doubles croches.<\/p>\n<p>&nbsp;<\/p>\n<p><strong>ANR\u00a0: Vous allez nous parler de quoi sur cet album, vous avez d\u00e9j\u00e0 une id\u00e9e\u00a0? <\/strong><\/p>\n<p><strong>Greg\u00a0:<\/strong> J\u2019ai d\u00e9j\u00e0 essay\u00e9 de me coller sur l\u2019\u00e9criture de paroles politiques ou revendicatives mais j\u2019ai trouv\u00e9 que \u00e7a ne le faisait pas. J\u2019\u00e9cris principalement sur mon exp\u00e9rience personnelle, de la vie de tourn\u00e9e, la vie du groupe et des exp\u00e9riences musicales qui sont avant tout des exp\u00e9riences humaines. Mais l\u00e0, comme l\u2019\u00e9criture va \u00eatre plus collective, dans le sens ou on sera trois \u00e0 signer les paroles et que la musique va \u00eatre un peu plus v\u00e9n\u00e8re, je pense que les paroles suivront car il y a tout de m\u00eame un contexte politique et social qui est plut\u00f4t propice \u00e0 l\u2019inspiration.<\/p>\n<p>&nbsp;<\/p>\n<p><strong>ANR\u00a0: Est-ce que tu as d\u2019autres activit\u00e9s artistiques que Bare Teeth\u00a0? <\/strong><\/p>\n<p><strong>\u00a0<\/strong><strong>Greg\u00a0:<\/strong> Je travaille sur d\u2019autres projets musicaux qui ne sont pas sp\u00e9cialement prioritaires. A c\u00f4t\u00e9 de \u00e7a j\u2019\u00e9dite \u00ab\u00a0Distrolution\u00a0\u00bb, nous sommes \u00e0 la fois un webzine et on propose aussi des services pour les groupes qui vont du rock au metal extr\u00eame qui n\u2019ont pas la possibilit\u00e9 de travailler avec des grosses structures et on leur fourni des services tels que relations presse internationale, du merch printing, duplication CD \/ vinyles \/ cassette \u00e0 des tarifs comp\u00e9titifs, on est aussi en train de d\u00e9velopper une activit\u00e9 de location de van et backline qui sera une offre plus \u00e0 destination des groupes extra europ\u00e9ens.<\/p>\n<p>&nbsp;<\/p>\n<p><strong>ANR\u00a0: Pour finir, ton welsh tu le manges avec du pain de campagne ou pain de mie\u00a0?<\/strong><\/p>\n<p><strong>Greg\u00a0:<\/strong> Non mais \u00e9videmment que c\u2019est avec du pain de campagne, il faut du pain brun pour que \u00e7a tienne un minimum sinon c\u2019est des coups \u00e0 se retrouver avec une soupe au fond du welsh et \u00e7a ne se fait pas. Faire avec du pain de mie rel\u00e8ve du crime\u00a0!<\/p>\n","protected":false},"excerpt":{"rendered":"<p>Art\u2019N Roll\u00a0: On vous laissait au printemps dernier quelques jours apr\u00e8s la sortie de votre EP \u00ab\u00a0First The Town Then The World\u00a0\u00bb, comment \u00e7a va depuis\u00a0? Greg\u00a0: \u00c7a va super bien, on a eu une actualit\u00e9 tr\u00e8s riche depuis la sortie de l\u2019EP. On a tourn\u00e9 en France, en Angleterre, en Belgique, au Pays bas, en Allemagne ainsi qu\u2019en Italie. Et en avril dernier on a tourn\u00e9 au Japon et en Chine. Pour des raisons que l\u2019on ignore on a plus de mal \u00e0 tourner en France donc petit message au tourneur, si vous \u00eates susceptibles d\u2019\u00eatre int\u00e9ress\u00e9s par faire [&hellip;]<\/p>\n","protected":false},"author":8,"featured_media":16269,"comment_status":"open","ping_status":"closed","sticky":false,"template":"","format":"standard","meta":{"_mi_skip_tracking":false,"_monsterinsights_sitenote_active":false,"_monsterinsights_sitenote_note":"","_monsterinsights_sitenote_category":0,"footnotes":""},"categories":[861,3],"tags":[1562],"class_list":["post-16268","post","type-post","status-publish","format-standard","has-post-thumbnail","hentry","category-festival","category-interviews","tag-bare-teeth"],"yoast_head":"<!-- This site is optimized with the Yoast SEO plugin v23.9 - https:\/\/yoast.com\/wordpress\/plugins\/seo\/ -->\n<title>Interview avec Greg du groupe Bare Teeth - Art&#039;n&#039;Roll Webzine<\/title>\n<meta name=\"description\" content=\"Art N Roll a profit\u00e9 de la tenue du Hellfest 2018 pour rencontrer Greg du groupe fran\u00e7ais Bare Teeth.\" \/>\n<meta name=\"robots\" content=\"index, follow, max-snippet:-1, max-image-preview:large, max-video-preview:-1\" \/>\n<link rel=\"canonical\" href=\"https:\/\/www.artnroll.net\/home\/?p=16268\" \/>\n<meta property=\"og:locale\" content=\"fr_FR\" \/>\n<meta property=\"og:type\" content=\"article\" \/>\n<meta property=\"og:title\" content=\"Interview avec Greg du groupe Bare Teeth - Art&#039;n&#039;Roll Webzine\" \/>\n<meta property=\"og:description\" content=\"Art N Roll a profit\u00e9 de la tenue du Hellfest 2018 pour rencontrer Greg du groupe fran\u00e7ais Bare Teeth.\" \/>\n<meta property=\"og:url\" content=\"https:\/\/www.artnroll.net\/home\/?p=16268\" \/>\n<meta property=\"og:site_name\" content=\"Art&#039;n&#039;Roll Webzine\" \/>\n<meta property=\"article:publisher\" content=\"https:\/\/www.facebook.com\/artnroll.net\/\" \/>\n<meta property=\"article:published_time\" content=\"2018-08-31T14:27:38+00:00\" \/>\n<meta property=\"article:modified_time\" content=\"2018-09-06T11:19:28+00:00\" \/>\n<meta property=\"og:image\" content=\"https:\/\/www.artnroll.net\/home\/wp-content\/uploads\/2018\/08\/bareteeth.jpg\" \/>\n\t<meta property=\"og:image:width\" content=\"2048\" \/>\n\t<meta property=\"og:image:height\" content=\"1536\" \/>\n\t<meta property=\"og:image:type\" content=\"image\/jpeg\" \/>\n<meta name=\"author\" content=\"Mamy\" \/>\n<meta name=\"twitter:label1\" content=\"\u00c9crit par\" \/>\n\t<meta name=\"twitter:data1\" content=\"Mamy\" \/>\n\t<meta name=\"twitter:label2\" content=\"Dur\u00e9e de lecture estim\u00e9e\" \/>\n\t<meta name=\"twitter:data2\" content=\"6 minutes\" \/>\n<script type=\"application\/ld+json\" class=\"yoast-schema-graph\">{\"@context\":\"https:\/\/schema.org\",\"@graph\":[{\"@type\":\"WebPage\",\"@id\":\"https:\/\/www.artnroll.net\/home\/?p=16268\",\"url\":\"https:\/\/www.artnroll.net\/home\/?p=16268\",\"name\":\"Interview avec Greg du groupe Bare Teeth - Art&#039;n&#039;Roll Webzine\",\"isPartOf\":{\"@id\":\"https:\/\/www.artnroll.net\/home\/#website\"},\"primaryImageOfPage\":{\"@id\":\"https:\/\/www.artnroll.net\/home\/?p=16268#primaryimage\"},\"image\":{\"@id\":\"https:\/\/www.artnroll.net\/home\/?p=16268#primaryimage\"},\"thumbnailUrl\":\"https:\/\/www.artnroll.net\/home\/wp-content\/uploads\/2018\/08\/bareteeth.jpg\",\"datePublished\":\"2018-08-31T14:27:38+00:00\",\"dateModified\":\"2018-09-06T11:19:28+00:00\",\"author\":{\"@id\":\"https:\/\/www.artnroll.net\/home\/#\/schema\/person\/b3eacb5c6b9a2c898df4376fa0d5f7b4\"},\"description\":\"Art N Roll a profit\u00e9 de la tenue du Hellfest 2018 pour rencontrer Greg du groupe fran\u00e7ais Bare Teeth.\",\"inLanguage\":\"fr-FR\",\"potentialAction\":[{\"@type\":\"ReadAction\",\"target\":[\"https:\/\/www.artnroll.net\/home\/?p=16268\"]}]},{\"@type\":\"ImageObject\",\"inLanguage\":\"fr-FR\",\"@id\":\"https:\/\/www.artnroll.net\/home\/?p=16268#primaryimage\",\"url\":\"https:\/\/www.artnroll.net\/home\/wp-content\/uploads\/2018\/08\/bareteeth.jpg\",\"contentUrl\":\"https:\/\/www.artnroll.net\/home\/wp-content\/uploads\/2018\/08\/bareteeth.jpg\",\"width\":2048,\"height\":1536},{\"@type\":\"WebSite\",\"@id\":\"https:\/\/www.artnroll.net\/home\/#website\",\"url\":\"https:\/\/www.artnroll.net\/home\/\",\"name\":\"Art&#039;n&#039;Roll Webzine\",\"description\":\"Webzine on the Rocks\",\"potentialAction\":[{\"@type\":\"SearchAction\",\"target\":{\"@type\":\"EntryPoint\",\"urlTemplate\":\"https:\/\/www.artnroll.net\/home\/?s={search_term_string}\"},\"query-input\":{\"@type\":\"PropertyValueSpecification\",\"valueRequired\":true,\"valueName\":\"search_term_string\"}}],\"inLanguage\":\"fr-FR\"},{\"@type\":\"Person\",\"@id\":\"https:\/\/www.artnroll.net\/home\/#\/schema\/person\/b3eacb5c6b9a2c898df4376fa0d5f7b4\",\"name\":\"Mamy\",\"image\":{\"@type\":\"ImageObject\",\"inLanguage\":\"fr-FR\",\"@id\":\"https:\/\/www.artnroll.net\/home\/#\/schema\/person\/image\/\",\"url\":\"https:\/\/secure.gravatar.com\/avatar\/9bd1912719daae860c026d35bc0cb4f425239b9de990104b96868edfd8d79531?s=96&d=mm&r=g\",\"contentUrl\":\"https:\/\/secure.gravatar.com\/avatar\/9bd1912719daae860c026d35bc0cb4f425239b9de990104b96868edfd8d79531?s=96&d=mm&r=g\",\"caption\":\"Mamy\"},\"url\":\"https:\/\/www.artnroll.net\/home\/?author=8\"}]}<\/script>\n<!-- \/ Yoast SEO plugin. -->","yoast_head_json":{"title":"Interview avec Greg du groupe Bare Teeth - Art&#039;n&#039;Roll Webzine","description":"Art N Roll a profit\u00e9 de la tenue du Hellfest 2018 pour rencontrer Greg du groupe fran\u00e7ais Bare Teeth.","robots":{"index":"index","follow":"follow","max-snippet":"max-snippet:-1","max-image-preview":"max-image-preview:large","max-video-preview":"max-video-preview:-1"},"canonical":"https:\/\/www.artnroll.net\/home\/?p=16268","og_locale":"fr_FR","og_type":"article","og_title":"Interview avec Greg du groupe Bare Teeth - Art&#039;n&#039;Roll Webzine","og_description":"Art N Roll a profit\u00e9 de la tenue du Hellfest 2018 pour rencontrer Greg du groupe fran\u00e7ais Bare Teeth.","og_url":"https:\/\/www.artnroll.net\/home\/?p=16268","og_site_name":"Art&#039;n&#039;Roll Webzine","article_publisher":"https:\/\/www.facebook.com\/artnroll.net\/","article_published_time":"2018-08-31T14:27:38+00:00","article_modified_time":"2018-09-06T11:19:28+00:00","og_image":[{"width":2048,"height":1536,"url":"https:\/\/www.artnroll.net\/home\/wp-content\/uploads\/2018\/08\/bareteeth.jpg","type":"image\/jpeg"}],"author":"Mamy","twitter_misc":{"\u00c9crit par":"Mamy","Dur\u00e9e de lecture estim\u00e9e":"6 minutes"},"schema":{"@context":"https:\/\/schema.org","@graph":[{"@type":"WebPage","@id":"https:\/\/www.artnroll.net\/home\/?p=16268","url":"https:\/\/www.artnroll.net\/home\/?p=16268","name":"Interview avec Greg du groupe Bare Teeth - Art&#039;n&#039;Roll Webzine","isPartOf":{"@id":"https:\/\/www.artnroll.net\/home\/#website"},"primaryImageOfPage":{"@id":"https:\/\/www.artnroll.net\/home\/?p=16268#primaryimage"},"image":{"@id":"https:\/\/www.artnroll.net\/home\/?p=16268#primaryimage"},"thumbnailUrl":"https:\/\/www.artnroll.net\/home\/wp-content\/uploads\/2018\/08\/bareteeth.jpg","datePublished":"2018-08-31T14:27:38+00:00","dateModified":"2018-09-06T11:19:28+00:00","author":{"@id":"https:\/\/www.artnroll.net\/home\/#\/schema\/person\/b3eacb5c6b9a2c898df4376fa0d5f7b4"},"description":"Art N Roll a profit\u00e9 de la tenue du Hellfest 2018 pour rencontrer Greg du groupe fran\u00e7ais Bare Teeth.","inLanguage":"fr-FR","potentialAction":[{"@type":"ReadAction","target":["https:\/\/www.artnroll.net\/home\/?p=16268"]}]},{"@type":"ImageObject","inLanguage":"fr-FR","@id":"https:\/\/www.artnroll.net\/home\/?p=16268#primaryimage","url":"https:\/\/www.artnroll.net\/home\/wp-content\/uploads\/2018\/08\/bareteeth.jpg","contentUrl":"https:\/\/www.artnroll.net\/home\/wp-content\/uploads\/2018\/08\/bareteeth.jpg","width":2048,"height":1536},{"@type":"WebSite","@id":"https:\/\/www.artnroll.net\/home\/#website","url":"https:\/\/www.artnroll.net\/home\/","name":"Art&#039;n&#039;Roll Webzine","description":"Webzine on the Rocks","potentialAction":[{"@type":"SearchAction","target":{"@type":"EntryPoint","urlTemplate":"https:\/\/www.artnroll.net\/home\/?s={search_term_string}"},"query-input":{"@type":"PropertyValueSpecification","valueRequired":true,"valueName":"search_term_string"}}],"inLanguage":"fr-FR"},{"@type":"Person","@id":"https:\/\/www.artnroll.net\/home\/#\/schema\/person\/b3eacb5c6b9a2c898df4376fa0d5f7b4","name":"Mamy","image":{"@type":"ImageObject","inLanguage":"fr-FR","@id":"https:\/\/www.artnroll.net\/home\/#\/schema\/person\/image\/","url":"https:\/\/secure.gravatar.com\/avatar\/9bd1912719daae860c026d35bc0cb4f425239b9de990104b96868edfd8d79531?s=96&d=mm&r=g","contentUrl":"https:\/\/secure.gravatar.com\/avatar\/9bd1912719daae860c026d35bc0cb4f425239b9de990104b96868edfd8d79531?s=96&d=mm&r=g","caption":"Mamy"},"url":"https:\/\/www.artnroll.net\/home\/?author=8"}]}},"_links":{"self":[{"href":"https:\/\/www.artnroll.net\/home\/index.php?rest_route=\/wp\/v2\/posts\/16268","targetHints":{"allow":["GET"]}}],"collection":[{"href":"https:\/\/www.artnroll.net\/home\/index.php?rest_route=\/wp\/v2\/posts"}],"about":[{"href":"https:\/\/www.artnroll.net\/home\/index.php?rest_route=\/wp\/v2\/types\/post"}],"author":[{"embeddable":true,"href":"https:\/\/www.artnroll.net\/home\/index.php?rest_route=\/wp\/v2\/users\/8"}],"replies":[{"embeddable":true,"href":"https:\/\/www.artnroll.net\/home\/index.php?rest_route=%2Fwp%2Fv2%2Fcomments&post=16268"}],"version-history":[{"count":2,"href":"https:\/\/www.artnroll.net\/home\/index.php?rest_route=\/wp\/v2\/posts\/16268\/revisions"}],"predecessor-version":[{"id":16320,"href":"https:\/\/www.artnroll.net\/home\/index.php?rest_route=\/wp\/v2\/posts\/16268\/revisions\/16320"}],"wp:featuredmedia":[{"embeddable":true,"href":"https:\/\/www.artnroll.net\/home\/index.php?rest_route=\/wp\/v2\/media\/16269"}],"wp:attachment":[{"href":"https:\/\/www.artnroll.net\/home\/index.php?rest_route=%2Fwp%2Fv2%2Fmedia&parent=16268"}],"wp:term":[{"taxonomy":"category","embeddable":true,"href":"https:\/\/www.artnroll.net\/home\/index.php?rest_route=%2Fwp%2Fv2%2Fcategories&post=16268"},{"taxonomy":"post_tag","embeddable":true,"href":"https:\/\/www.artnroll.net\/home\/index.php?rest_route=%2Fwp%2Fv2%2Ftags&post=16268"}],"curies":[{"name":"wp","href":"https:\/\/api.w.org\/{rel}","templated":true}]}}