{"id":16251,"date":"2018-08-31T16:23:03","date_gmt":"2018-08-31T14:23:03","guid":{"rendered":"http:\/\/www.artnroll.net\/home\/?p=16251"},"modified":"2018-08-31T16:23:03","modified_gmt":"2018-08-31T14:23:03","slug":"interview-groupe-black-bomb-a-2","status":"publish","type":"post","link":"https:\/\/www.artnroll.net\/home\/?p=16251","title":{"rendered":"Interview du groupe Black Bomb A"},"content":{"rendered":"<p>&nbsp;<\/p>\n<p><strong>Art N Roll\u00a0: Comme vous sentez vous apr\u00e8s votre show au Hellfest\u00a0? (Ndlr, le groupe vient de sortir de la mainstage)<\/strong><\/p>\n<p>G\u00e9nial\u00a0! C\u2019est la branl\u00e9e mec, tout le monde sourit, toute la foule qu\u2019il y avait c\u2019\u00e9tait vraiment g\u00e9nial\u00a0!<\/p>\n<p><strong>\u00a0<\/strong><\/p>\n<p><strong>ANR\u00a0: Comment pr\u00e9parez-vous votre show pour un festival comme le Hellfest\u00a0?<\/strong><\/p>\n<p>On r\u00e9p\u00e8te et on casse des bouches\u00a0! Mais apr\u00e8s, c\u2019est vrai qu\u2019on a que 30 minutes donc on doit envoyer. On choisit les morceaux qui percutent le plus. Il faut que ce soit \u00ab\u00a0BIM\u00a0\u00bb, efficace, il faut que \u00e7a marque. On n\u2019est pas l\u00e0 pour enfiler des perles.<\/p>\n<p><strong>\u00a0<\/strong><\/p>\n<p><strong>ANR\u00a0: Votre dernier album \u00ab\u00a0Comfortable hate \u00bb est sorti en 2015 et le live en 2016. Comment ont \u00e9t\u00e9 les retours sur ces 2 sorties\u00a0? <\/strong><\/p>\n<p>C\u2019est plut\u00f4t cool je pense. Avec BBA, on est toujours install\u00e9 mais c\u2019est vrai que l\u00e0, on s\u2019est un petit peu calm\u00e9 pour pouvoir composer sur le nouvel album. Donc effectivement, on a fait une pause, on a moins \u00e9t\u00e9 dans la vision et plus dans notre studio \u00e0 bosser sur le truc et faire une bonne pause. On a pu bosser sur un truc vraiment carton. C\u2019est la premi\u00e8re fois qu\u2019on prend le temps de faire une pr\u00e9-prod et tout. On a \u00e9t\u00e9 s\u00e9rieux\u00a0cette fois !<\/p>\n<p>Jusqu\u2019\u00e0 pr\u00e9sent, on a \u00e9t\u00e9 que des gros punks, \u00e0 le faire un petit peu comme \u00e7a marche, \u00e0 l\u2019arrache. Et l\u00e0, avec les ann\u00e9es, on s\u2019est dit tiens, on va essayer de faire autrement. Et ce n\u2019est pas d\u00e9gueulasse\u00a0! du coup, on arrive un peu plus s\u00fbr en studio, avec des maquettes cette fois.<\/p>\n<p>&nbsp;<\/p>\n<p><strong>ANR\u00a0: Il y a-t-il des groupes que vous voulez voir ce weekend\u00a0?<\/strong><\/p>\n<p>Body Count\u00a0! \u00c7a va \u00eatre la guerre, la grosse guerre\u00a0!<\/p>\n<p>Exhorder demain aussi et il y a Dalek que j\u2019aimerais bien aller voir. Mais il y a plein d\u2019autre truc \u00e0 voir, on va aller au fil du truc, en fonction du temps et de l\u2019espace.<\/p>\n<p>&nbsp;<\/p>\n<p><strong>ANR\u00a0: Vous avez r\u00e9cemment sorti un premier extrait de votre futur album, le tr\u00e8s court et explosif \u00ab\u00a0wake up\u00a0\u00bb. Comment sont les premiers retours sur celui-ci\u00a0?<\/strong><\/p>\n<p>Ben c\u2019est tout jeune donc les retours, pour l\u2019instant, c\u2019est surtout les vues et les commentaires sur Youtube. On a mat\u00e9 quelques commentaires m\u00eame si je n\u2019aime pas trop et \u00e7a a \u00e9t\u00e9 super positif par rapport \u00e0 l\u2019ambiance g\u00e9n\u00e9rale, m\u00eame s\u2019il y a toujours du pour et du contre. Mais l\u00e0, c\u2019est un retour g\u00e9n\u00e9ral presque unanime. On \u00e9tait vraiment content\u00a0!<\/p>\n<p><strong>\u00a0<\/strong><\/p>\n<p><strong>ANR\u00a0: Concernant le futur album \u00e9ponyme \u00e0 paraitre en octobre 2018, comment c\u2019est passer la cr\u00e9ation de cet album\u00a0?<\/strong><\/p>\n<p>Alors l\u00e0, l\u2019album est enregistr\u00e9 et il passe au mix le mois prochain. On en a pour 15 jours et apr\u00e8s, on aura le b\u00e9b\u00e9 entre les mains. Et on est super impatient parce que l\u00e0, on a les mises \u00e0 plat et on est en train de fabuler\u00a0! On est d\u00e9j\u00e0 tr\u00e8s contents de ces mises \u00e0 plat qui ont un son de ouf. On a boss\u00e9 avec St\u00e9phane Buriez pour les chants et les guitares et avec Francis Caste au studio Sainte Marthe pour les basses et les batteries.<\/p>\n<p>On a s\u00e9par\u00e9 les enregistrements pour plus de confort. On avait envie de travailler au niveau du chant avec Bubu parce qu\u2019on se connait depuis des ann\u00e9es et on avait d\u00e9j\u00e0 fait des albums ensemble. Mais on n\u2019avait jamais travaill\u00e9 avec Caste. C\u2019\u00e9tait une nouveaut\u00e9 en fait pour nous et c\u2019\u00e9tait une tr\u00e8s belle surprise. Il est g\u00e9nial et humainement adorable. Et c\u2019est un putain de producteur avec une super oreille\u00a0! Il a fait des albums que nous on \u00e9coute comme Hangman\u2019s Chair, Bukowski, les Butcher Rodeo, etc. C\u2019est un putain de bonhomme, vraiment\u00a0!<\/p>\n<p>&nbsp;<br \/>\n\t[masterslider id=\u00a0\u00bb17&Prime;]<br \/>\n<strong>ANR\u00a0: Pourquoi faire un \u00e9ponyme avec ce 7<sup>\u00e8me<\/sup> album\u00a0?<\/strong><\/p>\n<p>Alors, on ne va pas te dire \u00ab\u00a0parce qu\u2019on n\u2019a pas trouv\u00e9 de nom\u00a0\u00bb, mais on s\u2019est dit voil\u00e0, c\u2019est cet album et pourquoi pas\u00a0?\u00a0 Alors il est l\u00e0, avec juste le logo et bam dans ta gueule. \u00c7a fait plus de 20 ans qu\u2019on est l\u00e0 et on voulait revenir en force avec un album auquel on croit, o\u00f9 il y a vraiment un truc super intense. Certains fans vont se dire qu\u2019on est revenu \u00e0 un truc du d\u00e9but, peut-\u00eatre. Mais je pense qu\u2019il y a effectivement cette \u00e9nergie du d\u00e9but qui est pr\u00e9sente.<\/p>\n<p>On est super impatient que les gens \u00e9coutent \u00e7a.<\/p>\n<p>&nbsp;<\/p>\n<p><strong>ANR\u00a0: Vous avez toujours altern\u00e9 les passages en voix clairs, HxC et death. Comment vous r\u00e9partissez-vous les parties chants\u00a0?<\/strong><\/p>\n<p>C\u2019est assez instinctif quand on compose en fait. Avec le respect de laisser la place \u00e0 l\u2019autre. On se dit des fois \u00ab\u00a0tiens, Arno se place l\u00e0, ou Poun ici\u00a0\u00bb et puis finalement on laisse la place \u00e0 l\u2019autre quand on prend trop de place et si \u00e7a passe mieux. On essaye de trouver un \u00e9quilibre qui soit vraiment percutant. On essaye vraiment que chacun en ai vraiment pour son compte et pas qu\u2019il y en ai un qui prenne le dessus sur l\u2019autre. Mais toujours pour servir le morceau. On ne compte pas les syllabes, quand \u00e7a marche, c\u2019est bon pour nous.<\/p>\n<p>&nbsp;<\/p>\n<p><strong>ANR\u00a0: Il y a-t-il quelque chose que vous n\u2019avez pas encore fait avec le groupe que vous aimeriez faire\u00a0?<\/strong><\/p>\n<p>Je ne vois pas honn\u00eatement. On a toujours laiss\u00e9 faire les choses justement. On verra, ce sera au feeling car on ne calcule rien en fait. Musicalement, on a d\u00e9j\u00e0 fait des morceaux acoustiques parce qu\u2019on avait envie et des trucs comme \u00e7a. Mais non, ce n\u2019est vraiment pas calcul\u00e9. On pourrait faire du zouk\u00a0! (Rires)<\/p>\n<p>On se fait avant tout plaisir \u00e0 nous et on esp\u00e8re que \u00e7a plaira aux fans et voil\u00e0.<\/p>\n<p>&nbsp;<\/p>\n<p><strong>ANR\u00a0: Quel est votre souvenir de tourn\u00e9e le plus dingue\u00a0?<\/strong><\/p>\n<p>Le souvenir le plus dingue, c\u2019est quand on a rencontr\u00e9 the Exploited la premi\u00e8re fois. On est arriv\u00e9 sur un festoche et il y a un anglais qui vient nous interpeller et nous demande \u00ab\u00a0je peux vous prendre en photo\u00a0?\u00a0\u00bb. On venait juste d\u2019arriver, la gueule dans le cul apr\u00e8s je ne sais pas combien d\u2019heures de trajet. On fait ok, c\u2019\u00e9tait dans le catering tout \u00e7a. Et il y a Sam (guitare) qui fait \u00ab\u00a0heu les gars, je crois que c\u2019est le batteur d\u2019Exploited\u2026\u00a0\u00bb. En fait, les mecs aiment bien ce qu\u2019on fait et nous, on est super fans d\u2019eux aussi. On a hallucin\u00e9\u00a0! Et depuis, on est devenu potes avec tous les membres et on a jou\u00e9 plusieurs fois ensemble. C\u2019est une belle histoire parmi tant d\u2019autres\u00a0!<\/p>\n<p>&nbsp;<\/p>\n<p><strong>ANR\u00a0: Il y a-t-il une autre activit\u00e9 artistique (ou autre) que vous pratiquez en dehors du groupe\u00a0? <\/strong><\/p>\n<p>Il y en a\u00a0! Herv\u00e9 (batterie) joue \u00e9galement dans Loudblast et a aussi d\u2019autres projets dont il ne faut pas encore parler maintenant.<\/p>\n<p>Poun a le Bal des enrag\u00e9s aussi et moi (Arno) j\u2019ai relanc\u00e9 No flag. En fait, notre priorit\u00e9 va \u00e0 BBA parce que c\u2019est nous. Et apr\u00e8s, on se fait plaisir quand on peut le faire et qu\u2019on en a le temps.<\/p>\n","protected":false},"excerpt":{"rendered":"<p>&nbsp; Art N Roll\u00a0: Comme vous sentez vous apr\u00e8s votre show au Hellfest\u00a0? (Ndlr, le groupe vient de sortir de la mainstage) G\u00e9nial\u00a0! C\u2019est la branl\u00e9e mec, tout le monde sourit, toute la foule qu\u2019il y avait c\u2019\u00e9tait vraiment g\u00e9nial\u00a0! \u00a0 ANR\u00a0: Comment pr\u00e9parez-vous votre show pour un festival comme le Hellfest\u00a0? On r\u00e9p\u00e8te et on casse des bouches\u00a0! Mais apr\u00e8s, c\u2019est vrai qu\u2019on a que 30 minutes donc on doit envoyer. On choisit les morceaux qui percutent le plus. Il faut que ce soit \u00ab\u00a0BIM\u00a0\u00bb, efficace, il faut que \u00e7a marque. On n\u2019est pas l\u00e0 pour enfiler des perles. [&hellip;]<\/p>\n","protected":false},"author":28,"featured_media":16266,"comment_status":"open","ping_status":"closed","sticky":false,"template":"","format":"standard","meta":{"_mi_skip_tracking":false,"_monsterinsights_sitenote_active":false,"_monsterinsights_sitenote_note":"","_monsterinsights_sitenote_category":0,"footnotes":""},"categories":[861,3],"tags":[126],"class_list":["post-16251","post","type-post","status-publish","format-standard","has-post-thumbnail","hentry","category-festival","category-interviews","tag-black-bomb-a"],"yoast_head":"<!-- This site is optimized with the Yoast SEO plugin v23.9 - https:\/\/yoast.com\/wordpress\/plugins\/seo\/ -->\n<title>Interview du groupe Black Bomb A - Art&#039;n&#039;Roll Webzine<\/title>\n<meta name=\"description\" content=\"Art N Roll a pu rencontrer les deux chanteurs du groupe fran\u00e7ais Black Bomb A pour \u00e9changer suite \u00e0 leur concert sur la Mainstage du Hellfest 2018.\" \/>\n<meta name=\"robots\" content=\"index, follow, max-snippet:-1, max-image-preview:large, max-video-preview:-1\" \/>\n<link rel=\"canonical\" href=\"https:\/\/www.artnroll.net\/home\/?p=16251\" \/>\n<meta property=\"og:locale\" content=\"fr_FR\" \/>\n<meta property=\"og:type\" content=\"article\" \/>\n<meta property=\"og:title\" content=\"Interview du groupe Black Bomb A - Art&#039;n&#039;Roll Webzine\" \/>\n<meta property=\"og:description\" content=\"Art N Roll a pu rencontrer les deux chanteurs du groupe fran\u00e7ais Black Bomb A pour \u00e9changer suite \u00e0 leur concert sur la Mainstage du Hellfest 2018.\" \/>\n<meta property=\"og:url\" content=\"https:\/\/www.artnroll.net\/home\/?p=16251\" \/>\n<meta property=\"og:site_name\" content=\"Art&#039;n&#039;Roll Webzine\" \/>\n<meta property=\"article:publisher\" content=\"https:\/\/www.facebook.com\/artnroll.net\/\" \/>\n<meta property=\"article:published_time\" content=\"2018-08-31T14:23:03+00:00\" \/>\n<meta property=\"og:image\" content=\"https:\/\/www.artnroll.net\/home\/wp-content\/uploads\/2018\/08\/DSC_7755-1.jpg\" \/>\n\t<meta property=\"og:image:width\" content=\"947\" \/>\n\t<meta property=\"og:image:height\" content=\"631\" \/>\n\t<meta property=\"og:image:type\" content=\"image\/jpeg\" \/>\n<meta name=\"author\" content=\"Pish\" \/>\n<meta name=\"twitter:label1\" content=\"\u00c9crit par\" \/>\n\t<meta name=\"twitter:data1\" content=\"Pish\" \/>\n\t<meta name=\"twitter:label2\" content=\"Dur\u00e9e de lecture estim\u00e9e\" \/>\n\t<meta name=\"twitter:data2\" content=\"6 minutes\" \/>\n<script type=\"application\/ld+json\" class=\"yoast-schema-graph\">{\"@context\":\"https:\/\/schema.org\",\"@graph\":[{\"@type\":\"WebPage\",\"@id\":\"https:\/\/www.artnroll.net\/home\/?p=16251\",\"url\":\"https:\/\/www.artnroll.net\/home\/?p=16251\",\"name\":\"Interview du groupe Black Bomb A - Art&#039;n&#039;Roll Webzine\",\"isPartOf\":{\"@id\":\"https:\/\/www.artnroll.net\/home\/#website\"},\"primaryImageOfPage\":{\"@id\":\"https:\/\/www.artnroll.net\/home\/?p=16251#primaryimage\"},\"image\":{\"@id\":\"https:\/\/www.artnroll.net\/home\/?p=16251#primaryimage\"},\"thumbnailUrl\":\"https:\/\/www.artnroll.net\/home\/wp-content\/uploads\/2018\/08\/DSC_7755-1.jpg\",\"datePublished\":\"2018-08-31T14:23:03+00:00\",\"dateModified\":\"2018-08-31T14:23:03+00:00\",\"author\":{\"@id\":\"https:\/\/www.artnroll.net\/home\/#\/schema\/person\/3a316fc378a12be6c63c9e0674303901\"},\"description\":\"Art N Roll a pu rencontrer les deux chanteurs du groupe fran\u00e7ais Black Bomb A pour \u00e9changer suite \u00e0 leur concert sur la Mainstage du Hellfest 2018.\",\"inLanguage\":\"fr-FR\",\"potentialAction\":[{\"@type\":\"ReadAction\",\"target\":[\"https:\/\/www.artnroll.net\/home\/?p=16251\"]}]},{\"@type\":\"ImageObject\",\"inLanguage\":\"fr-FR\",\"@id\":\"https:\/\/www.artnroll.net\/home\/?p=16251#primaryimage\",\"url\":\"https:\/\/www.artnroll.net\/home\/wp-content\/uploads\/2018\/08\/DSC_7755-1.jpg\",\"contentUrl\":\"https:\/\/www.artnroll.net\/home\/wp-content\/uploads\/2018\/08\/DSC_7755-1.jpg\",\"width\":947,\"height\":631},{\"@type\":\"WebSite\",\"@id\":\"https:\/\/www.artnroll.net\/home\/#website\",\"url\":\"https:\/\/www.artnroll.net\/home\/\",\"name\":\"Art&#039;n&#039;Roll Webzine\",\"description\":\"Webzine on the Rocks\",\"potentialAction\":[{\"@type\":\"SearchAction\",\"target\":{\"@type\":\"EntryPoint\",\"urlTemplate\":\"https:\/\/www.artnroll.net\/home\/?s={search_term_string}\"},\"query-input\":{\"@type\":\"PropertyValueSpecification\",\"valueRequired\":true,\"valueName\":\"search_term_string\"}}],\"inLanguage\":\"fr-FR\"},{\"@type\":\"Person\",\"@id\":\"https:\/\/www.artnroll.net\/home\/#\/schema\/person\/3a316fc378a12be6c63c9e0674303901\",\"name\":\"Pish\",\"image\":{\"@type\":\"ImageObject\",\"inLanguage\":\"fr-FR\",\"@id\":\"https:\/\/www.artnroll.net\/home\/#\/schema\/person\/image\/\",\"url\":\"https:\/\/secure.gravatar.com\/avatar\/b8dbb74d2778e809d8430681b9bac612f20906effe1018726dc4c5dda291001d?s=96&d=mm&r=g\",\"contentUrl\":\"https:\/\/secure.gravatar.com\/avatar\/b8dbb74d2778e809d8430681b9bac612f20906effe1018726dc4c5dda291001d?s=96&d=mm&r=g\",\"caption\":\"Pish\"},\"url\":\"https:\/\/www.artnroll.net\/home\/?author=28\"}]}<\/script>\n<!-- \/ Yoast SEO plugin. -->","yoast_head_json":{"title":"Interview du groupe Black Bomb A - Art&#039;n&#039;Roll Webzine","description":"Art N Roll a pu rencontrer les deux chanteurs du groupe fran\u00e7ais Black Bomb A pour \u00e9changer suite \u00e0 leur concert sur la Mainstage du Hellfest 2018.","robots":{"index":"index","follow":"follow","max-snippet":"max-snippet:-1","max-image-preview":"max-image-preview:large","max-video-preview":"max-video-preview:-1"},"canonical":"https:\/\/www.artnroll.net\/home\/?p=16251","og_locale":"fr_FR","og_type":"article","og_title":"Interview du groupe Black Bomb A - Art&#039;n&#039;Roll Webzine","og_description":"Art N Roll a pu rencontrer les deux chanteurs du groupe fran\u00e7ais Black Bomb A pour \u00e9changer suite \u00e0 leur concert sur la Mainstage du Hellfest 2018.","og_url":"https:\/\/www.artnroll.net\/home\/?p=16251","og_site_name":"Art&#039;n&#039;Roll Webzine","article_publisher":"https:\/\/www.facebook.com\/artnroll.net\/","article_published_time":"2018-08-31T14:23:03+00:00","og_image":[{"width":947,"height":631,"url":"https:\/\/www.artnroll.net\/home\/wp-content\/uploads\/2018\/08\/DSC_7755-1.jpg","type":"image\/jpeg"}],"author":"Pish","twitter_misc":{"\u00c9crit par":"Pish","Dur\u00e9e de lecture estim\u00e9e":"6 minutes"},"schema":{"@context":"https:\/\/schema.org","@graph":[{"@type":"WebPage","@id":"https:\/\/www.artnroll.net\/home\/?p=16251","url":"https:\/\/www.artnroll.net\/home\/?p=16251","name":"Interview du groupe Black Bomb A - Art&#039;n&#039;Roll Webzine","isPartOf":{"@id":"https:\/\/www.artnroll.net\/home\/#website"},"primaryImageOfPage":{"@id":"https:\/\/www.artnroll.net\/home\/?p=16251#primaryimage"},"image":{"@id":"https:\/\/www.artnroll.net\/home\/?p=16251#primaryimage"},"thumbnailUrl":"https:\/\/www.artnroll.net\/home\/wp-content\/uploads\/2018\/08\/DSC_7755-1.jpg","datePublished":"2018-08-31T14:23:03+00:00","dateModified":"2018-08-31T14:23:03+00:00","author":{"@id":"https:\/\/www.artnroll.net\/home\/#\/schema\/person\/3a316fc378a12be6c63c9e0674303901"},"description":"Art N Roll a pu rencontrer les deux chanteurs du groupe fran\u00e7ais Black Bomb A pour \u00e9changer suite \u00e0 leur concert sur la Mainstage du Hellfest 2018.","inLanguage":"fr-FR","potentialAction":[{"@type":"ReadAction","target":["https:\/\/www.artnroll.net\/home\/?p=16251"]}]},{"@type":"ImageObject","inLanguage":"fr-FR","@id":"https:\/\/www.artnroll.net\/home\/?p=16251#primaryimage","url":"https:\/\/www.artnroll.net\/home\/wp-content\/uploads\/2018\/08\/DSC_7755-1.jpg","contentUrl":"https:\/\/www.artnroll.net\/home\/wp-content\/uploads\/2018\/08\/DSC_7755-1.jpg","width":947,"height":631},{"@type":"WebSite","@id":"https:\/\/www.artnroll.net\/home\/#website","url":"https:\/\/www.artnroll.net\/home\/","name":"Art&#039;n&#039;Roll Webzine","description":"Webzine on the Rocks","potentialAction":[{"@type":"SearchAction","target":{"@type":"EntryPoint","urlTemplate":"https:\/\/www.artnroll.net\/home\/?s={search_term_string}"},"query-input":{"@type":"PropertyValueSpecification","valueRequired":true,"valueName":"search_term_string"}}],"inLanguage":"fr-FR"},{"@type":"Person","@id":"https:\/\/www.artnroll.net\/home\/#\/schema\/person\/3a316fc378a12be6c63c9e0674303901","name":"Pish","image":{"@type":"ImageObject","inLanguage":"fr-FR","@id":"https:\/\/www.artnroll.net\/home\/#\/schema\/person\/image\/","url":"https:\/\/secure.gravatar.com\/avatar\/b8dbb74d2778e809d8430681b9bac612f20906effe1018726dc4c5dda291001d?s=96&d=mm&r=g","contentUrl":"https:\/\/secure.gravatar.com\/avatar\/b8dbb74d2778e809d8430681b9bac612f20906effe1018726dc4c5dda291001d?s=96&d=mm&r=g","caption":"Pish"},"url":"https:\/\/www.artnroll.net\/home\/?author=28"}]}},"_links":{"self":[{"href":"https:\/\/www.artnroll.net\/home\/index.php?rest_route=\/wp\/v2\/posts\/16251","targetHints":{"allow":["GET"]}}],"collection":[{"href":"https:\/\/www.artnroll.net\/home\/index.php?rest_route=\/wp\/v2\/posts"}],"about":[{"href":"https:\/\/www.artnroll.net\/home\/index.php?rest_route=\/wp\/v2\/types\/post"}],"author":[{"embeddable":true,"href":"https:\/\/www.artnroll.net\/home\/index.php?rest_route=\/wp\/v2\/users\/28"}],"replies":[{"embeddable":true,"href":"https:\/\/www.artnroll.net\/home\/index.php?rest_route=%2Fwp%2Fv2%2Fcomments&post=16251"}],"version-history":[{"count":2,"href":"https:\/\/www.artnroll.net\/home\/index.php?rest_route=\/wp\/v2\/posts\/16251\/revisions"}],"predecessor-version":[{"id":16267,"href":"https:\/\/www.artnroll.net\/home\/index.php?rest_route=\/wp\/v2\/posts\/16251\/revisions\/16267"}],"wp:featuredmedia":[{"embeddable":true,"href":"https:\/\/www.artnroll.net\/home\/index.php?rest_route=\/wp\/v2\/media\/16266"}],"wp:attachment":[{"href":"https:\/\/www.artnroll.net\/home\/index.php?rest_route=%2Fwp%2Fv2%2Fmedia&parent=16251"}],"wp:term":[{"taxonomy":"category","embeddable":true,"href":"https:\/\/www.artnroll.net\/home\/index.php?rest_route=%2Fwp%2Fv2%2Fcategories&post=16251"},{"taxonomy":"post_tag","embeddable":true,"href":"https:\/\/www.artnroll.net\/home\/index.php?rest_route=%2Fwp%2Fv2%2Ftags&post=16251"}],"curies":[{"name":"wp","href":"https:\/\/api.w.org\/{rel}","templated":true}]}}