{"id":11832,"date":"2017-04-10T19:27:22","date_gmt":"2017-04-10T17:27:22","guid":{"rendered":"http:\/\/www.artnroll.net\/home\/?p=11832"},"modified":"2017-04-12T16:49:59","modified_gmt":"2017-04-12T14:49:59","slug":"interview-de-brieg-guerveno","status":"publish","type":"post","link":"https:\/\/www.artnroll.net\/home\/?p=11832","title":{"rendered":"Interview de Brieg Guerveno"},"content":{"rendered":"<p><img loading=\"lazy\" decoding=\"async\" class=\"wp-image-11834 aligncenter\" src=\"http:\/\/www.artnroll.net\/home\/wp-content\/uploads\/2017\/04\/14492360_1203937429662847_6455812731749986051_n-300x111.jpg\" alt=\"\" width=\"540\" height=\"200\" srcset=\"https:\/\/www.artnroll.net\/home\/wp-content\/uploads\/2017\/04\/14492360_1203937429662847_6455812731749986051_n-300x111.jpg 300w, https:\/\/www.artnroll.net\/home\/wp-content\/uploads\/2017\/04\/14492360_1203937429662847_6455812731749986051_n-768x284.jpg 768w, https:\/\/www.artnroll.net\/home\/wp-content\/uploads\/2017\/04\/14492360_1203937429662847_6455812731749986051_n-600x222.jpg 600w, https:\/\/www.artnroll.net\/home\/wp-content\/uploads\/2017\/04\/14492360_1203937429662847_6455812731749986051_n.jpg 851w\" sizes=\"auto, (max-width: 540px) 100vw, 540px\" \/><\/p>\n<p>Art N Roll a rencontr\u00e9 Brieg Guerveno juste avant son concert acoustique en premi\u00e8re partie de Klone.<\/p>\n<p>&nbsp;<\/p>\n<p><strong>Art N Roll\u00a0: Pour commencer, pourriez-vous nous parler de votre parcours\u00a0?<\/strong><\/p>\n<p><strong>Brieg Guerveno\u00a0:<\/strong> Ce projet c\u2019est un projet d\u2019auteur et de compositeur \u00e0 mon nom. J\u2019ai sorti 3 albums et 1 EP. La particularit\u00e9 de mon projet est de chanter en langue bretonne. J\u2019\u00e9volue dans un style rock progressif avec un c\u00f4t\u00e9 metal mais pas que, il y a un c\u00f4t\u00e9 rock des ann\u00e9es 70.<\/p>\n<p>&nbsp;<\/p>\n<p><strong>ANR\u00a0: Comment d\u00e9cririez-vous votre musique\u00a0?<\/strong><\/p>\n<p><strong>Brieg\u00a0:<\/strong> C\u2019est ce qui est le plus proche parce que l\u2019on s\u2019affranchit des fronti\u00e8res et des codes comme le faisaient les musiciens des groupes de rock des ann\u00e9es 70. Le fait d\u2019avoir des albums<\/p>\n<p>On dit progressif mais si on ne peut pas dire que ma musique est compl\u00e8tement dans cette lign\u00e9e m\u00eame si aujourd\u2019hui \u00e7a ne veut plus rien dire. On peut dire que Radiohead est assez progressif dans sa fa\u00e7on de faire. C\u2019est un terme large mais la seule \u00e9tiquette trouv\u00e9e.<\/p>\n<p>&nbsp;<\/p>\n<p><strong>ANR\u00a0: En novembre dernier vous avez sorti votre troisi\u00e8me album. Comment percevez-vous l\u2019\u00e9volution de votre musique entre ces diff\u00e9rents opus\u00a0?<\/strong><\/p>\n<p><strong>Brieg\u00a0:<\/strong> Il y a eu un virage de pris entre du folk et du rock m\u00e9tal. Avant j\u2019\u00e9tais dans un cloisonnement artistique r\u00e9gional. Je pense que ma musique a actuellement une port\u00e9e plus internationale.<\/p>\n<p>&nbsp;<\/p>\n<p><strong>ANR\u00a0: Quand on \u00e9coute Valgori, vertige en breton, on ressent beaucoup d\u2019\u00e9motions diff\u00e9rentes. De la m\u00e9lancolie, de la col\u00e8re, mais pas seulement. Que cherchiez-vous \u00e0 transmettre\u00a0?<\/strong><\/p>\n<p><strong>Brieg\u00a0:<\/strong> C\u2019est inh\u00e9rent \u00e0 ma personnalit\u00e9 artistique. La Bretagne c\u2019est une terre, une langue, un peuple de coutume de tradition. On a deux facettes. Un c\u00f4t\u00e9 festif et une face un peu plus sombre qui est li\u00e9e \u00e0 l\u2019histoire du peuple breton. C\u2019est une langue qui transcende la m\u00e9lancolie. En Bretagne il y a les chants de \u00ab\u00a0gwerz\u00a0\u00bb, des complaintes, c\u2019est souvent des textes de faits divers qui \u00e9taient relat\u00e9s. Ce sont des chants qui parlent de deuil, de mort, de trag\u00e9die. Pour moi, l\u2019ambition s\u2019\u00e9tait de permettre \u00e0 la langue de s\u2019\u00e9panouir dans une musique plus actuelle.<\/p>\n<p>&nbsp;<\/p>\n<p><strong><img loading=\"lazy\" decoding=\"async\" class=\"size-medium wp-image-11833 alignleft\" src=\"http:\/\/www.artnroll.net\/home\/wp-content\/uploads\/2017\/04\/1511440_646761712047091_761695616_n-300x200.jpg\" alt=\"\" width=\"300\" height=\"200\" srcset=\"https:\/\/www.artnroll.net\/home\/wp-content\/uploads\/2017\/04\/1511440_646761712047091_761695616_n-300x200.jpg 300w, https:\/\/www.artnroll.net\/home\/wp-content\/uploads\/2017\/04\/1511440_646761712047091_761695616_n-768x513.jpg 768w, https:\/\/www.artnroll.net\/home\/wp-content\/uploads\/2017\/04\/1511440_646761712047091_761695616_n-600x401.jpg 600w, https:\/\/www.artnroll.net\/home\/wp-content\/uploads\/2017\/04\/1511440_646761712047091_761695616_n.jpg 800w\" sizes=\"auto, (max-width: 300px) 100vw, 300px\" \/><\/strong><\/p>\n<p><strong>ANR\u00a0: Pouvez-vous nous dire un mot sur votre processus cr\u00e9atif\u00a0? <\/strong><\/p>\n<p><strong>Brieg\u00a0:<\/strong> Parfois je commence par des textes, parfois \u00e0 partir d\u2019id\u00e9es de musique en groupe. C\u2019est selon comment \u00e7a vient. Il n\u2019y a pas de cahier des charges. Certaines chansons mettent 5 min \u00e0 \u00eatre \u00e9crites, d\u2019autres des mois. Tout d\u00e9pend des intentions qu\u2019on veut y mettre.<\/p>\n<p>&nbsp;<\/p>\n<p><strong>ANR\u00a0: Lors de vos pr\u00e9c\u00e9dents albums vous avez incorpor\u00e9 des instruments celtiques comme la fl\u00fbte irlandaise. Quelle est votre approche concernant la recherche de sonorit\u00e9s nouvelles\u00a0?<\/strong><\/p>\n<p><strong>Brieg\u00a0: <\/strong>Je l\u2019avais fait sur le pr\u00e9c\u00e9dent album, je voulais avoir un \u00ab\u00a0wooden pipe\u00a0\u00bb. J\u2019aime les sonorit\u00e9s \u00ab\u00a0braveheart\u00a0\u00bb, tr\u00e8s celtiques. C\u2019\u00e9tait ponctuel, je ne suis pas s\u00fbr que \u00e7a se reproduise. Tout d\u00e9pend de ce qui se passera, des rencontres. Sur le dernier album on \u00e9tait plus sur le chant, les harmonies.<\/p>\n<p>&nbsp;<\/p>\n<p><strong>ANR\u00a0: Quand on vous \u00e9coute on ne peut qu\u2019\u00eatre marqu\u00e9 par l\u2019utilisation de la langue bretonne. Quel est votre rapport avec cette langue, comment l\u2019avez-vous apprise\u00a0?<\/strong><\/p>\n<p><strong>Brieg\u00a0:<\/strong> Je viens d\u2019une famille bretonnante. J\u2019ai appris \u00e0 l\u2019\u00e9cole, j\u2019\u00e9tais scolaris\u00e9 dans une \u00e9cole bretonne. Quand j\u2019ai commenc\u00e9 \u00e0 faire de la musique et \u00e0 devenir chanteur la question s\u2019est tr\u00e8s vite pos\u00e9e. A 17 j\u2019\u00e9coutais pas mal de black metal avec des chanteurs qui chantaient en norv\u00e9gien. Je me suis dit que je pouvais faire la m\u00eame chose en breton. Je trouve que \u00e7a sonne bien.<\/p>\n<p>&nbsp;<\/p>\n<p><strong>ANR\u00a0: Certains groupes expliquent qu\u2019ils utilisent les langues en fonction de leur couleur. L\u2019anglais est un peu froid, l\u2019espagnol plus chaud. Que pensez-vous \u00e9voquer avec le breton\u00a0? <\/strong><\/p>\n<p><strong>Brieg\u00a0:<\/strong> Justement je ne sais pas ce que \u00e7a \u00e9voque. Je ne m\u2019en rends pas bien compte. Pour moi utiliser la langue bretonne c\u2019est comme utiliser le koba\u00efen dans magma. Quand j\u2019\u00e9coute de la musique du monde \u00e7a ne m\u2019a jamais d\u00e9rang\u00e9 d\u2019entendre d\u2019autres langues que le fran\u00e7ais ou l\u2019anglais. Au contraire, \u00e7a peut apporter un charme. Apporter quelque chose de singulier.<\/p>\n<p><span class=\"hightlight\" style=\"background:#333; color:#fff;\">C\u2019est aussi alerter les gens sur la disparition de la langue, d\u2019une partie du monde.<\/span><\/p>\n<p>Ce n\u2019est pas soutenu par les \u00e9tats et les populations ne se renouvellent pas. Le cas de langue bretonne est un peu particulier car c\u2019est une langue qui a \u00e9t\u00e9 activement combattue par l\u2019Etat et qui l\u2019est toujours, au m\u00eame titre que les autres langues r\u00e9gionales en France. En Bretagne on voit ce patrimoine disparaitre petit \u00e0 petit. Les gens sont tr\u00e8s attach\u00e9s \u00e0 \u00e7a tout en \u00e9tant ouverts sur le monde. Les bretons ont toujours \u00e9t\u00e9 des voyageurs. La Bretagne c\u2019est une terre ouverte sur toute les cultures mais avec la volont\u00e9 de pr\u00e9server une identit\u00e9 bretonne. De garder cette culture sans pr\u00e9juger d\u2019une politique, de quelque bord qu\u2019elle soit.\u00a0 Je pense qu\u2019il y un sentiment identitaire et culturel partag\u00e9 et j\u2019essaie d\u2019affirmer ma singularit\u00e9 artistique.<\/p>\n<p>&nbsp;<\/p>\n<p><strong>ANR\u00a0: En \u00e9coutant votre musique on ressent une essence mystique. C\u2019est parfois le cas avec des groupes comme Sigur R\u00f3s.<\/strong><\/p>\n<p><strong>Brieg\u00a0:<\/strong> Mon exemple c\u2019est l\u2019islandais. Il y 300\u00a0000 habitants, donc 300\u00a0000 personnes qui parlent islandais. En Bretagne nous ne sommes plus que 250\u00a0000 \u00e0 parler breton. Au si\u00e8cle dernier on \u00e9tait plus d\u2019un million. C\u2019est dire le changement en un si\u00e8cle\u00a0! Je pense que la musique m\u00e9tal permet de chanter en breton, c\u2019est une richesse.<\/p>\n<p><strong>\u00a0<iframe loading=\"lazy\" src=\"https:\/\/www.youtube.com\/embed\/6WsGMPprUO4\" width=\"560\" height=\"315\" frameborder=\"0\" allowfullscreen=\"allowfullscreen\"><\/iframe><\/strong><\/p>\n<p><strong>ANR\u00a0: On voit des groupes finlandais chanter en finnois comme Korpiklaani, mais \u00e9galement de plus en plus de festivals pa\u00efens. Il y a un vrai courant pour retrouver l\u2019essentiel et se rapprocher de la nature.<\/strong><\/p>\n<p><strong>Brieg\u00a0:<\/strong> Oui tout-\u00e0-fait, et c\u2019est quelque chose de naturel chez moi. J\u2019ai envie qu\u2019on accepte ce que je fais comme je suis. Je ne cours pas apr\u00e8s le succ\u00e8s.<\/p>\n<p>&nbsp;<\/p>\n<p><strong>ANR\u00a0: Quels sont les th\u00e8mes abord\u00e9s dans Valgori\u00a0?<\/strong><\/p>\n<p><strong>Brieg\u00a0:<\/strong> Ce sont des th\u00e8mes un peu m\u00e9lancoliques, un peu sombres. Sur Valgori, je parle d\u2019isolement, du temps qui passe, de la perte d\u2019\u00eatres chers. C\u2019est li\u00e9 au courant musical que je suis, celui du rock progressif hexagonal, comme Klone par exemple. On a jou\u00e9 ensemble en novembre pour la premi\u00e8re fois. Il y a quelque chose qui s\u2019est pass\u00e9. \u00c7a montre que nous ne sommes pas renferm\u00e9s sur nous-m\u00eame en Bretagne. Ils m\u2019ont propos\u00e9 de venir jouer \u00e0 Paris. C\u2019est un exercice difficile pour moi de venir jouer seul sur sc\u00e8ne.<\/p>\n<p>&nbsp;<\/p>\n<p><strong>ANR\u00a0: Votre musique rappelle des groupes comme Porcupine Tree ou Opeth. Quels sont les groupes que vous appr\u00e9ciez\u00a0?<\/strong><\/p>\n<p><strong>Brieg\u00a0:<\/strong> Il y a plein de groupes que j\u2019admire. J\u2019adore Opeth, Porcupine Tree aussi, bien s\u00fbr. Je suis aussi ce que fait Steven Wilson.\u00a0 J\u2019ai \u00e9cout\u00e9 aussi beaucoup de rock progressif comme King Crimson et Jethro Tull. Je suis dans cette veine-l\u00e0, un crossover\u00a0!<\/p>\n<p>J\u2019aime le refrain pop avec le c\u00f4t\u00e9 hyper metal. J\u2019admire beaucoup Ulver et leur d\u00e9marche intellectuelle.<\/p>\n<p>&nbsp;<\/p>\n<p><strong>ANR\u00a0: Avez-vous un peu d\u2019appr\u00e9hension de venir jouer en acoustique des morceaux qui sont tr\u00e8s riches au niveau arrangements et sonorit\u00e9s sur album\u00a0?<\/strong><\/p>\n<p><strong>Brieg\u00a0:<\/strong> Il y a beaucoup de morceaux que j\u2019ai compos\u00e9 seul sur une folk. Il n\u2019y a pas eu de probl\u00e9matique de les r\u00e9arranger. Une bonne chanson c\u2019est une bonne chanson. On peut la faire en reggae, en jazz, tout est question d\u2019arrangement. L\u2019album de Klone, par exemple, est plut\u00f4t m\u00e9tal, on voit bien que ce sont de bonnes chansons parce qu\u2019ils peuvent le mettre en acoustique. Ce serait plus probl\u00e9matique si je faisais du heavy metal symphonique avec 30 solos \u00e0 la seconde (rires).<\/p>\n<p>&nbsp;<\/p>\n<p><strong>ANR\u00a0: Sur la partie prestation sc\u00e9nique, quels ont \u00e9t\u00e9 vos plus beaux souvenirs\u00a0?<\/strong><\/p>\n<p><strong>Brieg\u00a0:<\/strong> Il y a eu des grands moments comme aux vieilles charrues. Le japon \u00e7a a \u00e9t\u00e9 une tr\u00e8s belle exp\u00e9rience. Il n\u2019y pas beaucoup de concerts \u00e0 jeter.<\/p>\n<p>&nbsp;<\/p>\n<p><strong>ANR\u00a0: Vous avez fait appel au financement participatif pour le pr\u00e9c\u00e9dent album, que pensez-vous de l\u2019exp\u00e9rience\u00a0?<\/strong><\/p>\n<p><strong>Brieg\u00a0:<\/strong> C\u2019\u00e9tait bien, \u00e7a nous a permis de financer l\u2019album. \u00c7a permet de donner un coup de pouce mais faire \u00e7a \u00e0 chaque album, ce serait compliqu\u00e9. \u00c7a voudrait dire que le truc ne marche pas assez.<\/p>\n<p>&nbsp;<\/p>\n<p><strong>ANR\u00a0: Pour finir, que peut-on vous souhaiter pour 2017\u00a0?<\/strong><\/p>\n<p><strong>Brieg<\/strong>\u00a0: On va faire un gros festival breton mais on n\u2019a pas beaucoup de dates parce qu\u2019on n\u2019a pas de tourneur. \u00a0On a ce partenariat avec Dooweet pour d\u00e9velopper le projet. C\u2019est le label qui r\u00e9pond le plus \u00e0 nos attentes.<\/p>\n<p>&nbsp;<\/p>\n<p><a href=\"https:\/\/www.briegguerveno.com\/accueil.html\">https:\/\/www.briegguerveno.com\/accueil.html<\/a><\/p>\n<p>&nbsp;<\/p>\n<p>&nbsp;<\/p>\n<p>&nbsp;<\/p>\n<p>&nbsp;<\/p>\n","protected":false},"excerpt":{"rendered":"<p>Art N Roll a rencontr\u00e9 Brieg Guerveno juste avant son concert acoustique en premi\u00e8re partie de Klone. &nbsp; Art N Roll\u00a0: Pour commencer, pourriez-vous nous parler de votre parcours\u00a0? Brieg Guerveno\u00a0: Ce projet c\u2019est un projet d\u2019auteur et de compositeur \u00e0 mon nom. J\u2019ai sorti 3 albums et 1 EP. La particularit\u00e9 de mon projet est de chanter en langue bretonne. J\u2019\u00e9volue dans un style rock progressif avec un c\u00f4t\u00e9 metal mais pas que, il y a un c\u00f4t\u00e9 rock des ann\u00e9es 70. &nbsp; ANR\u00a0: Comment d\u00e9cririez-vous votre musique\u00a0? Brieg\u00a0: C\u2019est ce qui est le plus proche parce que l\u2019on [&hellip;]<\/p>\n","protected":false},"author":34,"featured_media":11835,"comment_status":"open","ping_status":"closed","sticky":false,"template":"","format":"standard","meta":{"_mi_skip_tracking":false,"_monsterinsights_sitenote_active":false,"_monsterinsights_sitenote_note":"","_monsterinsights_sitenote_category":0,"footnotes":""},"categories":[3],"tags":[1430],"class_list":["post-11832","post","type-post","status-publish","format-standard","has-post-thumbnail","hentry","category-interviews","tag-brieg-guerveno"],"yoast_head":"<!-- This site is optimized with the Yoast SEO plugin v23.9 - https:\/\/yoast.com\/wordpress\/plugins\/seo\/ -->\n<title>Interview de Brieg Guerveno - Art&#039;n&#039;Roll Webzine<\/title>\n<meta name=\"description\" content=\"Art N Roll a rencontr\u00e9 Brieg Guerveno juste avant son concert acoustique en premi\u00e8re partie de Klone.\" \/>\n<meta name=\"robots\" content=\"index, follow, max-snippet:-1, max-image-preview:large, max-video-preview:-1\" \/>\n<link rel=\"canonical\" href=\"https:\/\/www.artnroll.net\/home\/?p=11832\" \/>\n<meta property=\"og:locale\" content=\"fr_FR\" \/>\n<meta property=\"og:type\" content=\"article\" \/>\n<meta property=\"og:title\" content=\"Interview de Brieg Guerveno - Art&#039;n&#039;Roll Webzine\" \/>\n<meta property=\"og:description\" content=\"Art N Roll a rencontr\u00e9 Brieg Guerveno juste avant son concert acoustique en premi\u00e8re partie de Klone.\" \/>\n<meta property=\"og:url\" content=\"https:\/\/www.artnroll.net\/home\/?p=11832\" \/>\n<meta property=\"og:site_name\" content=\"Art&#039;n&#039;Roll Webzine\" \/>\n<meta property=\"article:publisher\" content=\"https:\/\/www.facebook.com\/artnroll.net\/\" \/>\n<meta property=\"article:published_time\" content=\"2017-04-10T17:27:22+00:00\" \/>\n<meta property=\"article:modified_time\" content=\"2017-04-12T14:49:59+00:00\" \/>\n<meta property=\"og:image\" content=\"https:\/\/www.artnroll.net\/home\/wp-content\/uploads\/2017\/04\/12304511_1003055883084337_5758243741633991662_o.jpg\" \/>\n\t<meta property=\"og:image:width\" content=\"2048\" \/>\n\t<meta property=\"og:image:height\" content=\"1297\" \/>\n\t<meta property=\"og:image:type\" content=\"image\/jpeg\" \/>\n<meta name=\"author\" content=\"Marion D\" \/>\n<meta name=\"twitter:label1\" content=\"\u00c9crit par\" \/>\n\t<meta name=\"twitter:data1\" content=\"Marion D\" \/>\n\t<meta name=\"twitter:label2\" content=\"Dur\u00e9e de lecture estim\u00e9e\" \/>\n\t<meta name=\"twitter:data2\" content=\"8 minutes\" \/>\n<script type=\"application\/ld+json\" class=\"yoast-schema-graph\">{\"@context\":\"https:\/\/schema.org\",\"@graph\":[{\"@type\":\"WebPage\",\"@id\":\"https:\/\/www.artnroll.net\/home\/?p=11832\",\"url\":\"https:\/\/www.artnroll.net\/home\/?p=11832\",\"name\":\"Interview de Brieg Guerveno - Art&#039;n&#039;Roll Webzine\",\"isPartOf\":{\"@id\":\"https:\/\/www.artnroll.net\/home\/#website\"},\"primaryImageOfPage\":{\"@id\":\"https:\/\/www.artnroll.net\/home\/?p=11832#primaryimage\"},\"image\":{\"@id\":\"https:\/\/www.artnroll.net\/home\/?p=11832#primaryimage\"},\"thumbnailUrl\":\"https:\/\/www.artnroll.net\/home\/wp-content\/uploads\/2017\/04\/12304511_1003055883084337_5758243741633991662_o.jpg\",\"datePublished\":\"2017-04-10T17:27:22+00:00\",\"dateModified\":\"2017-04-12T14:49:59+00:00\",\"author\":{\"@id\":\"https:\/\/www.artnroll.net\/home\/#\/schema\/person\/f400a7765b9028d1780f5d7bada1e899\"},\"description\":\"Art N Roll a rencontr\u00e9 Brieg Guerveno juste avant son concert acoustique en premi\u00e8re partie de Klone.\",\"inLanguage\":\"fr-FR\",\"potentialAction\":[{\"@type\":\"ReadAction\",\"target\":[\"https:\/\/www.artnroll.net\/home\/?p=11832\"]}]},{\"@type\":\"ImageObject\",\"inLanguage\":\"fr-FR\",\"@id\":\"https:\/\/www.artnroll.net\/home\/?p=11832#primaryimage\",\"url\":\"https:\/\/www.artnroll.net\/home\/wp-content\/uploads\/2017\/04\/12304511_1003055883084337_5758243741633991662_o.jpg\",\"contentUrl\":\"https:\/\/www.artnroll.net\/home\/wp-content\/uploads\/2017\/04\/12304511_1003055883084337_5758243741633991662_o.jpg\",\"width\":2048,\"height\":1297},{\"@type\":\"WebSite\",\"@id\":\"https:\/\/www.artnroll.net\/home\/#website\",\"url\":\"https:\/\/www.artnroll.net\/home\/\",\"name\":\"Art&#039;n&#039;Roll Webzine\",\"description\":\"Webzine on the Rocks\",\"potentialAction\":[{\"@type\":\"SearchAction\",\"target\":{\"@type\":\"EntryPoint\",\"urlTemplate\":\"https:\/\/www.artnroll.net\/home\/?s={search_term_string}\"},\"query-input\":{\"@type\":\"PropertyValueSpecification\",\"valueRequired\":true,\"valueName\":\"search_term_string\"}}],\"inLanguage\":\"fr-FR\"},{\"@type\":\"Person\",\"@id\":\"https:\/\/www.artnroll.net\/home\/#\/schema\/person\/f400a7765b9028d1780f5d7bada1e899\",\"name\":\"Marion D\",\"image\":{\"@type\":\"ImageObject\",\"inLanguage\":\"fr-FR\",\"@id\":\"https:\/\/www.artnroll.net\/home\/#\/schema\/person\/image\/\",\"url\":\"https:\/\/secure.gravatar.com\/avatar\/41dbdd8e82ec573b19b353e688019116a00e3212f6623e56908351006ea72ba3?s=96&d=mm&r=g\",\"contentUrl\":\"https:\/\/secure.gravatar.com\/avatar\/41dbdd8e82ec573b19b353e688019116a00e3212f6623e56908351006ea72ba3?s=96&d=mm&r=g\",\"caption\":\"Marion D\"},\"url\":\"https:\/\/www.artnroll.net\/home\/?author=34\"}]}<\/script>\n<!-- \/ Yoast SEO plugin. -->","yoast_head_json":{"title":"Interview de Brieg Guerveno - Art&#039;n&#039;Roll Webzine","description":"Art N Roll a rencontr\u00e9 Brieg Guerveno juste avant son concert acoustique en premi\u00e8re partie de Klone.","robots":{"index":"index","follow":"follow","max-snippet":"max-snippet:-1","max-image-preview":"max-image-preview:large","max-video-preview":"max-video-preview:-1"},"canonical":"https:\/\/www.artnroll.net\/home\/?p=11832","og_locale":"fr_FR","og_type":"article","og_title":"Interview de Brieg Guerveno - Art&#039;n&#039;Roll Webzine","og_description":"Art N Roll a rencontr\u00e9 Brieg Guerveno juste avant son concert acoustique en premi\u00e8re partie de Klone.","og_url":"https:\/\/www.artnroll.net\/home\/?p=11832","og_site_name":"Art&#039;n&#039;Roll Webzine","article_publisher":"https:\/\/www.facebook.com\/artnroll.net\/","article_published_time":"2017-04-10T17:27:22+00:00","article_modified_time":"2017-04-12T14:49:59+00:00","og_image":[{"width":2048,"height":1297,"url":"https:\/\/www.artnroll.net\/home\/wp-content\/uploads\/2017\/04\/12304511_1003055883084337_5758243741633991662_o.jpg","type":"image\/jpeg"}],"author":"Marion D","twitter_misc":{"\u00c9crit par":"Marion D","Dur\u00e9e de lecture estim\u00e9e":"8 minutes"},"schema":{"@context":"https:\/\/schema.org","@graph":[{"@type":"WebPage","@id":"https:\/\/www.artnroll.net\/home\/?p=11832","url":"https:\/\/www.artnroll.net\/home\/?p=11832","name":"Interview de Brieg Guerveno - Art&#039;n&#039;Roll Webzine","isPartOf":{"@id":"https:\/\/www.artnroll.net\/home\/#website"},"primaryImageOfPage":{"@id":"https:\/\/www.artnroll.net\/home\/?p=11832#primaryimage"},"image":{"@id":"https:\/\/www.artnroll.net\/home\/?p=11832#primaryimage"},"thumbnailUrl":"https:\/\/www.artnroll.net\/home\/wp-content\/uploads\/2017\/04\/12304511_1003055883084337_5758243741633991662_o.jpg","datePublished":"2017-04-10T17:27:22+00:00","dateModified":"2017-04-12T14:49:59+00:00","author":{"@id":"https:\/\/www.artnroll.net\/home\/#\/schema\/person\/f400a7765b9028d1780f5d7bada1e899"},"description":"Art N Roll a rencontr\u00e9 Brieg Guerveno juste avant son concert acoustique en premi\u00e8re partie de Klone.","inLanguage":"fr-FR","potentialAction":[{"@type":"ReadAction","target":["https:\/\/www.artnroll.net\/home\/?p=11832"]}]},{"@type":"ImageObject","inLanguage":"fr-FR","@id":"https:\/\/www.artnroll.net\/home\/?p=11832#primaryimage","url":"https:\/\/www.artnroll.net\/home\/wp-content\/uploads\/2017\/04\/12304511_1003055883084337_5758243741633991662_o.jpg","contentUrl":"https:\/\/www.artnroll.net\/home\/wp-content\/uploads\/2017\/04\/12304511_1003055883084337_5758243741633991662_o.jpg","width":2048,"height":1297},{"@type":"WebSite","@id":"https:\/\/www.artnroll.net\/home\/#website","url":"https:\/\/www.artnroll.net\/home\/","name":"Art&#039;n&#039;Roll Webzine","description":"Webzine on the Rocks","potentialAction":[{"@type":"SearchAction","target":{"@type":"EntryPoint","urlTemplate":"https:\/\/www.artnroll.net\/home\/?s={search_term_string}"},"query-input":{"@type":"PropertyValueSpecification","valueRequired":true,"valueName":"search_term_string"}}],"inLanguage":"fr-FR"},{"@type":"Person","@id":"https:\/\/www.artnroll.net\/home\/#\/schema\/person\/f400a7765b9028d1780f5d7bada1e899","name":"Marion D","image":{"@type":"ImageObject","inLanguage":"fr-FR","@id":"https:\/\/www.artnroll.net\/home\/#\/schema\/person\/image\/","url":"https:\/\/secure.gravatar.com\/avatar\/41dbdd8e82ec573b19b353e688019116a00e3212f6623e56908351006ea72ba3?s=96&d=mm&r=g","contentUrl":"https:\/\/secure.gravatar.com\/avatar\/41dbdd8e82ec573b19b353e688019116a00e3212f6623e56908351006ea72ba3?s=96&d=mm&r=g","caption":"Marion D"},"url":"https:\/\/www.artnroll.net\/home\/?author=34"}]}},"_links":{"self":[{"href":"https:\/\/www.artnroll.net\/home\/index.php?rest_route=\/wp\/v2\/posts\/11832","targetHints":{"allow":["GET"]}}],"collection":[{"href":"https:\/\/www.artnroll.net\/home\/index.php?rest_route=\/wp\/v2\/posts"}],"about":[{"href":"https:\/\/www.artnroll.net\/home\/index.php?rest_route=\/wp\/v2\/types\/post"}],"author":[{"embeddable":true,"href":"https:\/\/www.artnroll.net\/home\/index.php?rest_route=\/wp\/v2\/users\/34"}],"replies":[{"embeddable":true,"href":"https:\/\/www.artnroll.net\/home\/index.php?rest_route=%2Fwp%2Fv2%2Fcomments&post=11832"}],"version-history":[{"count":2,"href":"https:\/\/www.artnroll.net\/home\/index.php?rest_route=\/wp\/v2\/posts\/11832\/revisions"}],"predecessor-version":[{"id":11858,"href":"https:\/\/www.artnroll.net\/home\/index.php?rest_route=\/wp\/v2\/posts\/11832\/revisions\/11858"}],"wp:featuredmedia":[{"embeddable":true,"href":"https:\/\/www.artnroll.net\/home\/index.php?rest_route=\/wp\/v2\/media\/11835"}],"wp:attachment":[{"href":"https:\/\/www.artnroll.net\/home\/index.php?rest_route=%2Fwp%2Fv2%2Fmedia&parent=11832"}],"wp:term":[{"taxonomy":"category","embeddable":true,"href":"https:\/\/www.artnroll.net\/home\/index.php?rest_route=%2Fwp%2Fv2%2Fcategories&post=11832"},{"taxonomy":"post_tag","embeddable":true,"href":"https:\/\/www.artnroll.net\/home\/index.php?rest_route=%2Fwp%2Fv2%2Ftags&post=11832"}],"curies":[{"name":"wp","href":"https:\/\/api.w.org\/{rel}","templated":true}]}}