{"id":11516,"date":"2017-02-22T14:09:37","date_gmt":"2017-02-22T13:09:37","guid":{"rendered":"http:\/\/www.artnroll.net\/home\/?p=11516"},"modified":"2017-02-22T14:09:37","modified_gmt":"2017-02-22T13:09:37","slug":"rencontre-terji-skibenaes-guitariste-groupe-tyr","status":"publish","type":"post","link":"https:\/\/www.artnroll.net\/home\/?p=11516","title":{"rendered":"Rencontre avec Terji Skiben\u00e6s, guitariste du groupe T\u00fdr"},"content":{"rendered":"<p>Rencontre avec <em>Terji Skiben\u00e6s<\/em>, guitariste du groupe <em>T\u00fdr <\/em>\u00e0 l\u2019occasion du <em>Cernunnos Pagan Fest<\/em> <em>2017<\/em>.<\/p>\n<p>&nbsp;<\/p>\n<p><b><span class=\"dropcap style1\">ANR<\/span>L\u2019histoire de votre archipel est peu connue, pouvez-vous me la r\u00e9sumer bri\u00e8vement ?<\/b><\/p>\n<p><span class=\"hightlight\" style=\"background:#333; color:#fff;\">Terji Skiben\u00e6s<\/span>\u00a0: \u00a0Les premiers habitants viennent des contr\u00e9es alentours. Il y avait des norv\u00e9giens en route pour l\u2019Islande, certains d&rsquo;entre eux se sont arr\u00eat\u00e9s l\u00e0. Des gens originaires d\u2019Ecosse \u00e9galement. Beaucoup ont d\u00fb abandonner leurs m\u00e8res patries. Comme il y avait de jolies femmes (rires), la population s\u2019est agrandie. Ce sont des petites \u00eeles et nous sommes seulement 40 000 habitants. On repr\u00e9sente un point sur la carte du monde.<\/p>\n<p>&nbsp;<\/p>\n<p><b><span class=\"dropcap style1\">ANR<\/span>Votre pays fait actuellement partie du Danemark. Souhaiterez-vous une quelconque ind\u00e9pendance ?<\/b><\/p>\n<p><span class=\"hightlight\" style=\"background:#333; color:#fff;\">Terji Skiben\u00e6s<\/span>\u00a0: Je m\u2019en fiche. Si nous devenons ind\u00e9pendants aujourd\u2019hui, la population sera pauvre pendant de longues ann\u00e9es avant que la situation ne se stabilise. Cela entra\u00eenerait aussi une \u201cfuite\u201d des habitants car personne ne pourrait vivre comme cela. Personnellement, je pense que c\u2019est une mauvaise id\u00e9e, mais cela reste mon opinion. Apr\u00e8s, d\u2019autres personnes du groupe ne pense pas la m\u00eame chose\u2026<\/p>\n<p>&nbsp;<\/p>\n<p><b><span class=\"dropcap style1\">ANR<\/span>Qui, par exemple ?<\/b><\/p>\n<p><span class=\"hightlight\" style=\"background:#333; color:#fff;\">Terji Skiben\u00e6s<\/span>\u00a0: Notre chanteur. Il est plut\u00f4t nationaliste. Tout doit \u00eatre \u201cf\u00e9ringien\u201d (rires). Moi, je m\u2019en fiche. Notre situation me va tr\u00e8s bien. Ma famille se porte tr\u00e8s bien, pas de quoi s\u2019inqui\u00e9ter.<\/p>\n<p>&nbsp;<\/p>\n<p><b><span class=\"dropcap style1\">ANR<\/span>Toute votre famille est-elle bas\u00e9e l\u00e0-bas ?<\/b><\/p>\n<p><span class=\"hightlight\" style=\"background:#333; color:#fff;\">Terji Skiben\u00e6s<\/span>\u00a0:Oui, toute.<\/p>\n<p>&nbsp;<\/p>\n<p><b><span class=\"dropcap style1\">ANR<\/span>Dans vos albums, certains titres sont \u00e9crits en f\u00e9ro\u00efen. Sont-ils plus difficiles \u00e0 \u00e9crire qu\u2019en anglais ?<\/b><\/p>\n<p><span class=\"hightlight\" style=\"background:#333; color:#fff;\">Terji Skiben\u00e6s<\/span>\u00a0: C\u2019est tr\u00e8s difficile d\u2019\u00e9crire un morceau en f\u00e9ro\u00efen. Il faut \u00e0 la fois placer les mots dans cette langue et faire en sorte que le tout sonne bien, alors que l\u2019anglais te vient naturellement. La plupart de nos paroles en f\u00e9ro\u00efen viennent de l\u2019ancien f\u00e9ro\u00efen traditionnel. Il y en aura aussi dans le prochain album.<\/p>\n<p>&nbsp;<\/p>\n<p><b><span class=\"dropcap style1\">ANR<\/span>Cela va faire quatre ans depuis <em>Valkyrja<\/em>. Comment se d\u00e9roule la pr\u00e9paration du prochain album ?<\/b><\/p>\n<p><span class=\"hightlight\" style=\"background:#333; color:#fff;\">Terji Skiben\u00e6s<\/span>\u00a0: Plut\u00f4t bien. Nous allons enregistrer douze titres. Nous avons enregistr\u00e9 la guitare pour deux d\u2019entre eux. On s\u2019appr\u00eate \u00e0 le faire pour deux autres titres. Le reste a besoin d\u2019\u00eatre retravaill\u00e9.<\/p>\n<p>&nbsp;<\/p>\n<p><b><span class=\"dropcap style1\">ANR<\/span>Pensez-vous avoir bient\u00f4t fini ?<\/b><\/p>\n<p><span class=\"hightlight\" style=\"background:#333; color:#fff;\">Terji Skiben\u00e6s<\/span>\u00a0:Esp\u00e9rons ! On aimerait finir avant cet \u00e9t\u00e9, mais on ne sait jamais. Seulement quatre titres sont \u00e9crits. Cela va peut-\u00eatre prendre plus de temps pour faire le reste. Mais nous esp\u00e9rons pouvoir les \u00e9crire et les enregistrer bient\u00f4t.<\/p>\n<p>&nbsp;<\/p>\n<p><b>ANR: J\u2019esp\u00e8re aussi ! (rires).<\/b><\/p>\n<p>&nbsp;<\/p>\n<p><b><span class=\"dropcap style1\">ANR<\/span>D\u2019ailleurs, que repr\u00e9sente le \u201cpagan\u201d pour vous en 2017 ?<\/b><\/p>\n<p><span class=\"hightlight\" style=\"background:#333; color:#fff;\">Terji Skiben\u00e6s<\/span>\u00a0:Quand tu viens des \u00eeles F\u00e9ro\u00e9, tu n\u2019y penses pas. M\u00eame quand on a commenc\u00e9, on ne souhaitait pas fonder un groupe pagan. C\u2019est venu naturellement.<\/p>\n<p>&nbsp;<\/p>\n<p><b><span class=\"dropcap style1\">ANR<\/span>Est-ce que cela est arriv\u00e9 uniquement \u00e0 cause de vos origines ?<\/b><\/p>\n<p><span class=\"hightlight\" style=\"background:#333; color:#fff;\">Terji Skiben\u00e6s<\/span>\u00a0: Oui, et aussi \u00e0 cause de l\u2019ancien f\u00e9ro\u00efen que l\u2019on utilise dans nos paroles, qui parlent de choses pagan ou de vikings. Du coup, nous avons \u00e9t\u00e9 \u201c\u00e9tiquet\u00e9\u201d comme pagan. Notre chanteur a toujours \u00e9t\u00e9 int\u00e9ress\u00e9 par la mythologie nordique. Le reste du groupe ne s\u2019y int\u00e9resse pas vraiment. Evidemment, cela fait partie de notre culture et nous voyons ces choses \u00e0 l\u2019\u00e9cole. Mais je ne suis pas dans cette mode du pagan et pour moi, nous sommes juste un groupe de heavy metal.<\/p>\n<p>&nbsp;<\/p>\n<p><b><span class=\"dropcap style1\">ANR<\/span>Quels groupes vous ont inspir\u00e9s ? Quels sont ceux que vous \u00e9coutez aujourd\u2019hui ?<\/b><\/p>\n<p><span class=\"hightlight\" style=\"background:#333; color:#fff;\">Terji Skiben\u00e6s<\/span>\u00a0: Nous nous inspirons de groupes comme <em>Black Sabbath<\/em> ou <em>Metallica<\/em>, en bref les classiques. Sinon, j\u2019\u00e9coute en ce moment <em>Animals as Leaders<\/em>.<\/p>\n<p>&nbsp;<\/p>\n<p><b><span class=\"dropcap style1\">ANR<\/span>Comment se d\u00e9roule la pr\u00e9paration d\u2019un morceau ?<\/b><\/p>\n<p><span class=\"hightlight\" style=\"background:#333; color:#fff;\">Terji Skiben\u00e6s<\/span>\u00a0: \u00c7a d\u00e9pend. Si le titre est en f\u00e9ro\u00efen, alors on essaie de se structurer par rapport aux paroles. Quand le titre est en anglais, je commence avec quelques riffs, et le reste vient apr\u00e8s.<\/p>\n<p>&nbsp;<\/p>\n<p><b><span class=\"dropcap style1\">ANR<\/span>Pour finir, avez-vous d\u2019autres hobbies \/ m\u00e9tiers dans l\u2019art ?<\/b><\/p>\n<p><span class=\"hightlight\" style=\"background:#333; color:#fff;\">Terji Skiben\u00e6s<\/span>\u00a0:Oui je poss\u00e8de un salon de tatouage. Le seul des \u00eeles F\u00e9ro\u00e9 d\u2019ailleurs. Concernant le reste du groupe, notre bassiste fait de la plong\u00e9e et s\u2019int\u00e9resse aux oiseaux (rires).<\/p>\n<p>&nbsp;<\/p>\n<p><iframe loading=\"lazy\" src=\"https:\/\/www.youtube.com\/embed\/6Lef-CitRnI\" width=\"560\" height=\"315\" frameborder=\"0\" allowfullscreen=\"allowfullscreen\"><\/iframe><\/p>\n","protected":false},"excerpt":{"rendered":"<p>Rencontre avec Terji Skiben\u00e6s, guitariste du groupe T\u00fdr \u00e0 l\u2019occasion du Cernunnos Pagan Fest 2017. &nbsp; ANRL\u2019histoire de votre archipel est peu connue, pouvez-vous me la r\u00e9sumer bri\u00e8vement ? Terji Skiben\u00e6s\u00a0: \u00a0Les premiers habitants viennent des contr\u00e9es alentours. Il y avait des norv\u00e9giens en route pour l\u2019Islande, certains d&rsquo;entre eux se sont arr\u00eat\u00e9s l\u00e0. Des gens originaires d\u2019Ecosse \u00e9galement. Beaucoup ont d\u00fb abandonner leurs m\u00e8res patries. Comme il y avait de jolies femmes (rires), la population s\u2019est agrandie. Ce sont des petites \u00eeles et nous sommes seulement 40 000 habitants. On repr\u00e9sente un point sur la carte du monde. &nbsp; [&hellip;]<\/p>\n","protected":false},"author":35,"featured_media":11523,"comment_status":"open","ping_status":"closed","sticky":false,"template":"","format":"standard","meta":{"_mi_skip_tracking":false,"_monsterinsights_sitenote_active":false,"_monsterinsights_sitenote_note":"","_monsterinsights_sitenote_category":0,"footnotes":""},"categories":[3],"tags":[1474],"class_list":["post-11516","post","type-post","status-publish","format-standard","has-post-thumbnail","hentry","category-interviews","tag-tyr"],"yoast_head":"<!-- This site is optimized with the Yoast SEO plugin v23.9 - https:\/\/yoast.com\/wordpress\/plugins\/seo\/ -->\n<title>Rencontre avec Terji Skiben\u00e6s, guitariste du groupe T\u00fdr - Art&#039;n&#039;Roll Webzine<\/title>\n<meta name=\"description\" content=\"Rencontre avec Terji Skiben\u00e6s, guitariste du groupe T\u00fdr \u00e0 l\u2019occasion du Cernunnos Pagan Fest 2017.\" \/>\n<meta name=\"robots\" content=\"index, follow, max-snippet:-1, max-image-preview:large, max-video-preview:-1\" \/>\n<link rel=\"canonical\" href=\"https:\/\/www.artnroll.net\/home\/?p=11516\" \/>\n<meta property=\"og:locale\" content=\"fr_FR\" \/>\n<meta property=\"og:type\" content=\"article\" \/>\n<meta property=\"og:title\" content=\"Rencontre avec Terji Skiben\u00e6s, guitariste du groupe T\u00fdr - Art&#039;n&#039;Roll Webzine\" \/>\n<meta property=\"og:description\" content=\"Rencontre avec Terji Skiben\u00e6s, guitariste du groupe T\u00fdr \u00e0 l\u2019occasion du Cernunnos Pagan Fest 2017.\" \/>\n<meta property=\"og:url\" content=\"https:\/\/www.artnroll.net\/home\/?p=11516\" \/>\n<meta property=\"og:site_name\" content=\"Art&#039;n&#039;Roll Webzine\" \/>\n<meta property=\"article:publisher\" content=\"https:\/\/www.facebook.com\/artnroll.net\/\" \/>\n<meta property=\"article:published_time\" content=\"2017-02-22T13:09:37+00:00\" \/>\n<meta property=\"og:image\" content=\"https:\/\/www.artnroll.net\/home\/wp-content\/uploads\/2017\/02\/tyr.jpg\" \/>\n\t<meta property=\"og:image:width\" content=\"2048\" \/>\n\t<meta property=\"og:image:height\" content=\"1365\" \/>\n\t<meta property=\"og:image:type\" content=\"image\/jpeg\" \/>\n<meta name=\"author\" content=\"Sounne\" \/>\n<meta name=\"twitter:label1\" content=\"\u00c9crit par\" \/>\n\t<meta name=\"twitter:data1\" content=\"Sounne\" \/>\n\t<meta name=\"twitter:label2\" content=\"Dur\u00e9e de lecture estim\u00e9e\" \/>\n\t<meta name=\"twitter:data2\" content=\"4 minutes\" \/>\n<script type=\"application\/ld+json\" class=\"yoast-schema-graph\">{\"@context\":\"https:\/\/schema.org\",\"@graph\":[{\"@type\":\"WebPage\",\"@id\":\"https:\/\/www.artnroll.net\/home\/?p=11516\",\"url\":\"https:\/\/www.artnroll.net\/home\/?p=11516\",\"name\":\"Rencontre avec Terji Skiben\u00e6s, guitariste du groupe T\u00fdr - Art&#039;n&#039;Roll Webzine\",\"isPartOf\":{\"@id\":\"https:\/\/www.artnroll.net\/home\/#website\"},\"primaryImageOfPage\":{\"@id\":\"https:\/\/www.artnroll.net\/home\/?p=11516#primaryimage\"},\"image\":{\"@id\":\"https:\/\/www.artnroll.net\/home\/?p=11516#primaryimage\"},\"thumbnailUrl\":\"https:\/\/www.artnroll.net\/home\/wp-content\/uploads\/2017\/02\/tyr.jpg\",\"datePublished\":\"2017-02-22T13:09:37+00:00\",\"dateModified\":\"2017-02-22T13:09:37+00:00\",\"author\":{\"@id\":\"https:\/\/www.artnroll.net\/home\/#\/schema\/person\/b461e81362ca34f23251e143759edbbe\"},\"description\":\"Rencontre avec Terji Skiben\u00e6s, guitariste du groupe T\u00fdr \u00e0 l\u2019occasion du Cernunnos Pagan Fest 2017.\",\"inLanguage\":\"fr-FR\",\"potentialAction\":[{\"@type\":\"ReadAction\",\"target\":[\"https:\/\/www.artnroll.net\/home\/?p=11516\"]}]},{\"@type\":\"ImageObject\",\"inLanguage\":\"fr-FR\",\"@id\":\"https:\/\/www.artnroll.net\/home\/?p=11516#primaryimage\",\"url\":\"https:\/\/www.artnroll.net\/home\/wp-content\/uploads\/2017\/02\/tyr.jpg\",\"contentUrl\":\"https:\/\/www.artnroll.net\/home\/wp-content\/uploads\/2017\/02\/tyr.jpg\",\"width\":2048,\"height\":1365},{\"@type\":\"WebSite\",\"@id\":\"https:\/\/www.artnroll.net\/home\/#website\",\"url\":\"https:\/\/www.artnroll.net\/home\/\",\"name\":\"Art&#039;n&#039;Roll Webzine\",\"description\":\"Webzine on the Rocks\",\"potentialAction\":[{\"@type\":\"SearchAction\",\"target\":{\"@type\":\"EntryPoint\",\"urlTemplate\":\"https:\/\/www.artnroll.net\/home\/?s={search_term_string}\"},\"query-input\":{\"@type\":\"PropertyValueSpecification\",\"valueRequired\":true,\"valueName\":\"search_term_string\"}}],\"inLanguage\":\"fr-FR\"},{\"@type\":\"Person\",\"@id\":\"https:\/\/www.artnroll.net\/home\/#\/schema\/person\/b461e81362ca34f23251e143759edbbe\",\"name\":\"Sounne\",\"image\":{\"@type\":\"ImageObject\",\"inLanguage\":\"fr-FR\",\"@id\":\"https:\/\/www.artnroll.net\/home\/#\/schema\/person\/image\/\",\"url\":\"https:\/\/secure.gravatar.com\/avatar\/4af5d7ae713c90627c57207018911c777746d137fcdbace42c22dd4352bf58c0?s=96&d=mm&r=g\",\"contentUrl\":\"https:\/\/secure.gravatar.com\/avatar\/4af5d7ae713c90627c57207018911c777746d137fcdbace42c22dd4352bf58c0?s=96&d=mm&r=g\",\"caption\":\"Sounne\"},\"url\":\"https:\/\/www.artnroll.net\/home\/?author=35\"}]}<\/script>\n<!-- \/ Yoast SEO plugin. -->","yoast_head_json":{"title":"Rencontre avec Terji Skiben\u00e6s, guitariste du groupe T\u00fdr - Art&#039;n&#039;Roll Webzine","description":"Rencontre avec Terji Skiben\u00e6s, guitariste du groupe T\u00fdr \u00e0 l\u2019occasion du Cernunnos Pagan Fest 2017.","robots":{"index":"index","follow":"follow","max-snippet":"max-snippet:-1","max-image-preview":"max-image-preview:large","max-video-preview":"max-video-preview:-1"},"canonical":"https:\/\/www.artnroll.net\/home\/?p=11516","og_locale":"fr_FR","og_type":"article","og_title":"Rencontre avec Terji Skiben\u00e6s, guitariste du groupe T\u00fdr - Art&#039;n&#039;Roll Webzine","og_description":"Rencontre avec Terji Skiben\u00e6s, guitariste du groupe T\u00fdr \u00e0 l\u2019occasion du Cernunnos Pagan Fest 2017.","og_url":"https:\/\/www.artnroll.net\/home\/?p=11516","og_site_name":"Art&#039;n&#039;Roll Webzine","article_publisher":"https:\/\/www.facebook.com\/artnroll.net\/","article_published_time":"2017-02-22T13:09:37+00:00","og_image":[{"width":2048,"height":1365,"url":"https:\/\/www.artnroll.net\/home\/wp-content\/uploads\/2017\/02\/tyr.jpg","type":"image\/jpeg"}],"author":"Sounne","twitter_misc":{"\u00c9crit par":"Sounne","Dur\u00e9e de lecture estim\u00e9e":"4 minutes"},"schema":{"@context":"https:\/\/schema.org","@graph":[{"@type":"WebPage","@id":"https:\/\/www.artnroll.net\/home\/?p=11516","url":"https:\/\/www.artnroll.net\/home\/?p=11516","name":"Rencontre avec Terji Skiben\u00e6s, guitariste du groupe T\u00fdr - Art&#039;n&#039;Roll Webzine","isPartOf":{"@id":"https:\/\/www.artnroll.net\/home\/#website"},"primaryImageOfPage":{"@id":"https:\/\/www.artnroll.net\/home\/?p=11516#primaryimage"},"image":{"@id":"https:\/\/www.artnroll.net\/home\/?p=11516#primaryimage"},"thumbnailUrl":"https:\/\/www.artnroll.net\/home\/wp-content\/uploads\/2017\/02\/tyr.jpg","datePublished":"2017-02-22T13:09:37+00:00","dateModified":"2017-02-22T13:09:37+00:00","author":{"@id":"https:\/\/www.artnroll.net\/home\/#\/schema\/person\/b461e81362ca34f23251e143759edbbe"},"description":"Rencontre avec Terji Skiben\u00e6s, guitariste du groupe T\u00fdr \u00e0 l\u2019occasion du Cernunnos Pagan Fest 2017.","inLanguage":"fr-FR","potentialAction":[{"@type":"ReadAction","target":["https:\/\/www.artnroll.net\/home\/?p=11516"]}]},{"@type":"ImageObject","inLanguage":"fr-FR","@id":"https:\/\/www.artnroll.net\/home\/?p=11516#primaryimage","url":"https:\/\/www.artnroll.net\/home\/wp-content\/uploads\/2017\/02\/tyr.jpg","contentUrl":"https:\/\/www.artnroll.net\/home\/wp-content\/uploads\/2017\/02\/tyr.jpg","width":2048,"height":1365},{"@type":"WebSite","@id":"https:\/\/www.artnroll.net\/home\/#website","url":"https:\/\/www.artnroll.net\/home\/","name":"Art&#039;n&#039;Roll Webzine","description":"Webzine on the Rocks","potentialAction":[{"@type":"SearchAction","target":{"@type":"EntryPoint","urlTemplate":"https:\/\/www.artnroll.net\/home\/?s={search_term_string}"},"query-input":{"@type":"PropertyValueSpecification","valueRequired":true,"valueName":"search_term_string"}}],"inLanguage":"fr-FR"},{"@type":"Person","@id":"https:\/\/www.artnroll.net\/home\/#\/schema\/person\/b461e81362ca34f23251e143759edbbe","name":"Sounne","image":{"@type":"ImageObject","inLanguage":"fr-FR","@id":"https:\/\/www.artnroll.net\/home\/#\/schema\/person\/image\/","url":"https:\/\/secure.gravatar.com\/avatar\/4af5d7ae713c90627c57207018911c777746d137fcdbace42c22dd4352bf58c0?s=96&d=mm&r=g","contentUrl":"https:\/\/secure.gravatar.com\/avatar\/4af5d7ae713c90627c57207018911c777746d137fcdbace42c22dd4352bf58c0?s=96&d=mm&r=g","caption":"Sounne"},"url":"https:\/\/www.artnroll.net\/home\/?author=35"}]}},"_links":{"self":[{"href":"https:\/\/www.artnroll.net\/home\/index.php?rest_route=\/wp\/v2\/posts\/11516","targetHints":{"allow":["GET"]}}],"collection":[{"href":"https:\/\/www.artnroll.net\/home\/index.php?rest_route=\/wp\/v2\/posts"}],"about":[{"href":"https:\/\/www.artnroll.net\/home\/index.php?rest_route=\/wp\/v2\/types\/post"}],"author":[{"embeddable":true,"href":"https:\/\/www.artnroll.net\/home\/index.php?rest_route=\/wp\/v2\/users\/35"}],"replies":[{"embeddable":true,"href":"https:\/\/www.artnroll.net\/home\/index.php?rest_route=%2Fwp%2Fv2%2Fcomments&post=11516"}],"version-history":[{"count":7,"href":"https:\/\/www.artnroll.net\/home\/index.php?rest_route=\/wp\/v2\/posts\/11516\/revisions"}],"predecessor-version":[{"id":11524,"href":"https:\/\/www.artnroll.net\/home\/index.php?rest_route=\/wp\/v2\/posts\/11516\/revisions\/11524"}],"wp:featuredmedia":[{"embeddable":true,"href":"https:\/\/www.artnroll.net\/home\/index.php?rest_route=\/wp\/v2\/media\/11523"}],"wp:attachment":[{"href":"https:\/\/www.artnroll.net\/home\/index.php?rest_route=%2Fwp%2Fv2%2Fmedia&parent=11516"}],"wp:term":[{"taxonomy":"category","embeddable":true,"href":"https:\/\/www.artnroll.net\/home\/index.php?rest_route=%2Fwp%2Fv2%2Fcategories&post=11516"},{"taxonomy":"post_tag","embeddable":true,"href":"https:\/\/www.artnroll.net\/home\/index.php?rest_route=%2Fwp%2Fv2%2Ftags&post=11516"}],"curies":[{"name":"wp","href":"https:\/\/api.w.org\/{rel}","templated":true}]}}