{"id":11509,"date":"2017-02-21T19:37:08","date_gmt":"2017-02-21T18:37:08","guid":{"rendered":"http:\/\/www.artnroll.net\/home\/?p=11509"},"modified":"2017-02-27T11:47:17","modified_gmt":"2017-02-27T10:47:17","slug":"cernunnos-pagan-fest-2017","status":"publish","type":"post","link":"https:\/\/www.artnroll.net\/home\/?p=11509","title":{"rendered":"Cernunnos Pagan Fest &#8211; 2017"},"content":{"rendered":"<p><img loading=\"lazy\" decoding=\"async\" class=\"size-medium wp-image-11513 alignleft\" src=\"http:\/\/www.artnroll.net\/home\/wp-content\/uploads\/2017\/02\/cernunnos-2-213x300.jpg\" alt=\"\" width=\"213\" height=\"300\" srcset=\"https:\/\/www.artnroll.net\/home\/wp-content\/uploads\/2017\/02\/cernunnos-2-213x300.jpg 213w, https:\/\/www.artnroll.net\/home\/wp-content\/uploads\/2017\/02\/cernunnos-2-425x600.jpg 425w, https:\/\/www.artnroll.net\/home\/wp-content\/uploads\/2017\/02\/cernunnos-2-440x621.jpg 440w, https:\/\/www.artnroll.net\/home\/wp-content\/uploads\/2017\/02\/cernunnos-2.jpg 680w\" sizes=\"auto, (max-width: 213px) 100vw, 213px\" \/>Nous sommes le 11 f\u00e9vrier, j\u2019enfile ma peau de b\u00eate direction Noisiel \u00e0 2 arr\u00eats de chez moi. \u201cPourquoi une peau de b\u00eate ? Tu te crois en f\u00eate m\u00e9di\u00e9vale ?\u201d<\/p>\n<h3>\u201cEt bien totalement, tr\u00e8s cher. Je m\u2019en vais ripailler, puis me rincer la dalle et jouir de ces mirifiques symphonies ma foi bien vari\u00e9s.\u201d<\/h3>\n<p>En effet, c\u2019est l\u2019heure du <em>Cernunnos Pagan Fest<\/em> que j\u2019attendais tant. Nous voyons pr\u00e9sentement des groupes \u00f4 combien diversifi\u00e9s: du folk, du pagan, du pirate et m\u00eame du jeu de r\u00f4le (oui oui, du jeu de r\u00f4le).<br \/>\nA peine arriv\u00e9 sur les lieux, il est frappant de voir \u00e0 quel point les festivaliers sont correctement rang\u00e9s dans le hall. La file d\u2019attente formait une parfaite spirale carr\u00e9e malgr\u00e9 le nombre important de participants. De nombreux festivaliers sont venus habill\u00e9s et d\u00e9guis\u00e9s : chevaliers, princesses, paysans, sorci\u00e8res, vikings et gobelins \u00e9taient pr\u00eats \u00e0 en d\u00e9coudre aujourd\u2019hui.<\/p>\n<p>\u00c9tant arriv\u00e9 \u00e0 13h (soit 1h avant le d\u00e9but des concerts) j\u2019en profite pour aller m\u2019hydrater. Et par Odin, cette fois, je n\u2019aurai pas \u00e0 me contenter de la fameuse \u201cbi\u00e8re de festoche\u201d: blonde et triple de meilleures qualit\u00e9s, ainsi que de l\u2019hypocras et de l\u2019hydromel !<\/p>\n<p>Passons au march\u00e9, bien garni. Ici on ne fait pas les choses \u00e0 moiti\u00e9 : joaillerie, poterie, armures, v\u00eatements, accessoires, boissons. En somme, un vrai march\u00e9 m\u00e9di\u00e9val s\u2019ouvre aux festivaliers ainsi qu\u2019aux personnes ext\u00e9rieures. Une fois d\u00e9pouill\u00e9 de mon portefeuille, je retourne \u00e0 temps pour le d\u00e9but des festivit\u00e9s.<\/p>\n<p>Nous commen\u00e7ons les hostilit\u00e9s avec notre groupe de pirate metal <em>Toter Fisch<\/em>, qui publia son premier EP \u201cBlood, Rum &amp; Piracy\u201d en 2015. Malgr\u00e9 un public en hypothermie, il faut admettre l\u2019\u00e9quipage sait chauffer une salle. En quelques minutes le public se met \u00e0 bouger avec nos musiciens. L\u2019accord\u00e9on-piano nous place tout particuli\u00e8rement dans cette ambiance de pirate \u00e0 la <em>Alestorm<\/em>. L\u2019ouverture du festival s\u2019annonce romanesque.<\/p>\n<p>Changement de d\u00e9cor ensuite avec <em>M\u00f6hrkvlth<\/em>, un groupe de pagan black metal chouan. Les d\u00e9cors soign\u00e9s et une jolie mise en sc\u00e8ne nous permettent de changer progressivement d\u2019ambiance. Le groupe me plonge peu \u00e0 peu dans l\u2019atmosph\u00e8re, qui me d\u00e9connecte du monde ext\u00e9rieur pendant une demi-heure.<\/p>\n<p>La fin du show arrive, je me dirige vers le march\u00e9 m\u00e9di\u00e9val pour ripailler. Je note sur le chemin l\u2019ambiance bonne enfant et role play des festivaliers : le voleur gobelin, le vieux mage qui te barre la route ou encore le chevalier qui fait cuire une saucisse sur le feu avec son \u00e9p\u00e9e. Certains n\u2019avaient que pour seuls habits un kilt.. Et il fait -2\u00b0C !<\/p>\n<p>On oublie ensuite le metal avec <em>PerKelt<\/em>, un groupe folk celtique venu de R\u00e9publique Tch\u00e8que. Ce groupe se compose de trois musiciens : nous avons une chanteuse \/ fl\u00fbtiste, un gratteu et le troisi\u00e8me aux percussions. Comme moi, la plupart des personnes dans la salle ne connaissait pas le trio. Il ne faut point attendre avant que le public suive le rythme. Nos musiciens eurent un succ\u00e8s bien au-del\u00e0 de ses attentes. Une bonne d\u00e9couverte.<\/p>\n<p>Nous voyageons ensuite en Hongrie avec le groupe <em>Dalriada<\/em>. Force est de constater une ambiance de tous les diables. Le pogo \u00e0 foison, les slams dans tous les sens et une m\u00e9lodie \u00e0 faire orgasmer un fan de pagan en rut. A noter la performance de <em>Laura Binder<\/em> qui alterne les chants traditionnel et guttural. Votre chroniqueur pr\u00e9f\u00e9r\u00e9 en est rest\u00e9 amoureux tout le show.<\/p>\n<p>&nbsp;<\/p>\n<h3>On attaque maintenant le plat principal avec nos trois t\u00eates d\u2019affiches.<\/h3>\n<p>D\u2019abord retour dans notre enfance (ou la mienne du moins) avec <em>Naheulband<\/em>. Pour les trop jeunes (ou trop anciens), <em>Naheulband <\/em>est groupe d\u00e9riv\u00e9 de la saga <em>Donjon de Naheulbeuk<\/em>. Il est clair que le groupe remporte l\u2019un des plus grands succ\u00e8s de ce festival. Ce qui est normal compte tenu de la grande majorit\u00e9 de r\u00f4listes pr\u00e9sent. Ayant une interview, je n\u2019ai pas assist\u00e9 \u00e0 l\u2019apog\u00e9e du show, bien que cette derni\u00e8re s\u2019entendait de loin.<\/p>\n<p>&nbsp;<\/p>\n<p>Retour sur du folk metal avec <em>Fejd<\/em>, originaire de Su\u00e8de. Le groupe utilise d\u2019authentiques instruments m\u00e9di\u00e9vaux, comme le moraharpa, la guimbarde ou la vielle \u00e0 roue. Ajoutez \u00e0 cela les mythes nordiques chant\u00e9s par <em>Rimmerfors <\/em>et nous voil\u00e0 sur un vrai champ de bataille ! Le public l\u2019a bien compris et me voil\u00e0 pris en premi\u00e8re ligne d\u2019un <em>wall of death<\/em>. Cela explique, sans doute, mes douleurs du lendemain\u2026<\/p>\n<p>&nbsp;<\/p>\n<p>Nous finissons le show avec <em>T\u00fdr<\/em>, dont j\u2019ai fait l\u2019interview (m\u00eame \u201cl\u2019inT\u00fdrview<em>\u201d<\/em> si je puis dire. Non ? D\u2019accord) durant le passage de <em>Naheulband.<\/em> C\u2019est la t\u00eate d\u2019affiche venue tout droit des \u00eeles F\u00e9ro\u00e9. L\u2019admiration du public se ressent alors. Il faut admettre que le show \u00e9tait \u00e0 la hauteur de nos attentes : la voix de <em>Heri Joensen <\/em>n\u2019a rien \u00e0 envier \u00e0 la version studio. Tout comme la performance de <em>Terji Skiben\u00e6s<\/em> et <em>Gunnar Thomsen <\/em>tr\u00e8s complices avec le public.<\/p>\n<p>&nbsp;<\/p>\n<p>Le groupe f\u00e9ringien marque ainsi la fin du festival et le retour dans le monde moderne. Sorci\u00e8res et chevaliers se dirigent vers la sortie apr\u00e8s un festival remarquable.<\/p>\n<p><span class=\"hightlight\" style=\"background:#333; color:#fff;\">\u201cMortecouille ! Mes affublements ne valent rien face \u00e0 la froidure de l\u2019hiver\u201d.<\/span><\/p>\n<p>Sur le retour, j\u2019accompagne ainsi les vikings dans leur transport bien connu : le RER A.<\/p>\n","protected":false},"excerpt":{"rendered":"<p>Nous sommes le 11 f\u00e9vrier, j\u2019enfile ma peau de b\u00eate direction Noisiel \u00e0 2 arr\u00eats de chez moi. \u201cPourquoi une peau de b\u00eate ? Tu te crois en f\u00eate m\u00e9di\u00e9vale ?\u201d \u201cEt bien totalement, tr\u00e8s cher. Je m\u2019en vais ripailler, puis me rincer la dalle et jouir de ces mirifiques symphonies ma foi bien vari\u00e9s.\u201d En effet, c\u2019est l\u2019heure du Cernunnos Pagan Fest que j\u2019attendais tant. Nous voyons pr\u00e9sentement des groupes \u00f4 combien diversifi\u00e9s: du folk, du pagan, du pirate et m\u00eame du jeu de r\u00f4le (oui oui, du jeu de r\u00f4le). A peine arriv\u00e9 sur les lieux, il est [&hellip;]<\/p>\n","protected":false},"author":35,"featured_media":11562,"comment_status":"open","ping_status":"closed","sticky":false,"template":"","format":"standard","meta":{"_mi_skip_tracking":false,"_monsterinsights_sitenote_active":false,"_monsterinsights_sitenote_note":"","_monsterinsights_sitenote_category":0,"footnotes":""},"categories":[2],"tags":[1479],"class_list":["post-11509","post","type-post","status-publish","format-standard","has-post-thumbnail","hentry","category-live-reports","tag-cernnunos"],"yoast_head":"<!-- This site is optimized with the Yoast SEO plugin v23.9 - https:\/\/yoast.com\/wordpress\/plugins\/seo\/ -->\n<title>Cernunnos Pagan Fest - 2017 - Art&#039;n&#039;Roll Webzine<\/title>\n<meta name=\"description\" content=\"Compte-rendu de la visite de Sounne au Cernunnos pagan fest. Une petite folie m\u00e9di\u00e9vale \u00e0 ne pas rater!\" \/>\n<meta name=\"robots\" content=\"index, follow, max-snippet:-1, max-image-preview:large, max-video-preview:-1\" \/>\n<link rel=\"canonical\" href=\"https:\/\/www.artnroll.net\/home\/?p=11509\" \/>\n<meta property=\"og:locale\" content=\"fr_FR\" \/>\n<meta property=\"og:type\" content=\"article\" \/>\n<meta property=\"og:title\" content=\"Cernunnos Pagan Fest - 2017 - Art&#039;n&#039;Roll Webzine\" \/>\n<meta property=\"og:description\" content=\"Compte-rendu de la visite de Sounne au Cernunnos pagan fest. Une petite folie m\u00e9di\u00e9vale \u00e0 ne pas rater!\" \/>\n<meta property=\"og:url\" content=\"https:\/\/www.artnroll.net\/home\/?p=11509\" \/>\n<meta property=\"og:site_name\" content=\"Art&#039;n&#039;Roll Webzine\" \/>\n<meta property=\"article:publisher\" content=\"https:\/\/www.facebook.com\/artnroll.net\/\" \/>\n<meta property=\"article:published_time\" content=\"2017-02-21T18:37:08+00:00\" \/>\n<meta property=\"article:modified_time\" content=\"2017-02-27T10:47:17+00:00\" \/>\n<meta property=\"og:image\" content=\"https:\/\/www.artnroll.net\/home\/wp-content\/uploads\/2017\/02\/cern-600x263.png\" \/>\n\t<meta property=\"og:image:width\" content=\"600\" \/>\n\t<meta property=\"og:image:height\" content=\"263\" \/>\n\t<meta property=\"og:image:type\" content=\"image\/png\" \/>\n<meta name=\"author\" content=\"Sounne\" \/>\n<meta name=\"twitter:label1\" content=\"\u00c9crit par\" \/>\n\t<meta name=\"twitter:data1\" content=\"Sounne\" \/>\n\t<meta name=\"twitter:label2\" content=\"Dur\u00e9e de lecture estim\u00e9e\" \/>\n\t<meta name=\"twitter:data2\" content=\"5 minutes\" \/>\n<script type=\"application\/ld+json\" class=\"yoast-schema-graph\">{\"@context\":\"https:\/\/schema.org\",\"@graph\":[{\"@type\":\"WebPage\",\"@id\":\"https:\/\/www.artnroll.net\/home\/?p=11509\",\"url\":\"https:\/\/www.artnroll.net\/home\/?p=11509\",\"name\":\"Cernunnos Pagan Fest - 2017 - Art&#039;n&#039;Roll Webzine\",\"isPartOf\":{\"@id\":\"https:\/\/www.artnroll.net\/home\/#website\"},\"primaryImageOfPage\":{\"@id\":\"https:\/\/www.artnroll.net\/home\/?p=11509#primaryimage\"},\"image\":{\"@id\":\"https:\/\/www.artnroll.net\/home\/?p=11509#primaryimage\"},\"thumbnailUrl\":\"https:\/\/www.artnroll.net\/home\/wp-content\/uploads\/2017\/02\/cern.png\",\"datePublished\":\"2017-02-21T18:37:08+00:00\",\"dateModified\":\"2017-02-27T10:47:17+00:00\",\"author\":{\"@id\":\"https:\/\/www.artnroll.net\/home\/#\/schema\/person\/b461e81362ca34f23251e143759edbbe\"},\"description\":\"Compte-rendu de la visite de Sounne au Cernunnos pagan fest. Une petite folie m\u00e9di\u00e9vale \u00e0 ne pas rater!\",\"inLanguage\":\"fr-FR\",\"potentialAction\":[{\"@type\":\"ReadAction\",\"target\":[\"https:\/\/www.artnroll.net\/home\/?p=11509\"]}]},{\"@type\":\"ImageObject\",\"inLanguage\":\"fr-FR\",\"@id\":\"https:\/\/www.artnroll.net\/home\/?p=11509#primaryimage\",\"url\":\"https:\/\/www.artnroll.net\/home\/wp-content\/uploads\/2017\/02\/cern.png\",\"contentUrl\":\"https:\/\/www.artnroll.net\/home\/wp-content\/uploads\/2017\/02\/cern.png\",\"width\":2000,\"height\":875},{\"@type\":\"WebSite\",\"@id\":\"https:\/\/www.artnroll.net\/home\/#website\",\"url\":\"https:\/\/www.artnroll.net\/home\/\",\"name\":\"Art&#039;n&#039;Roll Webzine\",\"description\":\"Webzine on the Rocks\",\"potentialAction\":[{\"@type\":\"SearchAction\",\"target\":{\"@type\":\"EntryPoint\",\"urlTemplate\":\"https:\/\/www.artnroll.net\/home\/?s={search_term_string}\"},\"query-input\":{\"@type\":\"PropertyValueSpecification\",\"valueRequired\":true,\"valueName\":\"search_term_string\"}}],\"inLanguage\":\"fr-FR\"},{\"@type\":\"Person\",\"@id\":\"https:\/\/www.artnroll.net\/home\/#\/schema\/person\/b461e81362ca34f23251e143759edbbe\",\"name\":\"Sounne\",\"image\":{\"@type\":\"ImageObject\",\"inLanguage\":\"fr-FR\",\"@id\":\"https:\/\/www.artnroll.net\/home\/#\/schema\/person\/image\/\",\"url\":\"https:\/\/secure.gravatar.com\/avatar\/4af5d7ae713c90627c57207018911c777746d137fcdbace42c22dd4352bf58c0?s=96&d=mm&r=g\",\"contentUrl\":\"https:\/\/secure.gravatar.com\/avatar\/4af5d7ae713c90627c57207018911c777746d137fcdbace42c22dd4352bf58c0?s=96&d=mm&r=g\",\"caption\":\"Sounne\"},\"url\":\"https:\/\/www.artnroll.net\/home\/?author=35\"}]}<\/script>\n<!-- \/ Yoast SEO plugin. -->","yoast_head_json":{"title":"Cernunnos Pagan Fest - 2017 - Art&#039;n&#039;Roll Webzine","description":"Compte-rendu de la visite de Sounne au Cernunnos pagan fest. Une petite folie m\u00e9di\u00e9vale \u00e0 ne pas rater!","robots":{"index":"index","follow":"follow","max-snippet":"max-snippet:-1","max-image-preview":"max-image-preview:large","max-video-preview":"max-video-preview:-1"},"canonical":"https:\/\/www.artnroll.net\/home\/?p=11509","og_locale":"fr_FR","og_type":"article","og_title":"Cernunnos Pagan Fest - 2017 - Art&#039;n&#039;Roll Webzine","og_description":"Compte-rendu de la visite de Sounne au Cernunnos pagan fest. Une petite folie m\u00e9di\u00e9vale \u00e0 ne pas rater!","og_url":"https:\/\/www.artnroll.net\/home\/?p=11509","og_site_name":"Art&#039;n&#039;Roll Webzine","article_publisher":"https:\/\/www.facebook.com\/artnroll.net\/","article_published_time":"2017-02-21T18:37:08+00:00","article_modified_time":"2017-02-27T10:47:17+00:00","og_image":[{"width":600,"height":263,"url":"https:\/\/www.artnroll.net\/home\/wp-content\/uploads\/2017\/02\/cern-600x263.png","type":"image\/png"}],"author":"Sounne","twitter_misc":{"\u00c9crit par":"Sounne","Dur\u00e9e de lecture estim\u00e9e":"5 minutes"},"schema":{"@context":"https:\/\/schema.org","@graph":[{"@type":"WebPage","@id":"https:\/\/www.artnroll.net\/home\/?p=11509","url":"https:\/\/www.artnroll.net\/home\/?p=11509","name":"Cernunnos Pagan Fest - 2017 - Art&#039;n&#039;Roll Webzine","isPartOf":{"@id":"https:\/\/www.artnroll.net\/home\/#website"},"primaryImageOfPage":{"@id":"https:\/\/www.artnroll.net\/home\/?p=11509#primaryimage"},"image":{"@id":"https:\/\/www.artnroll.net\/home\/?p=11509#primaryimage"},"thumbnailUrl":"https:\/\/www.artnroll.net\/home\/wp-content\/uploads\/2017\/02\/cern.png","datePublished":"2017-02-21T18:37:08+00:00","dateModified":"2017-02-27T10:47:17+00:00","author":{"@id":"https:\/\/www.artnroll.net\/home\/#\/schema\/person\/b461e81362ca34f23251e143759edbbe"},"description":"Compte-rendu de la visite de Sounne au Cernunnos pagan fest. Une petite folie m\u00e9di\u00e9vale \u00e0 ne pas rater!","inLanguage":"fr-FR","potentialAction":[{"@type":"ReadAction","target":["https:\/\/www.artnroll.net\/home\/?p=11509"]}]},{"@type":"ImageObject","inLanguage":"fr-FR","@id":"https:\/\/www.artnroll.net\/home\/?p=11509#primaryimage","url":"https:\/\/www.artnroll.net\/home\/wp-content\/uploads\/2017\/02\/cern.png","contentUrl":"https:\/\/www.artnroll.net\/home\/wp-content\/uploads\/2017\/02\/cern.png","width":2000,"height":875},{"@type":"WebSite","@id":"https:\/\/www.artnroll.net\/home\/#website","url":"https:\/\/www.artnroll.net\/home\/","name":"Art&#039;n&#039;Roll Webzine","description":"Webzine on the Rocks","potentialAction":[{"@type":"SearchAction","target":{"@type":"EntryPoint","urlTemplate":"https:\/\/www.artnroll.net\/home\/?s={search_term_string}"},"query-input":{"@type":"PropertyValueSpecification","valueRequired":true,"valueName":"search_term_string"}}],"inLanguage":"fr-FR"},{"@type":"Person","@id":"https:\/\/www.artnroll.net\/home\/#\/schema\/person\/b461e81362ca34f23251e143759edbbe","name":"Sounne","image":{"@type":"ImageObject","inLanguage":"fr-FR","@id":"https:\/\/www.artnroll.net\/home\/#\/schema\/person\/image\/","url":"https:\/\/secure.gravatar.com\/avatar\/4af5d7ae713c90627c57207018911c777746d137fcdbace42c22dd4352bf58c0?s=96&d=mm&r=g","contentUrl":"https:\/\/secure.gravatar.com\/avatar\/4af5d7ae713c90627c57207018911c777746d137fcdbace42c22dd4352bf58c0?s=96&d=mm&r=g","caption":"Sounne"},"url":"https:\/\/www.artnroll.net\/home\/?author=35"}]}},"_links":{"self":[{"href":"https:\/\/www.artnroll.net\/home\/index.php?rest_route=\/wp\/v2\/posts\/11509","targetHints":{"allow":["GET"]}}],"collection":[{"href":"https:\/\/www.artnroll.net\/home\/index.php?rest_route=\/wp\/v2\/posts"}],"about":[{"href":"https:\/\/www.artnroll.net\/home\/index.php?rest_route=\/wp\/v2\/types\/post"}],"author":[{"embeddable":true,"href":"https:\/\/www.artnroll.net\/home\/index.php?rest_route=\/wp\/v2\/users\/35"}],"replies":[{"embeddable":true,"href":"https:\/\/www.artnroll.net\/home\/index.php?rest_route=%2Fwp%2Fv2%2Fcomments&post=11509"}],"version-history":[{"count":6,"href":"https:\/\/www.artnroll.net\/home\/index.php?rest_route=\/wp\/v2\/posts\/11509\/revisions"}],"predecessor-version":[{"id":11563,"href":"https:\/\/www.artnroll.net\/home\/index.php?rest_route=\/wp\/v2\/posts\/11509\/revisions\/11563"}],"wp:featuredmedia":[{"embeddable":true,"href":"https:\/\/www.artnroll.net\/home\/index.php?rest_route=\/wp\/v2\/media\/11562"}],"wp:attachment":[{"href":"https:\/\/www.artnroll.net\/home\/index.php?rest_route=%2Fwp%2Fv2%2Fmedia&parent=11509"}],"wp:term":[{"taxonomy":"category","embeddable":true,"href":"https:\/\/www.artnroll.net\/home\/index.php?rest_route=%2Fwp%2Fv2%2Fcategories&post=11509"},{"taxonomy":"post_tag","embeddable":true,"href":"https:\/\/www.artnroll.net\/home\/index.php?rest_route=%2Fwp%2Fv2%2Ftags&post=11509"}],"curies":[{"name":"wp","href":"https:\/\/api.w.org\/{rel}","templated":true}]}}